{"id":326076,"date":"2022-04-13T09:32:38","date_gmt":"2022-04-13T07:32:38","guid":{"rendered":"https:\/\/medizinonline.com\/s1-directriz-dores-de-cabeca-associados-ao-uso-excessivo-de-analgesicos-ou-medicamentos-para-enxaquecas\/"},"modified":"2023-01-11T09:08:20","modified_gmt":"2023-01-11T08:08:20","slug":"s1-directriz-dores-de-cabeca-associados-ao-uso-excessivo-de-analgesicos-ou-medicamentos-para-enxaquecas","status":"publish","type":"post","link":"https:\/\/medizinonline.com\/pt-pt\/s1-directriz-dores-de-cabeca-associados-ao-uso-excessivo-de-analgesicos-ou-medicamentos-para-enxaquecas\/","title":{"rendered":"S1 Directriz Dores de cabe\u00e7a associados ao uso excessivo de analg\u00e9sicos ou medicamentos para enxaquecas"},"content":{"rendered":"<p><strong>Sob a lideran\u00e7a de Hans-Christoph Diener, Departamento de Neuroepidemiologia, Instituto de Inform\u00e1tica M\u00e9dica, Biometria e Epidemiologia (IMIBE), Universidade de Duisburg-Essen, e do Prof. Dr. Peter Kropp, Director do Instituto de Psicologia M\u00e9dica e Sociologia M\u00e9dica, Centro M\u00e9dico Universit\u00e1rio Rostock, foi desenvolvida a S1 Guideline on Medication Overuse Headache (MOH).&nbsp;actualizado e publicado. A preval\u00eancia global do MOH situa-se entre 0,7% e 1% e o seu tratamento conduz a custos sociais que s\u00e3o tr\u00eas vezes superiores aos da enxaqueca epis\u00f3dica.<\/strong><\/p>\n<p> <!--more--> <\/p>\n<p><span style=\"color:rgb(34, 34, 34); font-family:helvetica neue,helveticaneue,helvetica,arial,lucida grande,sans-serif\">V\u00e1rias novas descobertas exigiram a revis\u00e3o das directrizes de 2018: A classifica\u00e7\u00e3o de dor de cabe\u00e7a da International Headache Society (IHS) tinha especificado melhor a Medication Overuse Headache (MOH). Al\u00e9m disso, os anticorpos monoclonais contra CGRP ou o receptor CGRP, tais como topiramato e onabotulinumtoxinA, demonstraram ser eficazes n\u00e3o s\u00f3 na profilaxia da enxaqueca cr\u00f3nica, mas tamb\u00e9m no tratamento da dor de cabe\u00e7a causada pelo uso excessivo de analg\u00e9sicos ou de medicamentos para a enxaqueca. No entanto, os autores da directriz sublinham que as medidas n\u00e3o relacionadas com a droga devem complementar a profilaxia de drogas no MOH. O maior risco de reca\u00edda \u00e9 no primeiro ano ap\u00f3s uma interrup\u00e7\u00e3o ou retirada da droga.<\/span><\/p>\n<p><span style=\"color:rgb(34, 34, 34); font-family:helvetica neue,helveticaneue,helvetica,arial,lucida grande,sans-serif\">Fala-se de MOH quando as dores de cabe\u00e7a ocorrem em mais de 15 dias por m\u00eas e s\u00e3o tratadas com um ou mais medicamentos para a dor durante um per\u00edodo de mais de tr\u00eas meses. Para os triptanos, tom\u00e1-los por mais de 10 dias por m\u00eas \u00e9 um pr\u00e9-requisito para o diagn\u00f3stico.<\/span><\/p>\n<p><span style=\"color:rgb(34, 34, 34); font-family:helvetica neue,helveticaneue,helvetica,arial,lucida grande,sans-serif\">Os factores de risco mais importantes para o MOH, de acordo com a directriz, s\u00e3o a dor de cabe\u00e7a prim\u00e1ria pr\u00e9-existente, por exemplo, enxaqueca ou dor de cabe\u00e7a tipo tens\u00e3o, sexo feminino, &gt;10 dias de dor de cabe\u00e7a por m\u00eas, baixo estatuto social, outras perturba\u00e7\u00f5es cr\u00f3nicas da dor, stress, inactividade f\u00edsica, obesidade, tabagismo, comportamento dependente e perturba\u00e7\u00f5es psiqui\u00e1tricas tais como depress\u00e3o ou dist\u00farbios de ansiedade.<\/span><\/p>\n<p><span style=\"color:rgb(34, 34, 34); font-family:helvetica neue,helveticaneue,helvetica,arial,lucida grande,sans-serif\">Al\u00e9m disso, a directriz d\u00e1 uma actualiza\u00e7\u00e3o sobre a terapia, que deve ser levada a cabo em v\u00e1rias fases. A taxa de sucesso de uma tal terapia encenada \u00e9 de cerca de 50-70% ap\u00f3s 6 a 12 meses. Especialmente em pacientes com uso excessivo de opi\u00e1ceos, h\u00e1 uma elevada taxa de recidivas. Os n\u00edveis incluem:<\/span><\/p>\n<ul>\n<li><span style=\"color:rgb(34, 34, 34); font-family:helvetica neue,helveticaneue,helvetica,arial,lucida grande,sans-serif\">Os pacientes com uso excessivo de medicamentos (MO) ou dor de cabe\u00e7a com uso excessivo de medicamentos (MOH) devem primeiro ser educados sobre a rela\u00e7\u00e3o entre o uso frequente de medicamentos sintom\u00e1ticos para a dor de cabe\u00e7a e a cr\u00f3nica da dor de cabe\u00e7a. O objectivo \u00e9 reduzir e limitar a utiliza\u00e7\u00e3o de medicamentos agudos.<\/span><\/li>\n<li><span style=\"color:rgb(34, 34, 34); font-family:helvetica neue,helveticaneue,helvetica,arial,lucida grande,sans-serif\">Numa segunda fase, a profilaxia deve ser iniciada em doentes com enxaqueca e uso excessivo de analg\u00e9sicos ou medicamentos para enxaquecas (MOH). Topiramato, onabotulinumtoxinA e os anticorpos monoclonais contra CGRP ou o receptor CGRP tamb\u00e9m podem ser eficazes durante o uso excessivo do medicamento existente. Para pacientes com dores de cabe\u00e7a tipo tens\u00e3o, a medica\u00e7\u00e3o profil\u00e1ctica \u00e9 amitriptilina. A profilaxia de drogas deve ser complementada por medidas n\u00e3o relacionadas com a droga.<\/span><\/li>\n<li><span style=\"color:rgb(34, 34, 34); font-family:helvetica neue,helveticaneue,helvetica,arial,lucida grande,sans-serif\">Para pacientes para os quais a educa\u00e7\u00e3o e a profilaxia de medicamentos n\u00e3o s\u00e3o suficientes, uma alternativa \u00e9 uma pausa de medica\u00e7\u00e3o, que deve ser realizada em ambulat\u00f3rio, cl\u00ednica diurna ou em regime de internamento, dependendo da constela\u00e7\u00e3o.&nbsp;<\/span><\/li>\n<li><span style=\"color:rgb(34, 34, 34); font-family:helvetica neue,helveticaneue,helvetica,arial,lucida grande,sans-serif\">Deve ser previsto tratamento de retirada em regime de internamento para aqueles com dores de cabe\u00e7a devido \u00e0 utiliza\u00e7\u00e3o excessiva de opi\u00e1ceos.&nbsp;<\/span><\/li>\n<li><span style=\"color:rgb(34, 34, 34); font-family:helvetica neue,helveticaneue,helvetica,arial,lucida grande,sans-serif\">Os antidepressivos tric\u00edclicos, neurol\u00e9pticos (antiem\u00e9ticos) e a administra\u00e7\u00e3o de ester\u00f3ides s\u00e3o recomendados para o tratamento de sintomas de abstin\u00eancia ou dores de cabe\u00e7a durante a pausa da medica\u00e7\u00e3o.<\/span><\/li>\n<li><span style=\"color:rgb(34, 34, 34); font-family:helvetica neue,helveticaneue,helvetica,arial,lucida grande,sans-serif\">Uma educa\u00e7\u00e3o consistente do paciente e um acompanhamento mais pr\u00f3ximo reduzem o risco de reca\u00edda.<\/span><\/li>\n<\/ul>\n<p>\n<span style=\"color:rgb(34, 34, 34); font-family:helvetica neue,helveticaneue,helvetica,arial,lucida grande,sans-serif\">&#8220;A import\u00e2ncia da directriz reside no facto de chamar a aten\u00e7\u00e3o para o problema do MS e tamb\u00e9m sensibilizar os m\u00e9dicos para o problema&#8221;, explica o autor da directriz, Diener.<\/span><\/p>\n<p>&nbsp;<\/p>\n<h5 id=\"publicacao-original\"><span style=\"font-size:14px\">Publica\u00e7\u00e3o original:<\/span><\/h5>\n<p><a href=\"https:\/\/dgn.org\/leitlinien\/ll-030-131-kopfschmerz-bei-uebergebrauch-von-schmerz-oder-migraenemitteln\/\" style=\"box-sizing: border-box; color: rgb(27, 123, 69); text-decoration: none; line-height: inherit; outline: none 0px;\" target=\"_new\" rel=\"noopener\"><span style=\"color:#000000\">https:\/\/dgn.org\/leitlinien\/ll-030-131-kopfschmerz-bei-uebergebrauch-von-schmerz-&#8230;<\/span><\/a><\/p>\n","protected":false},"excerpt":{"rendered":"<p>Sob a lideran\u00e7a de Hans-Christoph Diener, Departamento de Neuroepidemiologia, Instituto de Inform\u00e1tica M\u00e9dica, Biometria e Epidemiologia (IMIBE), Universidade de Duisburg-Essen, e do Prof. Dr. Peter Kropp, Director do Instituto de&hellip;<\/p>\n","protected":false},"author":16,"featured_media":119672,"comment_status":"closed","ping_status":"closed","sticky":false,"template":"","format":"standard","meta":{"_acf_changed":false,"pmpro_default_level":"","cat_1_feature_home_top":false,"cat_2_editor_pick":false,"csco_eyebrow_text":"Actualiza\u00e7\u00e3o","footnotes":""},"category":[11374,11517,11551],"tags":[],"powerkit_post_featured":[],"class_list":["post-326076","post","type-post","status-publish","format-standard","has-post-thumbnail","category-neurologia-pt-pt","category-noticias-pt-pt","category-rx-pt","pmpro-has-access"],"acf":[],"publishpress_future_action":{"enabled":false,"date":"2026-05-06 21:39:39","action":"change-status","newStatus":"draft","terms":[],"taxonomy":"category","extraData":[]},"publishpress_future_workflow_manual_trigger":{"enabledWorkflows":[]},"wpml_current_locale":"pt_PT","wpml_translations":{"es_ES":{"locale":"es_ES","id":326084,"slug":"directriz-s1-cefalea-asociada-al-uso-excesivo-de-analgesicos-o-medicamentos-para-la-migrana","post_title":"Directriz S1 Cefalea asociada al uso excesivo de analg\u00e9sicos o medicamentos para la migra\u00f1a","href":"https:\/\/medizinonline.com\/es\/directriz-s1-cefalea-asociada-al-uso-excesivo-de-analgesicos-o-medicamentos-para-la-migrana\/"}},"_links":{"self":[{"href":"https:\/\/medizinonline.com\/pt-pt\/wp-json\/wp\/v2\/posts\/326076","targetHints":{"allow":["GET"]}}],"collection":[{"href":"https:\/\/medizinonline.com\/pt-pt\/wp-json\/wp\/v2\/posts"}],"about":[{"href":"https:\/\/medizinonline.com\/pt-pt\/wp-json\/wp\/v2\/types\/post"}],"author":[{"embeddable":true,"href":"https:\/\/medizinonline.com\/pt-pt\/wp-json\/wp\/v2\/users\/16"}],"replies":[{"embeddable":true,"href":"https:\/\/medizinonline.com\/pt-pt\/wp-json\/wp\/v2\/comments?post=326076"}],"version-history":[{"count":1,"href":"https:\/\/medizinonline.com\/pt-pt\/wp-json\/wp\/v2\/posts\/326076\/revisions"}],"predecessor-version":[{"id":326119,"href":"https:\/\/medizinonline.com\/pt-pt\/wp-json\/wp\/v2\/posts\/326076\/revisions\/326119"}],"wp:featuredmedia":[{"embeddable":true,"href":"https:\/\/medizinonline.com\/pt-pt\/wp-json\/wp\/v2\/media\/119672"}],"wp:attachment":[{"href":"https:\/\/medizinonline.com\/pt-pt\/wp-json\/wp\/v2\/media?parent=326076"}],"wp:term":[{"taxonomy":"category","embeddable":true,"href":"https:\/\/medizinonline.com\/pt-pt\/wp-json\/wp\/v2\/category?post=326076"},{"taxonomy":"post_tag","embeddable":true,"href":"https:\/\/medizinonline.com\/pt-pt\/wp-json\/wp\/v2\/tags?post=326076"},{"taxonomy":"powerkit_post_featured","embeddable":true,"href":"https:\/\/medizinonline.com\/pt-pt\/wp-json\/wp\/v2\/powerkit_post_featured?post=326076"}],"curies":[{"name":"wp","href":"https:\/\/api.w.org\/{rel}","templated":true}]}}