{"id":326163,"date":"2022-04-08T01:00:00","date_gmt":"2022-04-07T23:00:00","guid":{"rendered":"https:\/\/medizinonline.com\/o-jacto-de-plasma-a-frio-acelera-a-cicatrizacao-de-feridas\/"},"modified":"2022-04-08T01:00:00","modified_gmt":"2022-04-07T23:00:00","slug":"o-jacto-de-plasma-a-frio-acelera-a-cicatrizacao-de-feridas","status":"publish","type":"post","link":"https:\/\/medizinonline.com\/pt-pt\/o-jacto-de-plasma-a-frio-acelera-a-cicatrizacao-de-feridas\/","title":{"rendered":"O jacto de plasma a frio acelera a cicatriza\u00e7\u00e3o de feridas"},"content":{"rendered":"<p><strong>As feridas cr\u00f3nicas est\u00e3o frequentemente associadas a uma elevada morbilidade e a uma consider\u00e1vel deteriora\u00e7\u00e3o da vida di\u00e1ria dos pacientes. Num estudo cl\u00ednico comparativo, o tratamento com um procedimento inovador de jacto de plasma a frio resultou numa melhoria significativa no encerramento de feridas e no controlo de infec\u00e7\u00f5es. O tratamento com plasma frio tamb\u00e9m provou ser rent\u00e1vel e bem tolerado.<\/strong><\/p>\n<p> <!--more--> <\/p>\n<p><em>(vermelho) <\/em>Na revista  <em>Nature Scientific Reports<\/em>, o grande potencial do jacto de plasma frio para a gest\u00e3o de feridas cr\u00f3nicas foi mais uma vez demonstrado.  [1,2]. Isto confirma as anteriores descobertas promissoras deste m\u00e9todo de tratamento inovador [3]. No estudo realizado pela Prim. Robert Strohal, chefe do Departamento de Dermatologia e Venereologia do Landeskrankenhaus Feldkirch (A), foi testada a terapia de feridas com o jacto de plasma frio kINPen.<sup>\u00ae<\/sup> MED em compara\u00e7\u00e3o com as melhores pr\u00e1ticas actuais de tratamento em pacientes com feridas infectadas e n\u00e3o infectadas.&nbsp;[1,2]. &#8220;Este estudo foi o primeiro a investigar o efeito exclusivo do plasma frio acess\u00edvel aos tecidos na cicatriza\u00e7\u00e3o de feridas e no controlo de infec\u00e7\u00f5es sem o uso de terapia padr\u00e3o adicional&#8221;, disse o Prof. Strohal [1,2]. O plasma frio \u00e9 um g\u00e1s com \u00e1tomos ionizados, i\u00f5es e electr\u00f5es que demonstrou desinfectar feridas e activar o processo de cicatriza\u00e7\u00e3o de feridas. Com o seu jacto fino, o Plasmajet kINPen\u00ae MED permite um tratamento altamente preciso sob controlo visual e sem tocar.<\/p>\n<h2 id=\"ensaio-controlado-aleatorio\">Ensaio controlado aleat\u00f3rio<\/h2>\n<p>O ensaio cl\u00ednico incluiu 78 pacientes com feridas at\u00e9 10\u00d720&nbsp;cm de tamanho e existentes h\u00e1 pelo menos 6&nbsp;semanas [1,2]. Os participantes foram aleatorizados 1:1 em dois grupos e tratados durante o per\u00edodo de estudo de 6 semanas com o jacto de plasma frio kINPen\u00ae MED (30 segundos por cm2 de \u00e1rea da ferida) ou um penso adequado de acordo com as melhores pr\u00e1ticas de cuidados padr\u00e3o (BP). Para pacientes com feridas m\u00faltiplas, apenas uma ferida foi avaliada de cada vez.<\/p>\n<p>A terapia com jacto de plasma frio foi administrada no grupo de plasma frio (CAP) tr\u00eas vezes&nbsp;na primeira semana&nbsp;, duas vezes na segunda semana e uma vez&nbsp;semanalmente no per\u00edodo de observa\u00e7\u00e3o seguinte, al\u00e9m disso, as feridas foram cobertas com gaze, bem como um penso secund\u00e1rio. No grupo de melhores pr\u00e1ticas, por outro lado, o tratamento foi realizado com uma sobreposi\u00e7\u00e3o de fases adaptada \u00e0 ferida. As feridas infectadas foram tamb\u00e9m limpas com um anti-s\u00e9ptico. Em ambos os grupos, os doentes com \u00falceras venosas receberam terapia de compress\u00e3o.<\/p>\n<h2 id=\"alta-taxa-de-cura-completa\">Alta taxa de cura completa<\/h2>\n<p>Sob plasma frio, 59% de todas as feridas foram completamente curadas em seis semanas; no grupo das melhores pr\u00e1ticas, esta propor\u00e7\u00e3o foi de 5,1% <span style=\"font-family:franklin gothic demi\">(Fig. 1) <\/span>[1,2]. Al\u00e9m disso, as infec\u00e7\u00f5es de feridas resolvidas estatisticamente de forma significativamente mais r\u00e1pida sob plasma frio. A propor\u00e7\u00e3o de tecido saud\u00e1vel aumentou significativamente mais rapidamente ap\u00f3s o tratamento com o jacto de plasma frio do que no grupo de compara\u00e7\u00e3o. No final do estudo, a \u00e1rea da ferida no grupo do plasma frio tinha diminu\u00eddo 94,7% em rela\u00e7\u00e3o \u00e0 linha de base, em compara\u00e7\u00e3o com apenas 56,3% no grupo de compara\u00e7\u00e3o.<\/p>\n<p>&nbsp;<\/p>\n<p><img fetchpriority=\"high\" decoding=\"async\" class=\" size-full wp-image-18743\" alt=\"\" src=\"https:\/\/medizinonline.com\/wp-content\/uploads\/2022\/04\/abb1_hp3_s51.png\" style=\"height:367px; width:600px\" width=\"1100\" height=\"672\"><\/p>\n<p>&nbsp;<\/p>\n<h2 id=\"o-jacto-de-plasma-frio-tambem-e-superior-em-termos-de-controlo-de-infeccoes\">O jacto de plasma frio tamb\u00e9m \u00e9 superior em termos de controlo de infec\u00e7\u00f5es<\/h2>\n<p>Em todas as 13 feridas infectadas na linha de base no grupo da PAC, a resolu\u00e7\u00e3o completa dos sinais de infec\u00e7\u00e3o foi alcan\u00e7ada sem a necessidade de anti-s\u00e9pticos adicionais [1,2]. Em contraste, 4&nbsp;das 18 feridas infectadas na linha de base no grupo BP n\u00e3o mostraram qualquer melhoria, apesar da utiliza\u00e7\u00e3o de anti-s\u00e9pticos. Al\u00e9m disso, os sinais de infec\u00e7\u00e3o diminu\u00edram estatisticamente mais rapidamente sob terapia de jacto de plasma frio do que sob terapia de BP. Estes dados confirmam as provas j\u00e1 publicadas sobre a boa efic\u00e1cia antimicrobiana da PAC.<\/p>\n<h2 id=\"elevados-indices-de-satisfacao-dos-pacientes-e-eficiencia-de-custos\">Elevados \u00edndices de satisfa\u00e7\u00e3o dos pacientes e efici\u00eancia de custos<\/h2>\n<p>A cura mais r\u00e1pida da ferida e, portanto, a dura\u00e7\u00e3o mais curta da terapia quando se utiliza o Plasmajet kINPen\u00ae MED pode melhorar significativamente a qualidade de vida [1,2]. Os pacientes confirmam a muito boa toler\u00e2ncia e at\u00e9 descreveram o tratamento como agrad\u00e1vel na maioria dos casos. Uma an\u00e1lise custo-efic\u00e1cia dos dados do estudo mostrou adicionalmente uma economia de custos de 6% para o material de penso em compara\u00e7\u00e3o com o grupo de compara\u00e7\u00e3o. Al\u00e9m disso, foram necess\u00e1rias 21,4% menos consultas m\u00e9dicas e 34,3% menos trocas de curativos no grupo de plasma frio. A poupan\u00e7a apenas no material de curativo resultou numa vantagem de custo para a terapia a jacto de plasma frio de 64,7% em compara\u00e7\u00e3o com as melhores pr\u00e1ticas.<\/p>\n<p>&nbsp;<\/p>\n<p><em>Fonte:&nbsp;neoplas med GmbH<\/em><\/p>\n<p>&nbsp;<\/p>\n<p>Literatura:<\/p>\n<ol>\n<li>&#8220;Superioridade da terapia a jacto de plasma frio no tratamento de feridas cr\u00f3nicas comprovada por estudo padr\u00e3o de ouro&#8221;, neoplasia med GmbH, 07.03.2022<\/li>\n<li>Strohal R, et al: Feridas cr\u00f3nicas tratadas com jacto de plasma atmosf\u00e9rico frio versus curativos de feridas das melhores pr\u00e1ticas: um ensaio multic\u00eantrico, aleat\u00f3rio, n\u00e3o-inferiorit\u00e1rio. Relat\u00f3rios cient\u00edficos; 2022; DOI: 10.1038\/s41598-022-07333-x.<\/li>\n<li>Stratmann B, et al: Effect of Cold Atmospheric Plasma Therapy vs Standard Therapy Placebo on Wound Healing in Patients With Diabetic Foot Ulcers: A Randomized Clinical Trial. JAMA Network Open 2020; 3(7):&nbsp;e2010411.<\/li>\n<\/ol>\n<p>&nbsp;<\/p>\n<p><em>PR\u00c1TICA DO GP 2022; 17(3): 51<br \/>\nPR\u00c1TICA DA DERMATOLOGIA 2022; 32(2): 19<\/em><\/p>\n","protected":false},"excerpt":{"rendered":"<p>As feridas cr\u00f3nicas est\u00e3o frequentemente associadas a uma elevada morbilidade e a uma consider\u00e1vel deteriora\u00e7\u00e3o da vida di\u00e1ria dos pacientes. Num estudo cl\u00ednico comparativo, o tratamento com um procedimento inovador&hellip;<\/p>\n","protected":false},"author":7,"featured_media":118782,"comment_status":"closed","ping_status":"","sticky":false,"template":"","format":"standard","meta":{"_acf_changed":false,"pmpro_default_level":"","cat_1_feature_home_top":false,"cat_2_editor_pick":false,"csco_eyebrow_text":"Feridas cr\u00f3nicas","footnotes":""},"category":[11356,11397,11521,11463,11305,11542,11551],"tags":[13638,16321,16319],"powerkit_post_featured":[],"class_list":["post-326163","post","type-post","status-publish","format-standard","has-post-thumbnail","category-dermatologia-e-venereologia-pt-pt","category-endocrinologia-e-diabetologia-2","category-estudos","category-medicina-fisica-e-reabilitacao","category-medicina-interna-geral","category-mercado-medicina","category-rx-pt","tag-feridas-cronicas","tag-plasma-frio","tag-tratamento-de-feridas","pmpro-has-access"],"acf":[],"publishpress_future_action":{"enabled":false,"date":"2026-05-06 04:28:15","action":"change-status","newStatus":"draft","terms":[],"taxonomy":"category","extraData":[]},"publishpress_future_workflow_manual_trigger":{"enabledWorkflows":[]},"wpml_current_locale":"pt_PT","wpml_translations":{"es_ES":{"locale":"es_ES","id":326168,"slug":"un-chorro-de-plasma-frio-acelera-la-cicatrizacion-de-heridas","post_title":"Un chorro de plasma fr\u00edo acelera la cicatrizaci\u00f3n de heridas","href":"https:\/\/medizinonline.com\/es\/un-chorro-de-plasma-frio-acelera-la-cicatrizacion-de-heridas\/"}},"_links":{"self":[{"href":"https:\/\/medizinonline.com\/pt-pt\/wp-json\/wp\/v2\/posts\/326163","targetHints":{"allow":["GET"]}}],"collection":[{"href":"https:\/\/medizinonline.com\/pt-pt\/wp-json\/wp\/v2\/posts"}],"about":[{"href":"https:\/\/medizinonline.com\/pt-pt\/wp-json\/wp\/v2\/types\/post"}],"author":[{"embeddable":true,"href":"https:\/\/medizinonline.com\/pt-pt\/wp-json\/wp\/v2\/users\/7"}],"replies":[{"embeddable":true,"href":"https:\/\/medizinonline.com\/pt-pt\/wp-json\/wp\/v2\/comments?post=326163"}],"version-history":[{"count":0,"href":"https:\/\/medizinonline.com\/pt-pt\/wp-json\/wp\/v2\/posts\/326163\/revisions"}],"wp:featuredmedia":[{"embeddable":true,"href":"https:\/\/medizinonline.com\/pt-pt\/wp-json\/wp\/v2\/media\/118782"}],"wp:attachment":[{"href":"https:\/\/medizinonline.com\/pt-pt\/wp-json\/wp\/v2\/media?parent=326163"}],"wp:term":[{"taxonomy":"category","embeddable":true,"href":"https:\/\/medizinonline.com\/pt-pt\/wp-json\/wp\/v2\/category?post=326163"},{"taxonomy":"post_tag","embeddable":true,"href":"https:\/\/medizinonline.com\/pt-pt\/wp-json\/wp\/v2\/tags?post=326163"},{"taxonomy":"powerkit_post_featured","embeddable":true,"href":"https:\/\/medizinonline.com\/pt-pt\/wp-json\/wp\/v2\/powerkit_post_featured?post=326163"}],"curies":[{"name":"wp","href":"https:\/\/api.w.org\/{rel}","templated":true}]}}