{"id":326301,"date":"2022-03-23T14:00:00","date_gmt":"2022-03-23T13:00:00","guid":{"rendered":"https:\/\/medizinonline.com\/investigacao-de-extractos-bacterianos-na-luta-contra-o-coronavirus\/"},"modified":"2022-03-23T14:00:00","modified_gmt":"2022-03-23T13:00:00","slug":"investigacao-de-extractos-bacterianos-na-luta-contra-o-coronavirus","status":"publish","type":"post","link":"https:\/\/medizinonline.com\/pt-pt\/investigacao-de-extractos-bacterianos-na-luta-contra-o-coronavirus\/","title":{"rendered":"Investiga\u00e7\u00e3o de extractos bacterianos na luta contra o coronav\u00edrus"},"content":{"rendered":"<p><strong>O lisado bacteriano OM-85 induziu in vitro no tecido epitelial humano dos \u00f3rg\u00e3os alvo do novo v\u00edrus corona uma desregula\u00e7\u00e3o da ACE2 e TMPRSS2 &#8211; duas enzimas altamente relevantes para a infec\u00e7\u00e3o por SRA-CoV-2. Isto foi encontrado por um grupo de investigadores americanos num estudo baseado em laborat\u00f3rio publicado no <em>Journal of Allergy and Clinical Immunology <\/em>.<\/strong><\/p>\n<p> <!--more--> <\/p>\n<p>O SARS-CoV-2 liga-se ao receptor de superf\u00edcie celular ACE2 (&#8220;angiotensin-converting enzyme&#8221;) com a ajuda da prote\u00edna do espig\u00e3o. Esta enzima \u00e9 encontrada em alta densidade no tecido pulmonar. O coronav\u00edrus \u00e9 introduzido na c\u00e9lula por endocitose ou por fus\u00e3o do envelope viral com a membrana celular mediada pela transmembrana serina protease 2 (TMPRSS2). O receptor ACE2 como linchamento da infec\u00e7\u00e3o por SRA-CoV-2 \u00e9 o ponto de partida para uma estrat\u00e9gia de interven\u00e7\u00e3o utilizando o lisado bacteriano OM-85.<\/p>\n<h2 id=\"descoberta-in-vitro-om-85-inibe-a-sars-cov-2-no-epitelio-pulmonar-humano\">descoberta in vitro: OM-85 inibe a SARS-CoV-2 no epit\u00e9lio pulmonar humano<\/h2>\n<p>Desde o surto da pandemia de corona, uma equipa de investiga\u00e7\u00e3o na Universidade do Arizona&nbsp; (EUA) liderada pelo Prof. Donata Vercelli e pelo Prof. Vadim Pivniouk tem vindo a investigar, com base em dados de estudos de preven\u00e7\u00e3o da asma, se o tratamento com o lisado bacteriano OM-85 pode influenciar o receptor ACE2 na covid-19 [1]. A ideia \u00e9 que o porto de entrada seja deslocado da parede celular para que o v\u00edrus n\u00e3o se possa ligar a qualquer estrutura <span style=\"font-family:franklin gothic demi\">(Fig.&nbsp;1)<\/span>. OM-85 (Broncho-Vaxom\u00ae) \u00e9 um imunoestimulante em forma de c\u00e1psula aprovado na Su\u00ed\u00e7a para o tratamento preventivo das infec\u00e7\u00f5es do tracto respirat\u00f3rio superior [2].<\/p>\n<p>&nbsp;<\/p>\n<p><img fetchpriority=\"high\" decoding=\"async\" class=\" size-full wp-image-18681\" alt=\"\" src=\"https:\/\/medizinonline.com\/wp-content\/uploads\/2022\/03\/abb1_hp3_s28.png\" style=\"height:359px; width:600px\" width=\"1100\" height=\"658\" srcset=\"https:\/\/medizinonline.com\/wp-content\/uploads\/2022\/03\/abb1_hp3_s28.png 1100w, https:\/\/medizinonline.com\/wp-content\/uploads\/2022\/03\/abb1_hp3_s28-800x479.png 800w, https:\/\/medizinonline.com\/wp-content\/uploads\/2022\/03\/abb1_hp3_s28-120x72.png 120w, https:\/\/medizinonline.com\/wp-content\/uploads\/2022\/03\/abb1_hp3_s28-90x54.png 90w, https:\/\/medizinonline.com\/wp-content\/uploads\/2022\/03\/abb1_hp3_s28-320x191.png 320w, https:\/\/medizinonline.com\/wp-content\/uploads\/2022\/03\/abb1_hp3_s28-560x335.png 560w\" sizes=\"(max-width: 1100px) 100vw, 1100px\" \/><\/p>\n<p>&nbsp;<\/p>\n<p>As c\u00e9lulas do epit\u00e9lio pulmonar humano s\u00e3o uma estrutura alvo da SRA-CoV-2, raz\u00e3o pela qual os investigadores se concentraram nela [3]. As c\u00e9lulas epiteliais br\u00f4nquicas foram isoladas de um ser humano saud\u00e1vel e cultivadas em culturas de c\u00e9lulas inseridas com membrana de poli\u00e9ster na interface ar-l\u00edquido durante o per\u00edodo de 2 semanas. Ap\u00f3s 48- ou 72-h de pr\u00e9-incuba\u00e7\u00e3o com tamp\u00e3o fosfato salino (PBS) ou OM-85 (1,92 mg\/ml), os n\u00edveis de mRNA de ACE2 e TMPRSS-2 foram medidos por PCR-quantitativa RT. Foi observada uma inibi\u00e7\u00e3o significativa da ECA2 ap\u00f3s 48 h e ap\u00f3s 72 h (p=0,01 e p=0,005, respectivamente), uma inibi\u00e7\u00e3o significativa do TMPRSS2 apenas ap\u00f3s 72 h (p=0,04) [3]<span style=\"font-family:franklin gothic demi\"> (Fig.&nbsp;2) <\/span>.  <\/p>\n<p>&nbsp;<\/p>\n<p><img decoding=\"async\" class=\"size-full wp-image-18682 lazyload\" alt=\"\" data-src=\"https:\/\/medizinonline.com\/wp-content\/uploads\/2022\/03\/abb2_hp3_s28.png\" style=\"--smush-placeholder-width: 1100px; --smush-placeholder-aspect-ratio: 1100\/756;height:412px; width:600px\" width=\"1100\" height=\"756\" data-srcset=\"https:\/\/medizinonline.com\/wp-content\/uploads\/2022\/03\/abb2_hp3_s28.png 1100w, https:\/\/medizinonline.com\/wp-content\/uploads\/2022\/03\/abb2_hp3_s28-800x550.png 800w, https:\/\/medizinonline.com\/wp-content\/uploads\/2022\/03\/abb2_hp3_s28-120x82.png 120w, https:\/\/medizinonline.com\/wp-content\/uploads\/2022\/03\/abb2_hp3_s28-90x62.png 90w, https:\/\/medizinonline.com\/wp-content\/uploads\/2022\/03\/abb2_hp3_s28-320x220.png 320w, https:\/\/medizinonline.com\/wp-content\/uploads\/2022\/03\/abb2_hp3_s28-560x385.png 560w\" data-sizes=\"(max-width: 1100px) 100vw, 1100px\" src=\"data:image\/svg+xml;base64,PHN2ZyB3aWR0aD0iMSIgaGVpZ2h0PSIxIiB4bWxucz0iaHR0cDovL3d3dy53My5vcmcvMjAwMC9zdmciPjwvc3ZnPg==\" \/><\/p>\n<p>&nbsp;<\/p>\n<p>O passo seguinte foi analisar se a transcri\u00e7\u00e3o reduzida do receptor do SRA-CoV-2 estava associada a n\u00edveis reduzidos da prote\u00edna receptora na superf\u00edcie celular. As c\u00e9lulas Vero E6 e Calu-3 foram pr\u00e9-incubadas com PBS ou OM-85 (0,48 e 1,92&nbsp;mg\/ml) durante 72&nbsp;h e analisadas por citometria de fluxo [3]. O tratamento com OM-85 reduziu significativamente e de forma dose-dependente tanto a intensidade m\u00e9dia de fluoresc\u00eancia&nbsp;da ACE2 como a percentagem de c\u00e9lulas ACE2-positivas de ambas as linhas celulares. Outras an\u00e1lises mostraram que o OM-85 tamb\u00e9m pode inibir a infec\u00e7\u00e3o por SRA-CoV-2 em c\u00e9lulas epiteliais de outros tecidos in vitro, tais como tecido renal [3].<\/p>\n<p>&nbsp;<\/p>\n<p>Literatura:<\/p>\n<ol>\n<li>&#8220;Extractos bacterianos do tracto respirat\u00f3rio podem impedir a COVID-19, Study Finds&#8221;, Universidade do Arizona, 13 de Dezembro de 2021.<\/li>\n<li>Informa\u00e7\u00e3o sobre drogas, www.swissmedicinfo.ch (\u00faltimo acesso 28.02.2022)<\/li>\n<li>Pivniouk V, et al: Allergy Clin Immunol 2021 Dec, doi: 10.1016\/j.jaci.2021.11.019.<\/li>\n<\/ol>\n<p>&nbsp;<\/p>\n<p><em>PR\u00c1TICA DO GP 2022; 17(3): 28<br \/>\nInFo PNEUMOLOGIA &amp; ALERGOLOGIA 2022; 4(2): 37<\/em><\/p>\n","protected":false},"excerpt":{"rendered":"<p>O lisado bacteriano OM-85 induziu in vitro no tecido epitelial humano dos \u00f3rg\u00e3os alvo do novo v\u00edrus corona uma desregula\u00e7\u00e3o da ACE2 e TMPRSS2 &#8211; duas enzimas altamente relevantes para&hellip;<\/p>\n","protected":false},"author":7,"featured_media":118309,"comment_status":"closed","ping_status":"","sticky":false,"template":"","format":"standard","meta":{"_acf_changed":false,"pmpro_default_level":"","cat_1_feature_home_top":false,"cat_2_editor_pick":false,"csco_eyebrow_text":"SRA-CoV-2  ","footnotes":""},"category":[11521,11524,11421,11305,11517,11547,11551],"tags":[13213,13217,13079],"powerkit_post_featured":[],"class_list":["post-326301","post","type-post","status-publish","format-standard","has-post-thumbnail","category-estudos","category-formacao-continua","category-infecciologia","category-medicina-interna-geral","category-noticias-pt-pt","category-pneumologia-pt-pt","category-rx-pt","tag-corona-pt-pt","tag-covid-pt-pt","tag-sars-cov-2-pt-pt","pmpro-has-access"],"acf":[],"publishpress_future_action":{"enabled":false,"date":"2026-05-04 08:09:28","action":"change-status","newStatus":"draft","terms":[],"taxonomy":"category","extraData":[]},"publishpress_future_workflow_manual_trigger":{"enabledWorkflows":[]},"wpml_current_locale":"pt_PT","wpml_translations":{"es_ES":{"locale":"es_ES","id":326306,"slug":"investigacion-sobre-extractos-bacterianos-en-la-lucha-contra-el-coronavirus","post_title":"Investigaci\u00f3n sobre extractos bacterianos en la lucha contra el coronavirus","href":"https:\/\/medizinonline.com\/es\/investigacion-sobre-extractos-bacterianos-en-la-lucha-contra-el-coronavirus\/"}},"_links":{"self":[{"href":"https:\/\/medizinonline.com\/pt-pt\/wp-json\/wp\/v2\/posts\/326301","targetHints":{"allow":["GET"]}}],"collection":[{"href":"https:\/\/medizinonline.com\/pt-pt\/wp-json\/wp\/v2\/posts"}],"about":[{"href":"https:\/\/medizinonline.com\/pt-pt\/wp-json\/wp\/v2\/types\/post"}],"author":[{"embeddable":true,"href":"https:\/\/medizinonline.com\/pt-pt\/wp-json\/wp\/v2\/users\/7"}],"replies":[{"embeddable":true,"href":"https:\/\/medizinonline.com\/pt-pt\/wp-json\/wp\/v2\/comments?post=326301"}],"version-history":[{"count":0,"href":"https:\/\/medizinonline.com\/pt-pt\/wp-json\/wp\/v2\/posts\/326301\/revisions"}],"wp:featuredmedia":[{"embeddable":true,"href":"https:\/\/medizinonline.com\/pt-pt\/wp-json\/wp\/v2\/media\/118309"}],"wp:attachment":[{"href":"https:\/\/medizinonline.com\/pt-pt\/wp-json\/wp\/v2\/media?parent=326301"}],"wp:term":[{"taxonomy":"category","embeddable":true,"href":"https:\/\/medizinonline.com\/pt-pt\/wp-json\/wp\/v2\/category?post=326301"},{"taxonomy":"post_tag","embeddable":true,"href":"https:\/\/medizinonline.com\/pt-pt\/wp-json\/wp\/v2\/tags?post=326301"},{"taxonomy":"powerkit_post_featured","embeddable":true,"href":"https:\/\/medizinonline.com\/pt-pt\/wp-json\/wp\/v2\/powerkit_post_featured?post=326301"}],"curies":[{"name":"wp","href":"https:\/\/api.w.org\/{rel}","templated":true}]}}