{"id":326359,"date":"2022-03-14T08:50:46","date_gmt":"2022-03-14T07:50:46","guid":{"rendered":"https:\/\/medizinonline.com\/13o-sfmad-da-sociedade-suica-para-a-ansiedade-e-a-depressao-sgad\/"},"modified":"2022-03-14T08:50:46","modified_gmt":"2022-03-14T07:50:46","slug":"13o-sfmad-da-sociedade-suica-para-a-ansiedade-e-a-depressao-sgad","status":"publish","type":"post","link":"https:\/\/medizinonline.com\/pt-pt\/13o-sfmad-da-sociedade-suica-para-a-ansiedade-e-a-depressao-sgad\/","title":{"rendered":"13\u00ba SFMAD da Sociedade Su\u00ed\u00e7a para a Ansiedade e a Depress\u00e3o (SGAD)"},"content":{"rendered":"<p><strong>&#8220;Conceitos terap\u00eauticos inovadores para a ansiedade e depress\u00e3o&#8221; s\u00e3o o tema principal do 13\u00ba SFMAD deste ano da Sociedade Su\u00ed\u00e7a para a Ansiedade e a Depress\u00e3o (SGAD) a 5 de Maio de 2022 em Zurique. O popular curso intensivo da manh\u00e3 \u00e9 tamb\u00e9m dedicado a &#8220;Op\u00e7\u00f5es de tratamento digital para ansiedade e depress\u00e3o&#8221;.<\/strong><\/p>\n<p> <!--more--> <\/p>\n<p>&nbsp;<\/p>\n<p>&nbsp;<\/p>\n<p>&nbsp;<\/p>\n<p>&nbsp;<\/p>\n<p>Mais informa\u00e7\u00f5es sobre o programa e o registo podem ser encontradas <a href=\"https:\/\/www.sgad.ch\/de\/fachleute\/sfmad\" target=\"_blank\" rel=\"noopener\">aqui<\/a>.<\/p>\n","protected":false},"excerpt":{"rendered":"<p>&#8220;Conceitos terap\u00eauticos inovadores para a ansiedade e depress\u00e3o&#8221; s\u00e3o o tema principal do 13\u00ba SFMAD deste ano da Sociedade Su\u00ed\u00e7a para a Ansiedade e a Depress\u00e3o (SGAD) a 5 de&hellip;<\/p>\n","protected":false},"author":14,"featured_media":118290,"comment_status":"closed","ping_status":"closed","sticky":false,"template":"","format":"standard","meta":{"_acf_changed":false,"pmpro_default_level":"","cat_1_feature_home_top":false,"cat_2_editor_pick":false,"csco_eyebrow_text":"SGAD","footnotes":""},"category":[11517,11481,11529,11551],"tags":[],"powerkit_post_featured":[],"class_list":["post-326359","post","type-post","status-publish","format-standard","has-post-thumbnail","category-noticias-pt-pt","category-psiquiatria-e-psicoterapia","category-relatorios-do-congresso","category-rx-pt","pmpro-has-access"],"acf":[],"publishpress_future_action":{"enabled":false,"date":"2026-05-08 12:57:56","action":"change-status","newStatus":"draft","terms":[],"taxonomy":"category","extraData":[]},"publishpress_future_workflow_manual_trigger":{"enabledWorkflows":[]},"wpml_current_locale":"pt_PT","wpml_translations":{"es_ES":{"locale":"es_ES","id":326362,"slug":"xiii-sfmad-de-la-sociedad-suiza-para-la-ansiedad-y-la-depresion-sgad","post_title":"XIII SFMAD de la Sociedad Suiza para la Ansiedad y la Depresi\u00f3n (SGAD)","href":"https:\/\/medizinonline.com\/es\/xiii-sfmad-de-la-sociedad-suiza-para-la-ansiedad-y-la-depresion-sgad\/"}},"_links":{"self":[{"href":"https:\/\/medizinonline.com\/pt-pt\/wp-json\/wp\/v2\/posts\/326359","targetHints":{"allow":["GET"]}}],"collection":[{"href":"https:\/\/medizinonline.com\/pt-pt\/wp-json\/wp\/v2\/posts"}],"about":[{"href":"https:\/\/medizinonline.com\/pt-pt\/wp-json\/wp\/v2\/types\/post"}],"author":[{"embeddable":true,"href":"https:\/\/medizinonline.com\/pt-pt\/wp-json\/wp\/v2\/users\/14"}],"replies":[{"embeddable":true,"href":"https:\/\/medizinonline.com\/pt-pt\/wp-json\/wp\/v2\/comments?post=326359"}],"version-history":[{"count":0,"href":"https:\/\/medizinonline.com\/pt-pt\/wp-json\/wp\/v2\/posts\/326359\/revisions"}],"wp:featuredmedia":[{"embeddable":true,"href":"https:\/\/medizinonline.com\/pt-pt\/wp-json\/wp\/v2\/media\/118290"}],"wp:attachment":[{"href":"https:\/\/medizinonline.com\/pt-pt\/wp-json\/wp\/v2\/media?parent=326359"}],"wp:term":[{"taxonomy":"category","embeddable":true,"href":"https:\/\/medizinonline.com\/pt-pt\/wp-json\/wp\/v2\/category?post=326359"},{"taxonomy":"post_tag","embeddable":true,"href":"https:\/\/medizinonline.com\/pt-pt\/wp-json\/wp\/v2\/tags?post=326359"},{"taxonomy":"powerkit_post_featured","embeddable":true,"href":"https:\/\/medizinonline.com\/pt-pt\/wp-json\/wp\/v2\/powerkit_post_featured?post=326359"}],"curies":[{"name":"wp","href":"https:\/\/api.w.org\/{rel}","templated":true}]}}