{"id":326888,"date":"2022-01-06T01:00:00","date_gmt":"2022-01-06T00:00:00","guid":{"rendered":"https:\/\/medizinonline.com\/insuficiencia-cardiaca-e-deficiencia-de-ferro-o-que-fazer-no-paciente-multimodal\/"},"modified":"2022-01-06T01:00:00","modified_gmt":"2022-01-06T00:00:00","slug":"insuficiencia-cardiaca-e-deficiencia-de-ferro-o-que-fazer-no-paciente-multimodal","status":"publish","type":"post","link":"https:\/\/medizinonline.com\/pt-pt\/insuficiencia-cardiaca-e-deficiencia-de-ferro-o-que-fazer-no-paciente-multimodal\/","title":{"rendered":"Insufici\u00eancia card\u00edaca e defici\u00eancia de ferro &#8211; o que fazer no paciente multimodal?"},"content":{"rendered":"<p><strong>A defici\u00eancia de ferro \u00e9 uma comorbidade comum em doentes com insufici\u00eancia card\u00edaca e est\u00e1 associada ao aumento da mortalidade e das interna\u00e7\u00f5es hospitalares. A suplementa\u00e7\u00e3o eficaz com ferro reduz significativamente este risco sem aumentar o risco de acontecimentos adversos.<\/strong><\/p>\n<p> <!--more--> <\/p>\n<p>A defici\u00eancia de ferro \u00e9 a doen\u00e7a com defici\u00eancia mais comum nos seres humanos. Cerca de 600 milh\u00f5es de pessoas em todo o mundo sofrem de defici\u00eancia de ferro de v\u00e1rias causas. A defici\u00eancia de ferro \u00e9 tamb\u00e9m uma comorbidade comum e relevante na insufici\u00eancia card\u00edaca cr\u00f3nica. Influencia os sintomas, a qualidade de vida e a taxa de hospitaliza\u00e7\u00e3o e \u00e9 um factor de progn\u00f3stico negativo. Os sintomas cl\u00ednicos de defici\u00eancia de ferro s\u00e3o fadiga, exaust\u00e3o, mau desempenho, falta de ar, disfun\u00e7\u00e3o cognitiva, tonturas, dores de cabe\u00e7a e susceptibilidade a infec\u00e7\u00f5es, bem como uma diminui\u00e7\u00e3o geral da qualidade de vida. Cerca de 50% dos doentes com insufici\u00eancia card\u00edaca cr\u00f3nica sofrem as consequ\u00eancias da defici\u00eancia de ferro. Atrav\u00e9s de vasodilata\u00e7\u00e3o perif\u00e9rica, uma queda da press\u00e3o arterial e activa\u00e7\u00e3o de neurohormonas, a anemia cr\u00f3nica pode desencadear um verdadeiro c\u00edrculo vicioso.<\/p>\n<p>V\u00e1rios mecanismos s\u00e3o discutidos relativamente \u00e0s causas da defici\u00eancia de ferro na insufici\u00eancia card\u00edaca, incluindo inflama\u00e7\u00e3o cr\u00f3nica, absor\u00e7\u00e3o reduzida de ferro, reabsor\u00e7\u00e3o reduzida de ferro e, por \u00faltimo mas n\u00e3o menos importante, anemia hemorr\u00e1gica induzida por drogas. Al\u00e9m disso, a fase da NYHA parece estar correlacionada com a defici\u00eancia de ferro. A defici\u00eancia absoluta de ferro \u00e9 definida como ferritina s\u00e9rica &lt;100&nbsp;\u03bcg\/l, a defici\u00eancia funcional de ferro est\u00e1 presente numa ferritina s\u00e9rica de 100-300&nbsp;\u03bcg\/l com uma concomitante satura\u00e7\u00e3o de transferrina &lt;20%.<\/p>\n<p>A defici\u00eancia de ferro afecta principalmente a qualidade de vida do paciente atrav\u00e9s do agravamento dos sintomas de insufici\u00eancia card\u00edaca, do desempenho f\u00edsico, da fun\u00e7\u00e3o muscular e do n\u00famero de hospitaliza\u00e7\u00f5es devido ao agravamento da insufici\u00eancia card\u00edaca. Isto porque o ferro \u00e9 necess\u00e1rio para uma hematopoiese \u00f3ptima, mas tamb\u00e9m desempenha um papel central no transporte de oxig\u00e9nio (hemoglobina), armazenamento (mioglobina), o metabolismo dos m\u00fasculos card\u00edacos e esquel\u00e9ticos, a s\u00edntese e decomposi\u00e7\u00e3o de prote\u00ednas, l\u00edpidos, \u00e1cidos ribonucleicos e para a fun\u00e7\u00e3o mitocondrial.<\/p>\n<h2 id=\"equilibrar-de-forma-rapida-eficaz-e-segura\">Equilibrar de forma r\u00e1pida, eficaz e segura<\/h2>\n<p>A necessidade de ferro em pacientes com insufici\u00eancia card\u00edaca cr\u00f3nica pode ser determinada em fun\u00e7\u00e3o do peso corporal e do n\u00edvel de hemoglobina <span style=\"font-family:franklin gothic demi\">(tab.&nbsp;1)<\/span>. A suplementa\u00e7\u00e3o oral com ferro, normalmente considerada a droga de escolha, \u00e9 pouco absorvida e tem uma biodisponibilidade limitada, especialmente em pacientes com doen\u00e7as cr\u00f3nicas como a insufici\u00eancia card\u00edaca. Al\u00e9m disso, a tolerabilidade \u00e9 limitada devido aos efeitos gastrointestinais desfavor\u00e1veis. V\u00e1rios meses de terapia com ferro oral seriam necess\u00e1rios para replicar a defici\u00eancia de ferro.<\/p>\n<p>&nbsp;<\/p>\n<p><img fetchpriority=\"high\" decoding=\"async\" class=\" size-full wp-image-17887\" alt=\"\" src=\"https:\/\/medizinonline.com\/wp-content\/uploads\/2022\/01\/tab1_cv4_s31.png\" style=\"height:161px; width:600px\" width=\"1100\" height=\"295\" srcset=\"https:\/\/medizinonline.com\/wp-content\/uploads\/2022\/01\/tab1_cv4_s31.png 1100w, https:\/\/medizinonline.com\/wp-content\/uploads\/2022\/01\/tab1_cv4_s31-800x215.png 800w, https:\/\/medizinonline.com\/wp-content\/uploads\/2022\/01\/tab1_cv4_s31-120x32.png 120w, https:\/\/medizinonline.com\/wp-content\/uploads\/2022\/01\/tab1_cv4_s31-90x24.png 90w, https:\/\/medizinonline.com\/wp-content\/uploads\/2022\/01\/tab1_cv4_s31-320x86.png 320w, https:\/\/medizinonline.com\/wp-content\/uploads\/2022\/01\/tab1_cv4_s31-560x150.png 560w\" sizes=\"(max-width: 1100px) 100vw, 1100px\" \/><\/p>\n<p>&nbsp;<\/p>\n<p>Por conseguinte, deve recorrer-se \u00e0 terapia com ferro intravenoso. Em compara\u00e7\u00e3o com as antigas prepara\u00e7\u00f5es, os complexos livres de dextrano que est\u00e3o agora dispon\u00edveis apresentam reac\u00e7\u00f5es anafil\u00e1ticas extremamente raras e podem ser infundidos relativamente depressa devido \u00e0 sua elevada estabilidade estrutural &#8211; ambas as propriedades que tamb\u00e9m permitem a sua utiliza\u00e7\u00e3o em ambiente ambulatorial.<\/p>\n<p>&nbsp;<\/p>\n<p>Literatura:<\/p>\n<ol>\n<li>Link H, Schiefke I, Balck K, et al: Princ\u00edpios de diagn\u00f3stico e tratamento da anemia por defici\u00eancia de ferro.&nbsp;MMW Fortschr Med 2015; 157: 56-59.<\/li>\n<\/ol>\n<p>&nbsp;<\/p>\n<p><em>CARDIOVASC 2021; 20(4): 31<\/em><\/p>\n","protected":false},"excerpt":{"rendered":"<p>A defici\u00eancia de ferro \u00e9 uma comorbidade comum em doentes com insufici\u00eancia card\u00edaca e est\u00e1 associada ao aumento da mortalidade e das interna\u00e7\u00f5es hospitalares. A suplementa\u00e7\u00e3o eficaz com ferro reduz&hellip;<\/p>\n","protected":false},"author":7,"featured_media":113854,"comment_status":"closed","ping_status":"closed","sticky":false,"template":"","format":"standard","meta":{"_acf_changed":false,"pmpro_default_level":"","cat_1_feature_home_top":false,"cat_2_editor_pick":false,"csco_eyebrow_text":"Suplemento de ferro","footnotes":""},"category":[11367,11524,11365,11305,11551],"tags":[12763,12755,12185],"powerkit_post_featured":[],"class_list":["post-326888","post","type-post","status-publish","format-standard","has-post-thumbnail","category-cardiologia-pt-pt","category-formacao-continua","category-hematologia-pt-pt","category-medicina-interna-geral","category-rx-pt","tag-anemia-pt-pt","tag-deficiencia-de-ferro","tag-insuficiencia-cardiaca","pmpro-has-access"],"acf":[],"publishpress_future_action":{"enabled":false,"date":"2026-05-07 05:36:25","action":"change-status","newStatus":"draft","terms":[],"taxonomy":"category","extraData":[]},"publishpress_future_workflow_manual_trigger":{"enabledWorkflows":[]},"wpml_current_locale":"pt_PT","wpml_translations":{"es_ES":{"locale":"es_ES","id":326889,"slug":"insuficiencia-cardiaca-y-carencia-de-hierro-que-hacer-en-el-paciente-multimodal","post_title":"Insuficiencia cardiaca y carencia de hierro: \u00bfqu\u00e9 hacer en el paciente multimodal?","href":"https:\/\/medizinonline.com\/es\/insuficiencia-cardiaca-y-carencia-de-hierro-que-hacer-en-el-paciente-multimodal\/"}},"_links":{"self":[{"href":"https:\/\/medizinonline.com\/pt-pt\/wp-json\/wp\/v2\/posts\/326888","targetHints":{"allow":["GET"]}}],"collection":[{"href":"https:\/\/medizinonline.com\/pt-pt\/wp-json\/wp\/v2\/posts"}],"about":[{"href":"https:\/\/medizinonline.com\/pt-pt\/wp-json\/wp\/v2\/types\/post"}],"author":[{"embeddable":true,"href":"https:\/\/medizinonline.com\/pt-pt\/wp-json\/wp\/v2\/users\/7"}],"replies":[{"embeddable":true,"href":"https:\/\/medizinonline.com\/pt-pt\/wp-json\/wp\/v2\/comments?post=326888"}],"version-history":[{"count":0,"href":"https:\/\/medizinonline.com\/pt-pt\/wp-json\/wp\/v2\/posts\/326888\/revisions"}],"wp:featuredmedia":[{"embeddable":true,"href":"https:\/\/medizinonline.com\/pt-pt\/wp-json\/wp\/v2\/media\/113854"}],"wp:attachment":[{"href":"https:\/\/medizinonline.com\/pt-pt\/wp-json\/wp\/v2\/media?parent=326888"}],"wp:term":[{"taxonomy":"category","embeddable":true,"href":"https:\/\/medizinonline.com\/pt-pt\/wp-json\/wp\/v2\/category?post=326888"},{"taxonomy":"post_tag","embeddable":true,"href":"https:\/\/medizinonline.com\/pt-pt\/wp-json\/wp\/v2\/tags?post=326888"},{"taxonomy":"powerkit_post_featured","embeddable":true,"href":"https:\/\/medizinonline.com\/pt-pt\/wp-json\/wp\/v2\/powerkit_post_featured?post=326888"}],"curies":[{"name":"wp","href":"https:\/\/api.w.org\/{rel}","templated":true}]}}