{"id":327200,"date":"2021-12-10T11:01:44","date_gmt":"2021-12-10T10:01:44","guid":{"rendered":"https:\/\/medizinonline.com\/o-controlo-da-asma-e-e-continua-a-ser-o-objectivo-terapeutico-nao-negociavel\/"},"modified":"2021-12-10T11:01:44","modified_gmt":"2021-12-10T10:01:44","slug":"o-controlo-da-asma-e-e-continua-a-ser-o-objectivo-terapeutico-nao-negociavel","status":"publish","type":"post","link":"https:\/\/medizinonline.com\/pt-pt\/o-controlo-da-asma-e-e-continua-a-ser-o-objectivo-terapeutico-nao-negociavel\/","title":{"rendered":"O controlo da asma \u00e9 e continua a ser o objectivo terap\u00eautico n\u00e3o negoci\u00e1vel"},"content":{"rendered":"<p><strong>Actualmente, o furoato de fluticasona \u00e9 o corticoster\u00f3ide inalado mais potente (ICS) com o \u00edndice terap\u00eautico mais elevado dispon\u00edvel at\u00e9 \u00e0 data [2,3]. \u00c9 um componente de Relvar Ellipta juntamente com o vilanterol. Daley-Yates et al. mostrou que o furoato de fluticasona proporciona 3,4 vezes mais protec\u00e7\u00e3o com menos efeitos sist\u00e9micos do que outros ICS [2,3]. Da mesma forma, o Estudo de Salford Lung confirmou que 25% mais pacientes conseguiram um controlo da asma relevante na pr\u00e1tica di\u00e1ria com Relvar Ellipta do que com outros controladores [1]. Fal\u00e1mos sobre isto com o Professor Dr Laurent Nicod, Cl\u00ednica Privada Hirslanden, Lausanne, e com o Dr Jean-Luc Kurzen, M\u00e9dico S\u00e9nior, Pneumologia, Hospital M\u00e4nnedorf.<\/strong><\/p>\n<p> <!--more--> <\/p>\n<p>O termo &#8220;controlo da asma&#8221; \u00e9 utilizado t\u00e3o naturalmente hoje em dia como se todos significassem a mesma coisa &#8211; longe disso. Nem todos os m\u00e9dicos e doentes compreendem a mesma coisa atrav\u00e9s do controlo da asma [4]. Muitos m\u00e9dicos sobrestimam mesmo a extens\u00e3o do controlo da asma dos seus pacientes, como mostrou um estudo [5]. Isto n\u00e3o foi verdade para cerca de metade dos asm\u00e1ticos classificados como controlados [5]. Os doentes tamb\u00e9m pensam frequentemente que t\u00eam a sua asma sob controlo, ajustando o seu estilo de vida \u00e0 carga dos sintomas [4]. Evitam a actividade f\u00edsica, sofrem de sintomas diurnos e de despertar nocturno devido a falta de ar e\/ou tosse, e est\u00e3o dependentes da sua medica\u00e7\u00e3o de emerg\u00eancia [4]. De facto, at\u00e9 71% dos doentes n\u00e3o conseguem controlar a asma, apesar do tratamento [1]. Isto sublinha a import\u00e2ncia do controlo proactivo da asma que evita os sintomas e melhora assim a qualidade de vida [6].&nbsp;<\/p>\n<p><strong>Pr\u00f3-activa em vez de orientada para os sintomas&nbsp;<\/strong><\/p>\n<p>Se a terapia se basear apenas nos sintomas actuais, o objectivo de um bom controlo da asma ser\u00e1 perdido [7]. No MART<span style=\"font-size:5.5px\"><br \/>\n  <sup>*<\/sup><br \/>\n<\/span>&#8211; o controlo dos sintomas baseia-se na percep\u00e7\u00e3o do doente, e isto deixa muitas vezes muito a desejar [4,7]. Em contraste com o MART, o proactivo<span style=\"color:rgb(0, 0, 0); font-size:12px\">&nbsp;<\/span>A terapia com Relvar Ellipta trata sintomas, bem como inflama\u00e7\u00e3o cr\u00f3nica, remodela\u00e7\u00e3o das vias a\u00e9reas e hiper-responsividade br\u00f4nquica [8].&nbsp;<\/p>\n<p>Relvar Ellipta aumenta o n\u00famero de dias e noites sem sintomas em rela\u00e7\u00e3o ao furoato de fluticasona ou propionato de fluticasona, entre outros [9]. Os doentes podem beneficiar desta gest\u00e3o proactiva da asma, podendo retomar as suas actividades di\u00e1rias, o que o Prof. Nicod tamb\u00e9m assinala na entrevista [9].<\/p>\n<p><strong>O Estudo dos Pulm\u00f5es de Salford Lung \u00e9 um estudo de marco [1].&nbsp;<\/strong><\/p>\n<p>O Salford Lung Study, um estudo da vida real, inscreveu 4233 pacientes com asma mal controlada e randomizou-os para receberem Relvar Ellipta ou a terapia anterior (ICS ou ICS\/LABA) durante 52 semanas, que poderia ser optimizada conforme necess\u00e1rio [1]. Ponto final prim\u00e1rio: obten\u00e7\u00e3o de uma pontua\u00e7\u00e3o ACT (Asthma Control Test) &gt;20 ou melhoria da pontua\u00e7\u00e3o por \u22653 pontos ap\u00f3s 24 semanas [1].<\/p>\n<p><strong>Resultados&nbsp;<\/strong><\/p>\n<ul>\n<li>O controlo proactivo da asma levou a um melhor controlo em 25% mais doentes (56% no grupo de controlo contra 70% sob Relvar Ellipta) na pr\u00e1tica di\u00e1ria [1] <span style=\"font-family:franklin gothic demi\"><span style=\"font-family:arial,helvetica,sans-serif\"><strong>(Fig. 1<\/strong><\/span><\/span>). <span style=\"font-family:franklin gothic demi\">&nbsp;<\/span><\/li>\n<li>Para al\u00e9m dos sintomas, a qualidade de vida tamb\u00e9m melhorou em 27% mais pacientes [1,10].<\/li>\n<li>O perfil do efeito secund\u00e1rio em ambos os bra\u00e7os do estudo era compar\u00e1vel, sendo que a pneumonia s\u00f3 raramente ocorre [1].<\/li>\n<\/ul>\n<p><img fetchpriority=\"high\" decoding=\"async\" class=\" size-full wp-image-18046\" alt=\"\" src=\"https:\/\/medizinonline.com\/wp-content\/uploads\/2021\/12\/bildschirmfoto_2021-12-10_um_10.40.02.png\" style=\"height:1020px; width:1100px\" width=\"1100\" height=\"1020\" srcset=\"https:\/\/medizinonline.com\/wp-content\/uploads\/2021\/12\/bildschirmfoto_2021-12-10_um_10.40.02.png 1100w, https:\/\/medizinonline.com\/wp-content\/uploads\/2021\/12\/bildschirmfoto_2021-12-10_um_10.40.02-800x742.png 800w, https:\/\/medizinonline.com\/wp-content\/uploads\/2021\/12\/bildschirmfoto_2021-12-10_um_10.40.02-120x111.png 120w, https:\/\/medizinonline.com\/wp-content\/uploads\/2021\/12\/bildschirmfoto_2021-12-10_um_10.40.02-90x83.png 90w, https:\/\/medizinonline.com\/wp-content\/uploads\/2021\/12\/bildschirmfoto_2021-12-10_um_10.40.02-320x297.png 320w, https:\/\/medizinonline.com\/wp-content\/uploads\/2021\/12\/bildschirmfoto_2021-12-10_um_10.40.02-560x519.png 560w\" sizes=\"(max-width: 1100px) 100vw, 1100px\" \/><\/p>\n<p><strong>Elevado \u00edndice terap\u00eautico como um marco&nbsp;<\/strong><\/p>\n<p>O furoato de fluticasona em Relvar tem um \u00edndice terap\u00eautico significativamente mais elevado do que outras ICS e, portanto, um efeito anti-inflamat\u00f3rio mais forte pode ser alcan\u00e7ado com menos exposi\u00e7\u00e3o sist\u00e9mica [2,3]. Assim, na dosagem mais baixa, mostra um efeito anti-inflamat\u00f3rio 3,4 vezes maior do que a budesonida [2,3]. Relvar no dispositivo Ellipta, quando usado uma vez por dia, oferece um valor acrescentado que os pacientes sentem imediatamente, nomeadamente a inflama\u00e7\u00e3o das vias a\u00e9reas diminui [8], a hiper-responsividade br\u00f4nquica diminui [8] e a remodela\u00e7\u00e3o das vias respirat\u00f3rias \u00e9 retardada [8].<\/p>\n<p><strong>Melhoria da qualidade de vida&nbsp;<\/strong><\/p>\n<p>O efeito percept\u00edvel, que se manifesta numa melhoria de todos os componentes do ACT, \u00e9 compensado apenas por efeitos sist\u00e9micos indesej\u00e1veis muito pequenos [10]. Em particular, os doentes beneficiaram de uma melhoria relevante da qualidade de vida [10].<\/p>\n<p><img decoding=\"async\" class=\"size-full wp-image-18047 lazyload\" alt=\"\" data-src=\"https:\/\/medizinonline.com\/wp-content\/uploads\/2021\/12\/bildschirmfoto_2021-12-10_um_10.42.58.png\" style=\"--smush-placeholder-width: 1100px; --smush-placeholder-aspect-ratio: 1100\/1213;height:1213px; width:1100px\" width=\"1100\" height=\"1213\" data-srcset=\"https:\/\/medizinonline.com\/wp-content\/uploads\/2021\/12\/bildschirmfoto_2021-12-10_um_10.42.58.png 1100w, https:\/\/medizinonline.com\/wp-content\/uploads\/2021\/12\/bildschirmfoto_2021-12-10_um_10.42.58-800x882.png 800w, https:\/\/medizinonline.com\/wp-content\/uploads\/2021\/12\/bildschirmfoto_2021-12-10_um_10.42.58-120x132.png 120w, https:\/\/medizinonline.com\/wp-content\/uploads\/2021\/12\/bildschirmfoto_2021-12-10_um_10.42.58-90x99.png 90w, https:\/\/medizinonline.com\/wp-content\/uploads\/2021\/12\/bildschirmfoto_2021-12-10_um_10.42.58-320x353.png 320w, https:\/\/medizinonline.com\/wp-content\/uploads\/2021\/12\/bildschirmfoto_2021-12-10_um_10.42.58-560x618.png 560w\" data-sizes=\"(max-width: 1100px) 100vw, 1100px\" src=\"data:image\/svg+xml;base64,PHN2ZyB3aWR0aD0iMSIgaGVpZ2h0PSIxIiB4bWxucz0iaHR0cDovL3d3dy53My5vcmcvMjAwMC9zdmciPjwvc3ZnPg==\" \/><\/p>\n<p><img decoding=\"async\" class=\"size-full wp-image-18048 lazyload\" alt=\"\" data-src=\"https:\/\/medizinonline.com\/wp-content\/uploads\/2021\/12\/bildschirmfoto_2021-12-10_um_10.41.36.png\" style=\"--smush-placeholder-width: 1100px; --smush-placeholder-aspect-ratio: 1100\/1513;height:1513px; width:1100px\" width=\"1100\" height=\"1513\" data-srcset=\"https:\/\/medizinonline.com\/wp-content\/uploads\/2021\/12\/bildschirmfoto_2021-12-10_um_10.41.36.png 1100w, https:\/\/medizinonline.com\/wp-content\/uploads\/2021\/12\/bildschirmfoto_2021-12-10_um_10.41.36-800x1100.png 800w, https:\/\/medizinonline.com\/wp-content\/uploads\/2021\/12\/bildschirmfoto_2021-12-10_um_10.41.36-120x165.png 120w, https:\/\/medizinonline.com\/wp-content\/uploads\/2021\/12\/bildschirmfoto_2021-12-10_um_10.41.36-90x124.png 90w, https:\/\/medizinonline.com\/wp-content\/uploads\/2021\/12\/bildschirmfoto_2021-12-10_um_10.41.36-320x440.png 320w, https:\/\/medizinonline.com\/wp-content\/uploads\/2021\/12\/bildschirmfoto_2021-12-10_um_10.41.36-560x770.png 560w\" data-sizes=\"(max-width: 1100px) 100vw, 1100px\" src=\"data:image\/svg+xml;base64,PHN2ZyB3aWR0aD0iMSIgaGVpZ2h0PSIxIiB4bWxucz0iaHR0cDovL3d3dy53My5vcmcvMjAwMC9zdmciPjwvc3ZnPg==\" \/><img decoding=\"async\" class=\"size-full wp-image-18049 lazyload\" alt=\"\" data-src=\"https:\/\/medizinonline.com\/wp-content\/uploads\/2021\/12\/bildschirmfoto_2021-12-10_um_10.41.54.png\" style=\"--smush-placeholder-width: 1100px; --smush-placeholder-aspect-ratio: 1100\/663;height:663px; width:1100px\" width=\"1100\" height=\"663\" data-srcset=\"https:\/\/medizinonline.com\/wp-content\/uploads\/2021\/12\/bildschirmfoto_2021-12-10_um_10.41.54.png 1100w, https:\/\/medizinonline.com\/wp-content\/uploads\/2021\/12\/bildschirmfoto_2021-12-10_um_10.41.54-800x482.png 800w, https:\/\/medizinonline.com\/wp-content\/uploads\/2021\/12\/bildschirmfoto_2021-12-10_um_10.41.54-120x72.png 120w, https:\/\/medizinonline.com\/wp-content\/uploads\/2021\/12\/bildschirmfoto_2021-12-10_um_10.41.54-90x54.png 90w, https:\/\/medizinonline.com\/wp-content\/uploads\/2021\/12\/bildschirmfoto_2021-12-10_um_10.41.54-320x193.png 320w, https:\/\/medizinonline.com\/wp-content\/uploads\/2021\/12\/bildschirmfoto_2021-12-10_um_10.41.54-560x338.png 560w\" data-sizes=\"(max-width: 1100px) 100vw, 1100px\" src=\"data:image\/svg+xml;base64,PHN2ZyB3aWR0aD0iMSIgaGVpZ2h0PSIxIiB4bWxucz0iaHR0cDovL3d3dy53My5vcmcvMjAwMC9zdmciPjwvc3ZnPg==\" \/><\/p>\n<h3 id=\"\">&nbsp;<\/h3>\n<h3 id=\"impressao\"><strong>Impress\u00e3o&nbsp;<\/strong><\/h3>\n<p><span style=\"font-family:franklin gothic demi\"><br \/>\n  <strong><br \/>\n    <span style=\"font-family:arial,helvetica,sans-serif\">Texto:<\/span><br \/>\n  <\/strong><br \/>\n  &nbsp;<br \/>\n<\/span>Dra. Renate Weber&nbsp;<\/p>\n<p><span style=\"font-family:franklin gothic demi\"><br \/>\n  <strong><br \/>\n    <span style=\"font-family:arial,helvetica,sans-serif\">Primeira publica\u00e7\u00e3o:<\/span><br \/>\n  <\/strong><br \/>\n  &nbsp;<br \/>\n<\/span>Tribuna M\u00e9dica 40\/2021. Os parceiros da entrevista concordam com a segunda publica\u00e7\u00e3o. \u00a9Medical Tribune&nbsp;<\/p>\n<p>Este artigo foi produzido com o tipo de apoio da GlaxoSmithKline AG, Talstrasse 3-5, 3053 M\u00fcnchenbuchsee, Su\u00ed\u00e7a.&nbsp;<\/p>\n<p>PM-CH-FFV-ADVR-210003-11\/2021&nbsp;<\/p>\n<p>\u00a9 Prime Public Media AG, Zurique 2021<\/p>\n<p>&nbsp;<\/p>\n<p>Literatura:&nbsp;<\/p>\n<p>Woodcock A, et al: Efic\u00e1cia do furoato de fluticasona mais vilanterol no controlo da asma na pr\u00e1tica cl\u00ednica: um r\u00f3tulo aberto, grupo paralelo, ensaio controlado aleatorizado. Lancet 2017; 390: 2247-2255.&nbsp;<\/p>\n<p>Daley-Yates P: Corticoster\u00f3ides inalados: pot\u00eancia, equival\u00eancia de dose e \u00edndice terap\u00eautico. BJCP 2015; 80(3): 372-380.&nbsp;<\/p>\n<p>Daley-Yates P, et al: Therapeutic index of inhaled corticosteroids in ashma: A dose-response comparison on airway hyperresponsiveness and adrenal axis suppression. BJCP 2021; 87: 483-493.&nbsp;<\/p>\n<p>Fletcher M, Hiles D: Discrep\u00e2ncia cont\u00ednua entre a percep\u00e7\u00e3o dos doentes sobre o controlo da asma e os sintomas do mundo real: um inqu\u00e9rito quantitativo em linha de 1.083 adultos com asma do Reino Unido. Prim Care Respir J 2013; 22: 431-438.<\/p>\n<p>Greenblatt M, et al: Compara\u00e7\u00e3o entre a avalia\u00e7\u00e3o m\u00e9dica e a avalia\u00e7\u00e3o dos doentes no controlo da asma. Medicina Respirat\u00f3ria 2010; 104(3); 356-361.&nbsp;<\/p>\n<p>Correira de Sousa J, et al: Controlo da asma, qualidade de vida, e o papel da habilita\u00e7\u00e3o do paciente: um estudo de observa\u00e7\u00e3o transversal. Prim Care Respir J 2013; 22(2): 181-187.&nbsp;<\/p>\n<p>Chapman KR, et al: Single maintenance and reliever therapy (SMART) of asthma: a critical appraisal. T\u00f3rax 2021; 65: 47-52.&nbsp;<\/p>\n<p>Ishmael FT: A resposta inflamat\u00f3ria na patog\u00e9nese da asma. The Journal of the American Osteopathic Association 2011; 111: S11-S17.&nbsp;<\/p>\n<p>Kerwin E, et al: Fluticasone furoate\/vilanterol uma vez por dia melhora o despertar nocturno em doentes com asma com sintomas nocturnos: an\u00e1lise post-hoc de tr\u00eas ensaios controlados aleat\u00f3rios. J Asma 2018; 55: 890-897.<\/p>\n<p>10 Svedsater H, et al: Resultados relatados pelos doentes com inicia\u00e7\u00e3o de furoato de flutucasona\/vilanterol versus cuidados habituais cont\u00ednuos no Estudo do Pulm\u00e3o de Salford. Respir Med 2018; 141: 198-206.&nbsp;<\/p>\n<p>11 Katsaounou P, et al: Omalizumab como alternativa ao uso cr\u00f3nico de corticoster\u00f3ides orais na asma grave. Respeito. Med. 2019; 150: 51-62.&nbsp;<\/p>\n<p>12 Wells KE, et al: Efeitos no mundo real de uma dose di\u00e1ria de corticoster\u00f3ides inalados uma vez versus uma dose di\u00e1ria maior na ader\u00eancia a medicamentos. Ann. Alergia, Asma Immunol. 2013; 111: 216-220.&nbsp;<\/p>\n<p>13 Molimard M, et al: exacerba\u00e7\u00e3o da doen\u00e7a pulmonar obstrutiva cr\u00f3nica e manipula\u00e7\u00e3o de dispositivos inaladores: avalia\u00e7\u00e3o da vida real de 2935 doentes. Eur Respir J 2017; 49(2): 1601794.<\/p>\n<p>&nbsp;<\/p>\n<p><strong>Relvar Ellipta<\/strong> (p\u00f3 de dose \u00fanica para inala\u00e7\u00e3o). <span style=\"font-family:arial,helvetica,sans-serif\"><strong>W:<\/strong> <\/span>Fluticasone furoate 92 ou 184 \u03bcg, vilanterol 22 \u03bcg. <span style=\"font-family:franklin gothic demi\">I: <\/span>Asma br\u00f4nquica: Tratamento regular em adultos e adolescentes com 12 anos ou mais se sintom\u00e1tico em ICS e broncodilatador de ac\u00e7\u00e3o curta. COPD: Tratamento sintom\u00e1tico em doentes com VEF<span style=\"font-size:4.5px\"><br \/>\n  <sub>1 <\/sub><br \/>\n<\/span>&lt;70% e \u22652 exacerba\u00e7\u00f5es nos \u00faltimos 12 meses. <span style=\"font-family:franklin gothic demi\"><strong><span style=\"font-family:arial,helvetica,sans-serif\">D:<\/span><\/strong> <\/span><em>Asma br\u00f4nquica: <\/em>Adultos e adolescentes com 12 anos ou mais: 1\u00d7 diariamente. 1 inala\u00e7\u00e3o de Relvar Ellipta 92\/22 ou 184\/22. COPD: Adultos com mais de 40 anos: 1\u00d7 ao dia. 1 inala\u00e7\u00e3o Relvar Ellipta 92\/22. Relvar Ellipta 184\/22 n\u00e3o est\u00e1 aprovada para COPD. <strong><br \/>\n  <span style=\"font-family:arial,helvetica,sans-serif\">IA: <\/span><br \/>\n<\/strong>Hipersensibilidade a qualquer ingrediente, alergia grave \u00e0s prote\u00ednas do leite. <span style=\"font-family:franklin gothic demi\"><span style=\"font-family:arial,helvetica,sans-serif\"><strong>C\/V:<\/strong><\/span> <\/span>N\u00e3o para o tratamento de sintomas agudos de asma ou exacerba\u00e7\u00f5es agudas de DPOC. Se ocorrer broncoespasmo paradoxal, tratar imediatamente com broncodilatador de ac\u00e7\u00e3o curta, descontinuar Relvar Ellipta, considerar outras terapias. Efeitos cardiovasculares tais como arritmias poss\u00edveis; antes da terapia, clarifica\u00e7\u00e3o de doen\u00e7as cardiovasculares concomitantes (por exemplo, ECG recomendado para clarificar o prolongamento de QTc). Cuidado na diabetes, tuberculose pulmonar, infec\u00e7\u00f5es cr\u00f3nicas\/tr\u00f3picas. Relvar Ellipta 184\/22 n\u00e3o deve ser utilizada em fun\u00e7\u00e3o hep\u00e1tica moderada ou severamente afectada. Os efeitos adversos sist\u00e9micos podem ocorrer em doses elevadas durante um longo per\u00edodo de tempo. Podem ocorrer dist\u00farbios visuais com uso sist\u00e9mico e t\u00f3pico de corticoster\u00f3ides, e o encaminhamento do paciente para um oftalmologista para avalia\u00e7\u00e3o de poss\u00edveis causas deve ser considerado. Os doentes com DPOC em Relvar Ellipta tiveram um aumento da incid\u00eancia de pneumonia. Em doentes asm\u00e1ticos, a pneumonia ocorreu mais frequentemente com Relvar Ellipta 184\/22 do que com Relvar Ellipta 92\/22 ou placebo. <span style=\"font-family:franklin gothic demi\"><strong><span style=\"font-family:arial,helvetica,sans-serif\">AI:<\/span><\/strong> <\/span>Cuidado com a administra\u00e7\u00e3o concomitante de bloqueadores de \u03b2, bem como medicamentos que prolongam o intervalo QTc, t\u00eam efeitos simpaticomim\u00e9ticos ou afectam os n\u00edveis de pot\u00e1ssio. A administra\u00e7\u00e3o concomitante de inibidores potentes de CYP3A4 (por exemplo, cetoconazol, itraconazol, claritromicina, ritonavir ou produtos contendo cobicistato) deve ser evitada, a menos que o benef\u00edcio supere o risco acrescido de efeitos secund\u00e1rios dos corticoster\u00f3ides sist\u00e9micos; ent\u00e3o os doentes devem ser monitorizados quanto a efeitos secund\u00e1rios dos corticoster\u00f3ides sist\u00e9micos. <span style=\"font-family:franklin gothic demi\"><strong><span style=\"font-family:arial,helvetica,sans-serif\">S\/S:<\/span><\/strong> <\/span>Gravidez: Relvar Ellipta n\u00e3o deve ser utilizada durante a gravidez, a menos que seja claramente necess\u00e1rio. Amamenta\u00e7\u00e3o: Parar de amamentar ou tratamento com Relvar Ellipta.<span style=\"font-family:arial,helvetica,sans-serif\"><strong> <\/strong><\/span><span style=\"font-family:franklin gothic demi\"><span style=\"font-family:arial,helvetica,sans-serif\"><strong>UW:<\/strong><\/span> <\/span><em>Muito comum: <\/em>dor de cabe\u00e7a, nasofaringite.  <em>Frequentes: <\/em>Pneumonia, infec\u00e7\u00f5es das vias respirat\u00f3rias superiores, bronquite, sintomas de gripe, dor ou candid\u00edase na boca e garganta, sinusite, faringite, rinite, tosse, rouquid\u00e3o, abdominal, articula\u00e7\u00e3o, dores nas costas, fracturas, pirexia.  <em>Ocasionalmente: <\/em>extra-s\u00edstoles.  <em>Experi\u00eancias p\u00f3s-comercializa\u00e7\u00e3o: comuns: <\/em>c\u00e3ibras musculares; <em>ocasionais: <\/em>palpita\u00e7\u00f5es, taquicardia, hiperglicemia; <em>raras\/ desconhecidas <\/em>: Reac\u00e7\u00f5es de hipersensibilidade (incluindo anafilaxia, angioedema, urtic\u00e1ria, erup\u00e7\u00e3o cut\u00e2nea), tremor, ansiedade, broncoespasmo paradoxal.  <span style=\"font-family:franklin gothic demi\"><strong><span style=\"font-family:arial,helvetica,sans-serif\">AK:<\/span><\/strong> <\/span>B, aprovado em dinheiro.  <span style=\"font-family:franklin gothic demi\"><span style=\"font-family:arial,helvetica,sans-serif\"><strong>Estado da informa\u00e7\u00e3o:<\/strong><\/span> <\/span>Janeiro de 2019. GlaxoSmithKline AG, 3053 M\u00fcnchenbuchsee. Informa\u00e7\u00e3o detalhada pode ser encontrada em www.swissmedicinfo. ch. \u00c9 favor comunicar reac\u00e7\u00f5es adversas aos medicamentos em pv.swiss@gsk.com. Os profissionais podem solicitar as refer\u00eancias mencionadas \u00e0 GlaxoSmithKline AG.<\/p>\n","protected":false},"excerpt":{"rendered":"<p>Actualmente, o furoato de fluticasona \u00e9 o corticoster\u00f3ide inalado mais potente (ICS) com o \u00edndice terap\u00eautico mais elevado dispon\u00edvel at\u00e9 \u00e0 data [2,3]. \u00c9 um componente de Relvar Ellipta juntamente&hellip;<\/p>\n","protected":false},"author":16,"featured_media":114444,"comment_status":"closed","ping_status":"","sticky":false,"template":"","format":"standard","meta":{"_acf_changed":false,"pmpro_default_level":"","cat_1_feature_home_top":false,"cat_2_editor_pick":false,"csco_eyebrow_text":"Relvar Ellipta melhora o controlo da asma [1].","footnotes":""},"category":[11542,11547,11551],"tags":[],"powerkit_post_featured":[],"class_list":["post-327200","post","type-post","status-publish","format-standard","has-post-thumbnail","category-mercado-medicina","category-pneumologia-pt-pt","category-rx-pt","pmpro-has-access"],"acf":[],"publishpress_future_action":{"enabled":false,"date":"2026-05-04 04:44:36","action":"change-status","newStatus":"draft","terms":[],"taxonomy":"category","extraData":[]},"publishpress_future_workflow_manual_trigger":{"enabledWorkflows":[]},"wpml_current_locale":"pt_PT","wpml_translations":{"es_ES":{"locale":"es_ES","id":327204,"slug":"el-control-del-asma-es-y-sigue-siendo-el-objetivo-terapeutico-no-negociable","post_title":"El control del asma es y sigue siendo el objetivo terap\u00e9utico no negociable","href":"https:\/\/medizinonline.com\/es\/el-control-del-asma-es-y-sigue-siendo-el-objetivo-terapeutico-no-negociable\/"}},"_links":{"self":[{"href":"https:\/\/medizinonline.com\/pt-pt\/wp-json\/wp\/v2\/posts\/327200","targetHints":{"allow":["GET"]}}],"collection":[{"href":"https:\/\/medizinonline.com\/pt-pt\/wp-json\/wp\/v2\/posts"}],"about":[{"href":"https:\/\/medizinonline.com\/pt-pt\/wp-json\/wp\/v2\/types\/post"}],"author":[{"embeddable":true,"href":"https:\/\/medizinonline.com\/pt-pt\/wp-json\/wp\/v2\/users\/16"}],"replies":[{"embeddable":true,"href":"https:\/\/medizinonline.com\/pt-pt\/wp-json\/wp\/v2\/comments?post=327200"}],"version-history":[{"count":0,"href":"https:\/\/medizinonline.com\/pt-pt\/wp-json\/wp\/v2\/posts\/327200\/revisions"}],"wp:featuredmedia":[{"embeddable":true,"href":"https:\/\/medizinonline.com\/pt-pt\/wp-json\/wp\/v2\/media\/114444"}],"wp:attachment":[{"href":"https:\/\/medizinonline.com\/pt-pt\/wp-json\/wp\/v2\/media?parent=327200"}],"wp:term":[{"taxonomy":"category","embeddable":true,"href":"https:\/\/medizinonline.com\/pt-pt\/wp-json\/wp\/v2\/category?post=327200"},{"taxonomy":"post_tag","embeddable":true,"href":"https:\/\/medizinonline.com\/pt-pt\/wp-json\/wp\/v2\/tags?post=327200"},{"taxonomy":"powerkit_post_featured","embeddable":true,"href":"https:\/\/medizinonline.com\/pt-pt\/wp-json\/wp\/v2\/powerkit_post_featured?post=327200"}],"curies":[{"name":"wp","href":"https:\/\/api.w.org\/{rel}","templated":true}]}}