{"id":327495,"date":"2021-11-06T13:00:00","date_gmt":"2021-11-06T12:00:00","guid":{"rendered":"https:\/\/medizinonline.com\/a-tomada-de-decisao-partilhada-e-particularmente-importante-nestes-tempos\/"},"modified":"2021-11-06T13:00:00","modified_gmt":"2021-11-06T12:00:00","slug":"a-tomada-de-decisao-partilhada-e-particularmente-importante-nestes-tempos","status":"publish","type":"post","link":"https:\/\/medizinonline.com\/pt-pt\/a-tomada-de-decisao-partilhada-e-particularmente-importante-nestes-tempos\/","title":{"rendered":"A &#8220;Tomada de Decis\u00e3o Partilhada&#8221; \u00e9 particularmente importante nestes tempos"},"content":{"rendered":"<p><strong>Entre os doentes com psor\u00edase, existe frequentemente uma certa incerteza acerca das implica\u00e7\u00f5es da sua doen\u00e7a subjacente e da respectiva terapia do sistema no que diz respeito ao risco de um curso grave de uma infec\u00e7\u00e3o por Covid 19, por um lado, mas tamb\u00e9m no que diz respeito aos poss\u00edveis efeitos de uma vacina\u00e7\u00e3o corona, por outro. No congresso da EADV, foram apresentados dois estudos com dados actuais sobre esta mat\u00e9ria.<\/strong><\/p>\n<p><span style=\"font-size:11px\"><strong><em><a href=\"https:\/\/www.medizinonline.ch\/atopische-dermatitis-und-psoriasis-news\" target=\"_blank\" rel=\"noopener\">Voltar a &#8220;Not\u00edcias sobre dermatite at\u00f3pica e psor\u00edase&#8221;.<\/a><\/em><\/strong><\/span><\/p>\n<p> <!--more--> <\/p>\n<p>A pandemia de Covid 19 provou ser um grande desafio para os doentes com uma doen\u00e7a inflamat\u00f3ria imuno-mediada como a psor\u00edase, segundo o Prof. Dee-Dee Murrell, MD, Membro do Conselho de Administra\u00e7\u00e3o da EADV e Professor de Dermatologia na Universidade Norte-Sul do Pa\u00eds de Gales (AUS) [1]. Os resultados da investiga\u00e7\u00e3o apresentados na Reuni\u00e3o Anual deste ano s\u00e3o um contributo importante para melhorar os cuidados de sa\u00fade &#8211; e a educa\u00e7\u00e3o dos doentes.<\/p>\n<h2 id=\"combater-o-cepticismo-da-vacinacao-covida-com-a-transferencia-de-conhecimentos\">Combater o cepticismo da vacina\u00e7\u00e3o Covida com a transfer\u00eancia de conhecimentos<\/h2>\n<p>Um grupo de investiga\u00e7\u00e3o em Espanha analisou as atitudes dos doentes com psor\u00edase ou artrite psori\u00e1sica em rela\u00e7\u00e3o \u00e0 vacina Covid 19 [2]. Para este efeito, 10 922 mensagens publicadas em canais de comunica\u00e7\u00e3o social entre Janeiro e Mar\u00e7o de 2021 por doentes dos EUA, Reino Unido, Alemanha e Espanha foram submetidas a uma an\u00e1lise de conte\u00fado utilizando palavras-chave predefinidas. Verificou-se que o cepticismo na vacina\u00e7\u00e3o era motivado por preocupa\u00e7\u00f5es de seguran\u00e7a e preocupa\u00e7\u00f5es com um poss\u00edvel agravamento da sua doen\u00e7a auto-imune devido a poss\u00edveis efeitos secund\u00e1rios da vacina (n=344). A falta de conhecimento de dados emp\u00edricos a este respeito surgiu como um factor importante que influenciou esta incerteza. Al\u00e9m disso, muitos pacientes consideraram a informa\u00e7\u00e3o sobre poss\u00edveis interac\u00e7\u00f5es da vacina\u00e7\u00e3o Covid 19 com a terapia biol\u00f3gica insuficiente e n\u00e3o estavam esclarecidos sobre os efeitos da vacina\u00e7\u00e3o em pacientes imunocomprometidos. \u00c9 importante ter isto em conta e educar os doentes com psor\u00edase sobre a relev\u00e2ncia, seguran\u00e7a e efic\u00e1cia de uma vacina\u00e7\u00e3o Covid 19, disse \u00c1lvaro Gonz\u00e1lez-Cantero, MD, Departamento de Dermatologia, Hospital Universit\u00e1rio Ramon Y Cajal, Madrid (E ).<\/p>\n<h2 id=\"terapia-biologica-os-dados-de-registo-de-biocapture-sao-informativos\">Terapia biol\u00f3gica: os dados de registo de BioCAPTURE s\u00e3o informativos<\/h2>\n<p>Num segundo estudo do mundo real, investigadores dos Pa\u00edses Baixos investigaram poss\u00edveis efeitos das terapias biol\u00f3gicas sobre o risco de infec\u00e7\u00f5es respirat\u00f3rias, incluindo a covid-19, para ver se existiam quaisquer associa\u00e7\u00f5es [3]. Os dados do registo BioCAPTURE foram utilizados para analisar uma coorte de 714 doentes com psor\u00edase com um total de 1325 epis\u00f3dios de tratamento, nos quais 2224 infec\u00e7\u00f5es respirat\u00f3rias foram documentadas, das quais apenas 1,3% foram graves. N\u00e3o houve associa\u00e7\u00f5es entre a terapia biol\u00f3gica e as infec\u00e7\u00f5es graves. A taxa de incid\u00eancia calculada para a infec\u00e7\u00e3o por SRA-CoV-2 foi de 3,8 (95% CI: 2,2-6,1) por 100 pacientes-anos em 2020, com base num \u00fanico centro BioCAPTURE.&nbsp;  Os investigadores n\u00e3o encontraram diferen\u00e7as na extens\u00e3o do risco de infec\u00e7\u00e3o respirat\u00f3ria dependendo da biologia utilizada (adalimumab, etanercept, infliximab, ustekinumab, secukinumab, ixekizumab, guselkumab). Al\u00e9m disso, os resultados do estudo at\u00e9 agora indicam que o tratamento com produtos biol\u00f3gicos n\u00e3o afecta a susceptibilidade \u00e0 doen\u00e7a covida 19, embora isto esteja a ser mais explorado, explica Lara van der Schoot, MD, do Departamento de Dermatologia do Centro M\u00e9dico da Universidade de Radboud, Nijmegen (NL). O facto de n\u00e3o haver diferen\u00e7as na magnitude do risco de infec\u00e7\u00e3o respirat\u00f3ria nesta futura coorte de psor\u00edase, dependendo da biologia &#8211; incluindo os mais recentes inibidores de IL-17 e IL-23 &#8211; \u00e9 clinicamente relevante e os investigadores concordam que estes resultados fornecem uma importante base de informa\u00e7\u00e3o para processos de tomada de decis\u00e3o partilhada entre os doentes com psor\u00edase e os seus m\u00e9dicos de tratamento.<\/p>\n<p><em>Congresso:&nbsp;Reuni\u00e3o Anual da EADV 2021<\/em><\/p>\n<p>&nbsp;<\/p>\n<p>Literatura:<\/p>\n<ol>\n<li>&#8220;Dados do mundo real iluminam o impacto da COVID-19 nos doentes psori\u00e1sicos&#8221;, Reuni\u00e3o Anual da EADV, Comunicado de Imprensa, 29.09.2021<\/li>\n<li>Gonz\u00e1lez-Cantero, A, et al: Compreender as experi\u00eancias do mundo real e o impacto da vacina\u00e7\u00e3o COVID-19 no uso associado da biologia em doentes com psor\u00edase e artrite psori\u00e1sica atrav\u00e9s da monitoriza\u00e7\u00e3o das redes sociais. Resumo n\u00ba 181 submetido ao EADV<sup>30\u00ba<\/sup> Congresso 2021<\/li>\n<li>van der Schoot L, et al.: Risco de infec\u00e7\u00f5es graves e das vias respirat\u00f3rias em doentes com psor\u00edase tratados com produtos biol\u00f3gicos: resultados do registo Biocaptura. Resumo n\u00ba 1161 submetido ao EADV 30\u00ba Congresso 2021.<\/li>\n<\/ol>\n<p>&nbsp;<\/p>\n<p><em>DERMATOLOGIE PRAXIS 2021; 31(5): 36 (publicado 8.10.21, antes da impress\u00e3o).<\/em><\/p>\n<p><strong><em><a href=\"https:\/\/www.medizinonline.ch\/atopische-dermatitis-und-psoriasis-news\" target=\"_blank\" rel=\"noopener\">Voltar a &#8220;Not\u00edcias sobre dermatite at\u00f3pica e psor\u00edase&#8221;.<\/a><\/em><\/strong><\/p>\n","protected":false},"excerpt":{"rendered":"<p>Entre os doentes com psor\u00edase, existe frequentemente uma certa incerteza acerca das implica\u00e7\u00f5es da sua doen\u00e7a subjacente e da respectiva terapia do sistema no que diz respeito ao risco de&hellip;<\/p>\n","protected":false},"author":7,"featured_media":112329,"comment_status":"closed","ping_status":"closed","sticky":false,"template":"","format":"standard","meta":{"_acf_changed":false,"pmpro_default_level":"","cat_1_feature_home_top":false,"cat_2_editor_pick":false,"csco_eyebrow_text":"Psor\u00edase: gest\u00e3o da doen\u00e7a durante a pandemia de corona","footnotes":""},"category":[11339,11356,11521,11421,11517,11529,11496,11551],"tags":[12217,13213,13071,12886,13978],"powerkit_post_featured":[],"class_list":["post-327495","post","type-post","status-publish","format-standard","has-post-thumbnail","category-conteudo-do-parceiro","category-dermatologia-e-venereologia-pt-pt","category-estudos","category-infecciologia","category-noticias-pt-pt","category-relatorios-do-congresso","category-reumatologia-pt-pt","category-rx-pt","tag-biologicos","tag-corona-pt-pt","tag-covid-19-pt-pt","tag-psoriase","tag-psoriase-pt-pt","pmpro-has-access"],"acf":[],"publishpress_future_action":{"enabled":false,"date":"2026-05-07 06:56:08","action":"change-status","newStatus":"draft","terms":[],"taxonomy":"category","extraData":[]},"publishpress_future_workflow_manual_trigger":{"enabledWorkflows":[]},"wpml_current_locale":"pt_PT","wpml_translations":{"es_ES":{"locale":"es_ES","id":327503,"slug":"la-toma-de-decisiones-compartida-es-especialmente-importante-en-estos-tiempos","post_title":"\"La toma de decisiones compartida\" es especialmente importante en estos tiempos","href":"https:\/\/medizinonline.com\/es\/la-toma-de-decisiones-compartida-es-especialmente-importante-en-estos-tiempos\/"}},"_links":{"self":[{"href":"https:\/\/medizinonline.com\/pt-pt\/wp-json\/wp\/v2\/posts\/327495","targetHints":{"allow":["GET"]}}],"collection":[{"href":"https:\/\/medizinonline.com\/pt-pt\/wp-json\/wp\/v2\/posts"}],"about":[{"href":"https:\/\/medizinonline.com\/pt-pt\/wp-json\/wp\/v2\/types\/post"}],"author":[{"embeddable":true,"href":"https:\/\/medizinonline.com\/pt-pt\/wp-json\/wp\/v2\/users\/7"}],"replies":[{"embeddable":true,"href":"https:\/\/medizinonline.com\/pt-pt\/wp-json\/wp\/v2\/comments?post=327495"}],"version-history":[{"count":0,"href":"https:\/\/medizinonline.com\/pt-pt\/wp-json\/wp\/v2\/posts\/327495\/revisions"}],"wp:featuredmedia":[{"embeddable":true,"href":"https:\/\/medizinonline.com\/pt-pt\/wp-json\/wp\/v2\/media\/112329"}],"wp:attachment":[{"href":"https:\/\/medizinonline.com\/pt-pt\/wp-json\/wp\/v2\/media?parent=327495"}],"wp:term":[{"taxonomy":"category","embeddable":true,"href":"https:\/\/medizinonline.com\/pt-pt\/wp-json\/wp\/v2\/category?post=327495"},{"taxonomy":"post_tag","embeddable":true,"href":"https:\/\/medizinonline.com\/pt-pt\/wp-json\/wp\/v2\/tags?post=327495"},{"taxonomy":"powerkit_post_featured","embeddable":true,"href":"https:\/\/medizinonline.com\/pt-pt\/wp-json\/wp\/v2\/powerkit_post_featured?post=327495"}],"curies":[{"name":"wp","href":"https:\/\/api.w.org\/{rel}","templated":true}]}}