{"id":328935,"date":"2021-05-27T14:00:00","date_gmt":"2021-05-27T12:00:00","guid":{"rendered":"https:\/\/medizinonline.com\/fitoterapeutica-alivia-concomitantes-somaticos-de-ansiedade\/"},"modified":"2021-05-27T14:00:00","modified_gmt":"2021-05-27T12:00:00","slug":"fitoterapeutica-alivia-concomitantes-somaticos-de-ansiedade","status":"publish","type":"post","link":"https:\/\/medizinonline.com\/pt-pt\/fitoterapeutica-alivia-concomitantes-somaticos-de-ansiedade\/","title":{"rendered":"Fitoterapeutica alivia concomitantes som\u00e1ticos de ansiedade"},"content":{"rendered":"<p><strong>As perturba\u00e7\u00f5es de ansiedade sub-s\u00edndromas e generalizadas s\u00e3o perturba\u00e7\u00f5es comuns. Se n\u00e3o forem tratadas, as perturba\u00e7\u00f5es de ansiedade podem ser associadas a consequ\u00eancias psicossociais significativas. Por conseguinte, s\u00e3o procuradas op\u00e7\u00f5es terap\u00eauticas eficazes e bem toleradas. Uma nova meta-an\u00e1lise confirma os efeitos do tratamento baseado em provas de uma prepara\u00e7\u00e3o fitoterap\u00eautica \u00e0 base de \u00f3leo de lavanda tamb\u00e9m no que diz respeito aos componentes som\u00e1ticos da ansiedade.<\/strong><\/p>\n<p> <!--more--> <\/p>\n<p>De acordo com dados epidemiol\u00f3gicos, a preval\u00eancia da Desordem de Ansiedade Generalizada (GAS) nos doentes de cuidados prim\u00e1rios \u00e9 de 4,1-6%\u20136,0% nos homens e 3%\u20137,1% nas mulheres [1]. Se os crit\u00e9rios de diagn\u00f3stico de um GAS n\u00e3o forem completamente cumpridos, fala-se de um dist\u00farbio de ansiedade sub-sindromal. A sua preval\u00eancia na popula\u00e7\u00e3o em geral \u00e9 de 2,3% [2]. Para al\u00e9m do sintoma principal de ansiedade excessiva e preocupa\u00e7\u00e3o durante pelo menos 6 meses, os crit\u00e9rios secund\u00e1rios para o GAS incluem tens\u00e3o muscular, fadiga, dist\u00farbios do sono e outros sintomas vegetativos [3,4]. Se n\u00e3o forem tratadas, as perturba\u00e7\u00f5es de ansiedade podem ser associadas a consider\u00e1veis defici\u00eancias no tratamento da vida di\u00e1ria e a uma qualidade de vida reduzida. Al\u00e9m disso, as consequ\u00eancias econ\u00f3micas associadas \u00e0 incapacidade para o trabalho s\u00e3o consider\u00e1veis [5,6].<\/p>\n<h2 id=\"silexan-como-uma-opcao-de-tratamento-comprovada-para-a-reducao-da-ansiedade\">Silexan\u00ae como uma op\u00e7\u00e3o de tratamento comprovada para a redu\u00e7\u00e3o da ansiedade<\/h2>\n<p>O extracto de \u00f3leo de lavanda Silexan\u00ae derivado da lavanda medicinal Lavandula angustifolia mostrou efeitos ansiol\u00edticos no GAS e outras perturba\u00e7\u00f5es de ansiedade, e os efeitos ben\u00e9ficos no sono e fadiga tamb\u00e9m foram demonstrados nas perturba\u00e7\u00f5es de ansiedade sub-sindromal.<span style=\"color:rgb(255, 0, 0)\"> <\/span>[7\u201311]. O mecanismo de ac\u00e7\u00e3o do Silexan\u00ae envolve a inibi\u00e7\u00e3o pr\u00e9-sin\u00e1ptica da corrente de c\u00e1lcio dependente da tens\u00e3o (VOCC) no sistema nervoso central e a modula\u00e7\u00e3o dos circuitos neurotransmissores seroton\u00e9rgicos <span style=\"font-family:franklin gothic demi\">(vis\u00e3o geral 1)<\/span>.<\/p>\n<p>&nbsp;<\/p>\n<p><img fetchpriority=\"high\" decoding=\"async\" class=\" size-full wp-image-16443\" alt=\"\" src=\"https:\/\/medizinonline.com\/wp-content\/uploads\/2021\/05\/ubersicht1_hp5_s29.png\" style=\"height:482px; width:400px\" width=\"710\" height=\"856\" srcset=\"https:\/\/medizinonline.com\/wp-content\/uploads\/2021\/05\/ubersicht1_hp5_s29.png 710w, https:\/\/medizinonline.com\/wp-content\/uploads\/2021\/05\/ubersicht1_hp5_s29-120x145.png 120w, https:\/\/medizinonline.com\/wp-content\/uploads\/2021\/05\/ubersicht1_hp5_s29-90x109.png 90w, https:\/\/medizinonline.com\/wp-content\/uploads\/2021\/05\/ubersicht1_hp5_s29-320x386.png 320w, https:\/\/medizinonline.com\/wp-content\/uploads\/2021\/05\/ubersicht1_hp5_s29-560x675.png 560w\" sizes=\"(max-width: 710px) 100vw, 710px\" \/><\/p>\n<p>&nbsp;<\/p>\n<p><img decoding=\"async\" class=\"size-full wp-image-16444 lazyload\" alt=\"\" data-src=\"https:\/\/medizinonline.com\/wp-content\/uploads\/2021\/05\/kasten_hp5_s29.png\" style=\"--smush-placeholder-width: 1100px; --smush-placeholder-aspect-ratio: 1100\/413;height:225px; width:600px\" width=\"1100\" height=\"413\" data-srcset=\"https:\/\/medizinonline.com\/wp-content\/uploads\/2021\/05\/kasten_hp5_s29.png 1100w, https:\/\/medizinonline.com\/wp-content\/uploads\/2021\/05\/kasten_hp5_s29-800x300.png 800w, https:\/\/medizinonline.com\/wp-content\/uploads\/2021\/05\/kasten_hp5_s29-120x45.png 120w, https:\/\/medizinonline.com\/wp-content\/uploads\/2021\/05\/kasten_hp5_s29-90x34.png 90w, https:\/\/medizinonline.com\/wp-content\/uploads\/2021\/05\/kasten_hp5_s29-320x120.png 320w, https:\/\/medizinonline.com\/wp-content\/uploads\/2021\/05\/kasten_hp5_s29-560x210.png 560w\" data-sizes=\"(max-width: 1100px) 100vw, 1100px\" src=\"data:image\/svg+xml;base64,PHN2ZyB3aWR0aD0iMSIgaGVpZ2h0PSIxIiB4bWxucz0iaHR0cDovL3d3dy53My5vcmcvMjAwMC9zdmciPjwvc3ZnPg==\" \/><\/p>\n<p>&nbsp;<\/p>\n<h2 id=\"nova-meta-analise-confirma-silexan-tambem-reduz-os-sintomas-somaticos\">Nova meta-an\u00e1lise confirma: Silexan\u00ae tamb\u00e9m reduz os sintomas som\u00e1ticos<\/h2>\n<p>Para avaliar os efeitos terap\u00eauticos espec\u00edficos da Silexan\u00ae nos sintomas som\u00e1ticos do GAS e da perturba\u00e7\u00e3o da ansiedade sub-sindromal, foi realizada uma meta-an\u00e1lise [14]. Foram inclu\u00eddos cinco ensaios aleatorizados e controlados por placebo em doentes com GAS (2 ensaios) e em doentes com dist\u00farbio de ansiedade sub-sindromal (3&nbsp;ensaios) [7\u201310,13] <span style=\"font-family:franklin gothic demi\">(caixa<\/span> ). Silexan\u00ae (80&nbsp;mg\/dia) demonstrou ser superior ao placebo na semana 10 ap\u00f3s a linha de base em termos de mudan\u00e7a m\u00e9dia na subscritora HAMA &#8220;Somatic Anxiety&#8221; (itens HAMA 7-13). A diferen\u00e7a m\u00e9dia normalizada (SMD) foi de -0,31 [95% cl: -0,52 a -0,10, p=0,004] [14,15,18]. Os efeitos do tratamento de Silexan\u00ae sobre os componentes som\u00e1ticos da ansiedade eram independentes do sexo e da idade. Tamb\u00e9m foram mostradas diferen\u00e7as estatisticamente significativas para os itens individuais do HAMA sintomas som\u00e1ticos, musculares, cardiovasculares, respirat\u00f3rios e urogenitais. Tamb\u00e9m em rela\u00e7\u00e3o ao SF-36 subscore &#8216;Physical Health&#8217;, que \u00e9 avaliado como um indicador da qualidade de vida relacionada com a sa\u00fade e \u00e9 utilizado em todos os estudos inclu\u00eddos excepto Kasper et al. 2015 [9], os efeitos clinicamente significativos da Silexan\u00ae eram mensur\u00e1veis.<\/p>\n<p>&nbsp;<\/p>\n<p>Literatura:<\/p>\n<ol>\n<li>Munk-Jorgensen P, et al: Psychiatric Services (Washington, D. C.) 2006; 57(12): 1738-1744.<\/li>\n<li>Gilmour H: Relat\u00f3rios de Sa\u00fade 2016; 27(11): 13- 21.<\/li>\n<li>Burstein M, et al: Psychological Medicine 2014; 44(11): 2351-2362.<\/li>\n<li>APA: Manual de Diagn\u00f3stico e Estat\u00edstica dos Transtornos Mentais 2013, Quinta Edi\u00e7\u00e3o. Washington D.C: Publica\u00e7\u00e3o Psiqui\u00e1trica Americana.<\/li>\n<li>Greenberg, PE, et al: Journal of Clinical Psychiatry 1999; 60(7): 427-435.<\/li>\n<li>Hoffman DL, et al: Depress Anxiety 2008; 25(1): 72-90.<\/li>\n<li>Kasper S, et al: International Clinical Psychopharmacology 2010; 25(5): 277- 287.<\/li>\n<li>Kasper S,et al: European Neuropsychopharmacology 2016; 26(2): 331-340.<\/li>\n<li>Kasper S, Anghelescu I, Dienel A: European Neuropsychopharmacology 2015; 25(11): 1960-1967.<\/li>\n<li>M\u00f6ller H-J, et al: European Archives of Psychiatry and Clinical Neuroscience 2019; 269(2): 183-193.<\/li>\n<li>Kasper S, et al: International Clinical Psychopharmacology 2010; 25(5): 277-287.<\/li>\n<li>M\u00fcller WE, et al: Psicofarmacoterapia 2015; 22: 3-14.<\/li>\n<li>Kasper S, et al: International Clinical Psychopharmacology 2017; 32(4): 195-204R, et al: Brain and Behaviour 2021 ; 11(4): e01997.<\/li>\n<li>von K\u00e4nel R, et al.: Efeitos terap\u00eauticos da Silexan nos sintomas som\u00e1ticos e na sa\u00fade f\u00edsica em doentes com dist\u00farbios de ansiedade: Uma meta-an\u00e1lise. C\u00e9rebro e Comportamento 2021 ; 11(4) : e01997.<\/li>\n<li>Hamilton M: British Journal of Medical Psychology 1959; 32(1): 50-55.<\/li>\n<li>Baldinger P, et al: Int J Neuropsychopharmacol 2014; 18(4). doi: 10.1093\/ijnp\/pyu063.<\/li>\n<li>Seifritz E, et al: International Journal of Neuropsychopharmacology 2020, DOI: 10.1093.<\/li>\n<li>Cohen J: An\u00e1lise do poder estat\u00edstico para as ci\u00eancias do comportamento. Lawrence Erlbaum Associates: 1988,<sup>2\u00aa<\/sup> ed.&nbsp;, pp. 82<\/li>\n<\/ol>\n<p>&nbsp;<\/p>\n<p><em>PR\u00c1TICA DO GP 2021; 16(5): 29<br \/>\nInFo NEUROLOGIA &amp; PSYCHIATry 2021; 19(3): 42<\/em><\/p>\n","protected":false},"excerpt":{"rendered":"<p>As perturba\u00e7\u00f5es de ansiedade sub-s\u00edndromas e generalizadas s\u00e3o perturba\u00e7\u00f5es comuns. Se n\u00e3o forem tratadas, as perturba\u00e7\u00f5es de ansiedade podem ser associadas a consequ\u00eancias psicossociais significativas. Por conseguinte, s\u00e3o procuradas op\u00e7\u00f5es&hellip;<\/p>\n","protected":false},"author":7,"featured_media":108055,"comment_status":"closed","ping_status":"","sticky":false,"template":"","format":"standard","meta":{"_acf_changed":false,"pmpro_default_level":"","cat_1_feature_home_top":false,"cat_2_editor_pick":false,"csco_eyebrow_text":"Transtorno Sub-sindromal e de Ansiedade Generalizada (GAS)","footnotes":""},"category":[11521,11453,11542,11481,11551],"tags":[20358,17107],"powerkit_post_featured":[],"class_list":["post-328935","post","type-post","status-publish","format-standard","has-post-thumbnail","category-estudos","category-farmacologia-e-toxicologia","category-mercado-medicina","category-psiquiatria-e-psicoterapia","category-rx-pt","tag-oleo-de-lavender","tag-transtorno-de-ansiedade","pmpro-has-access"],"acf":[],"publishpress_future_action":{"enabled":false,"date":"2026-05-08 19:25:43","action":"change-status","newStatus":"draft","terms":[],"taxonomy":"category","extraData":[]},"publishpress_future_workflow_manual_trigger":{"enabledWorkflows":[]},"wpml_current_locale":"pt_PT","wpml_translations":{"es_ES":{"locale":"es_ES","id":328938,"slug":"la-fitoterapia-alivia-los-concomitantes-somaticos-de-la-ansiedad","post_title":"La fitoterapia alivia los concomitantes som\u00e1ticos de la ansiedad","href":"https:\/\/medizinonline.com\/es\/la-fitoterapia-alivia-los-concomitantes-somaticos-de-la-ansiedad\/"}},"_links":{"self":[{"href":"https:\/\/medizinonline.com\/pt-pt\/wp-json\/wp\/v2\/posts\/328935","targetHints":{"allow":["GET"]}}],"collection":[{"href":"https:\/\/medizinonline.com\/pt-pt\/wp-json\/wp\/v2\/posts"}],"about":[{"href":"https:\/\/medizinonline.com\/pt-pt\/wp-json\/wp\/v2\/types\/post"}],"author":[{"embeddable":true,"href":"https:\/\/medizinonline.com\/pt-pt\/wp-json\/wp\/v2\/users\/7"}],"replies":[{"embeddable":true,"href":"https:\/\/medizinonline.com\/pt-pt\/wp-json\/wp\/v2\/comments?post=328935"}],"version-history":[{"count":0,"href":"https:\/\/medizinonline.com\/pt-pt\/wp-json\/wp\/v2\/posts\/328935\/revisions"}],"wp:featuredmedia":[{"embeddable":true,"href":"https:\/\/medizinonline.com\/pt-pt\/wp-json\/wp\/v2\/media\/108055"}],"wp:attachment":[{"href":"https:\/\/medizinonline.com\/pt-pt\/wp-json\/wp\/v2\/media?parent=328935"}],"wp:term":[{"taxonomy":"category","embeddable":true,"href":"https:\/\/medizinonline.com\/pt-pt\/wp-json\/wp\/v2\/category?post=328935"},{"taxonomy":"post_tag","embeddable":true,"href":"https:\/\/medizinonline.com\/pt-pt\/wp-json\/wp\/v2\/tags?post=328935"},{"taxonomy":"powerkit_post_featured","embeddable":true,"href":"https:\/\/medizinonline.com\/pt-pt\/wp-json\/wp\/v2\/powerkit_post_featured?post=328935"}],"curies":[{"name":"wp","href":"https:\/\/api.w.org\/{rel}","templated":true}]}}