{"id":329100,"date":"2021-05-09T13:00:00","date_gmt":"2021-05-09T11:00:00","guid":{"rendered":"https:\/\/medizinonline.com\/primeiro-inibidor-oral-jak-aprovado-para-o-tratamento-da-dermatite-atopica\/"},"modified":"2021-05-09T13:00:00","modified_gmt":"2021-05-09T11:00:00","slug":"primeiro-inibidor-oral-jak-aprovado-para-o-tratamento-da-dermatite-atopica","status":"publish","type":"post","link":"https:\/\/medizinonline.com\/pt-pt\/primeiro-inibidor-oral-jak-aprovado-para-o-tratamento-da-dermatite-atopica\/","title":{"rendered":"Primeiro inibidor oral JAK aprovado para o tratamento da dermatite at\u00f3pica"},"content":{"rendered":"<p><strong>O uso de pequenas mol\u00e9culas para o tratamento da dermatite at\u00f3pica tem sido investigado h\u00e1 muito tempo. Com a aprova\u00e7\u00e3o do inibidor de Janus kinase (JAK) baricitinib, est\u00e1 agora dispon\u00edvel uma nova alternativa de tratamento oral para doentes com dermatite at\u00f3pica moderada a grave.<\/strong><\/p>\n<p> <!--more--> <\/p>\n<p>O Swissmedic concedeu autoriza\u00e7\u00e3o de comercializa\u00e7\u00e3o para o inibidor de Janus kinase (JAK) baricitinib (Olumiant\u00ae) em Fevereiro de 2021 para o tratamento de doentes adultos com dermatite at\u00f3pica moderada a grave. Este \u00e9 o primeiro inibidor oral JAK dispon\u00edvel na Su\u00ed\u00e7a para o tratamento da dermatite at\u00f3pica [1] <span style=\"font-family:franklin gothic demi\">(caixa)<\/span>. A dermatite at\u00f3pica \u00e9 uma das doen\u00e7as cr\u00f3nicas inflamat\u00f3rias cut\u00e2neas mais comuns e est\u00e1 associada a uma qualidade de vida significativamente reduzida, especialmente em casos graves&nbsp;[2]. As comorbilidades s\u00e3o comuns: a comich\u00e3o pode levar a dist\u00farbios do sono e o risco de depress\u00e3o e dist\u00farbios de ansiedade \u00e9 muito maior em compara\u00e7\u00e3o com indiv\u00edduos saud\u00e1veis da pele [4].<\/p>\n<p>&nbsp;<\/p>\n<p><img fetchpriority=\"high\" decoding=\"async\" class=\" size-full wp-image-16259\" alt=\"\" src=\"https:\/\/medizinonline.com\/wp-content\/uploads\/2021\/05\/kasten_dp2_s30.png\" style=\"height:362px; width:600px\" width=\"1100\" height=\"663\"><\/p>\n<p>&nbsp;<\/p>\n<h2 id=\"alivio-rapido-da-prurido-e-reducao-eficaz-das-lesoes-cutaneas\">Al\u00edvio r\u00e1pido da prurido e redu\u00e7\u00e3o eficaz das les\u00f5es cut\u00e2neas<\/h2>\n<p>O ensaio BREEZE-AD7 investigou a efic\u00e1cia e tolerabilidade do baricitinibe em combina\u00e7\u00e3o com corticoster\u00f3ides t\u00f3picos (TCS) de classe leve ou moderada [6]. J\u00e1 ap\u00f3s quatro semanas, uma propor\u00e7\u00e3o significativamente mais elevada do grupo tratado com baricitinib 4&nbsp;mg e TCS mostrou uma redu\u00e7\u00e3o da comich\u00e3o em \u22654 pontos no prurido NRS, o que corresponde a um al\u00edvio clinicamente relevante (p&lt;0,001) [6]. Na semana 16, 44% dos pacientes que receberam a dose padr\u00e3o de baricitinibe e TCS alcan\u00e7aram al\u00edvio clinicamente relevante do prurido, que \u00e9 mais do dobro da propor\u00e7\u00e3o que recebe placebo e TCS (p&lt;0,001) [6]. As les\u00f5es eczematosas vis\u00edveis, em particular, podem ser muito angustiantes para os doentes com dermatite at\u00f3pica. Num inqu\u00e9rito aos doentes com dermatite at\u00f3pica grave em 8 pa\u00edses, 82% disseram estar preocupados com o seu aparecimento [3]. Em&nbsp;o estudo BREEZE-AD7, o baricitinib tamb\u00e9m se revelou altamente eficaz em termos de resposta EASI75, o que corresponde a um al\u00edvio claramente vis\u00edvel dos sintomas cut\u00e2neos. Na semana 16, 48% dos pacientes conseguiram uma resposta EASI75 com baricitinib e TCS, mais do dobro dos que com placebo e TCS (p&lt;0,001) [6].<\/p>\n<h2 id=\"\">&nbsp;<\/h2>\n<h2 id=\"-2\"><img decoding=\"async\" class=\"size-full wp-image-16260 lazyload\" alt=\"\" data-src=\"https:\/\/medizinonline.com\/wp-content\/uploads\/2021\/05\/ubersicht1_dp2-s30.png\" style=\"--smush-placeholder-width: 708px; --smush-placeholder-aspect-ratio: 708\/622;height:351px; width:400px\" width=\"708\" height=\"622\" src=\"data:image\/svg+xml;base64,PHN2ZyB3aWR0aD0iMSIgaGVpZ2h0PSIxIiB4bWxucz0iaHR0cDovL3d3dy53My5vcmcvMjAwMC9zdmciPjwvc3ZnPg==\"><\/h2>\n<h2 id=\"-3\">&nbsp;<\/h2>\n<h2 id=\"forma-de-dosagem-amiga-do-paciente-e-boa-tolerabilidade\">Forma de dosagem amiga do paciente e boa tolerabilidade<\/h2>\n<p>Baricitinib \u00e9 muito f\u00e1cil de usar: um comprimido por dia, independentemente das refei\u00e7\u00f5es e da hora do dia. Uma vez que a elimina\u00e7\u00e3o \u00e9 predominantemente renal, quase n\u00e3o h\u00e1 interac\u00e7\u00f5es medicamentosas clinicamente relevantes. Gra\u00e7as a uma meia-vida curta, o baricitinib \u00e9 tamb\u00e9m facilmente controlado e pode ser ajustado a uma dose de 2&nbsp;mg, se necess\u00e1rio [1]. Dados exaustivos sobre a seguran\u00e7a e tolerabilidade do baricitinib em dermatite at\u00f3pica est\u00e3o dispon\u00edveis a partir de uma an\u00e1lise de seguran\u00e7a conjunta de 8 ensaios cl\u00ednicos aleat\u00f3rios envolvendo 2531 doentes e 2247 doentes-anos [7]. A frequ\u00eancia de infec\u00e7\u00f5es graves, infec\u00e7\u00f5es oportunistas e complica\u00e7\u00f5es conjuntivistas era compar\u00e1vel ao placebo. Os efeitos secund\u00e1rios mais comuns relatados foram nasofaringite e dor de cabe\u00e7a, bem como eleva\u00e7\u00e3o da creatina fosfocinases e diarreia. No entanto, estas n\u00e3o levaram normalmente \u00e0 interrup\u00e7\u00e3o da terapia [7]. Mesmo na \u00e1rea de indica\u00e7\u00e3o da artrite reumat\u00f3ide, onde o baricitinibe tem sido utilizado h\u00e1 algum tempo, o perfil de seguran\u00e7a favor\u00e1vel do baricitinibe para o tratamento da AR observado em ensaios cl\u00ednicos provou ser constante at\u00e9 8,4&nbsp;anos, de acordo com os resultados de uma recente an\u00e1lise de seguran\u00e7a integrada [5].<\/p>\n<p><em>Fonte:&nbsp;Eli Lilly<\/em><\/p>\n<p>&nbsp;<\/p>\n<p>Literatura:<\/p>\n<ol>\n<li>Informa\u00e7\u00e3o sobre o assunto Olumiant\u00ae, www.swissmedicinfo.ch, (\u00faltimo acesso 08.04.2021)<\/li>\n<li>Silverberg JI, et al: Ann Allergy Asthma Immunol 2018; 12(3): 340-347 .<\/li>\n<li>Guttman-Yassky E, et al: J Am Acad Dermatol. 2019; 80: 913-921.e9.<\/li>\n<li>Ronnstad ATM, et al: JAAD 2018; 79: 448-456.<\/li>\n<li>Genovese MD, et al: Ann Rheum Dis 2020; 79 (Sup.&nbsp;1): 638, Resumo: FRI0123<\/li>\n<li>Reich K, et al: JAMA Dermatol 2020; 156(12): 1333-1343.<\/li>\n<li>Bieber T, et al: J Eur Acad Dermatol Venereol 2020; doi: 10.1111\/jdv.16948<\/li>\n<\/ol>\n<p>&nbsp;<\/p>\n<p><em>PR\u00c1TICA DA DERMATOLOGIA 2021; 31(2): 30<\/em><\/p>\n","protected":false},"excerpt":{"rendered":"<p>O uso de pequenas mol\u00e9culas para o tratamento da dermatite at\u00f3pica tem sido investigado h\u00e1 muito tempo. Com a aprova\u00e7\u00e3o do inibidor de Janus kinase (JAK) baricitinib, est\u00e1 agora dispon\u00edvel&hellip;<\/p>\n","protected":false},"author":7,"featured_media":106942,"comment_status":"closed","ping_status":"","sticky":false,"template":"","format":"standard","meta":{"_acf_changed":false,"pmpro_default_level":"","cat_1_feature_home_top":false,"cat_2_editor_pick":false,"csco_eyebrow_text":"Baricitinib","footnotes":""},"category":[11344,11356,11542,11551],"tags":[17573,15775],"powerkit_post_featured":[],"class_list":["post-329100","post","type-post","status-publish","format-standard","has-post-thumbnail","category-alergologia-e-imunologia-clinica","category-dermatologia-e-venereologia-pt-pt","category-mercado-medicina","category-rx-pt","tag-baricitinib-pt-pt","tag-inibidor-jak","pmpro-has-access"],"acf":[],"publishpress_future_action":{"enabled":false,"date":"2026-05-07 15:37:00","action":"change-status","newStatus":"draft","terms":[],"taxonomy":"category","extraData":[]},"publishpress_future_workflow_manual_trigger":{"enabledWorkflows":[]},"wpml_current_locale":"pt_PT","wpml_translations":{"es_ES":{"locale":"es_ES","id":329109,"slug":"primer-inhibidor-oral-de-jak-aprobado-para-el-tratamiento-de-la-dermatitis-atopica","post_title":"Primer inhibidor oral de JAK aprobado para el tratamiento de la dermatitis at\u00f3pica","href":"https:\/\/medizinonline.com\/es\/primer-inhibidor-oral-de-jak-aprobado-para-el-tratamiento-de-la-dermatitis-atopica\/"}},"_links":{"self":[{"href":"https:\/\/medizinonline.com\/pt-pt\/wp-json\/wp\/v2\/posts\/329100","targetHints":{"allow":["GET"]}}],"collection":[{"href":"https:\/\/medizinonline.com\/pt-pt\/wp-json\/wp\/v2\/posts"}],"about":[{"href":"https:\/\/medizinonline.com\/pt-pt\/wp-json\/wp\/v2\/types\/post"}],"author":[{"embeddable":true,"href":"https:\/\/medizinonline.com\/pt-pt\/wp-json\/wp\/v2\/users\/7"}],"replies":[{"embeddable":true,"href":"https:\/\/medizinonline.com\/pt-pt\/wp-json\/wp\/v2\/comments?post=329100"}],"version-history":[{"count":0,"href":"https:\/\/medizinonline.com\/pt-pt\/wp-json\/wp\/v2\/posts\/329100\/revisions"}],"wp:featuredmedia":[{"embeddable":true,"href":"https:\/\/medizinonline.com\/pt-pt\/wp-json\/wp\/v2\/media\/106942"}],"wp:attachment":[{"href":"https:\/\/medizinonline.com\/pt-pt\/wp-json\/wp\/v2\/media?parent=329100"}],"wp:term":[{"taxonomy":"category","embeddable":true,"href":"https:\/\/medizinonline.com\/pt-pt\/wp-json\/wp\/v2\/category?post=329100"},{"taxonomy":"post_tag","embeddable":true,"href":"https:\/\/medizinonline.com\/pt-pt\/wp-json\/wp\/v2\/tags?post=329100"},{"taxonomy":"powerkit_post_featured","embeddable":true,"href":"https:\/\/medizinonline.com\/pt-pt\/wp-json\/wp\/v2\/powerkit_post_featured?post=329100"}],"curies":[{"name":"wp","href":"https:\/\/api.w.org\/{rel}","templated":true}]}}