{"id":329821,"date":"2021-03-14T01:00:00","date_gmt":"2021-03-14T00:00:00","guid":{"rendered":"https:\/\/medizinonline.com\/plataforma-digital-de-saude-e-sistemas-de-diagnostico-de-alta-tecnologia\/"},"modified":"2021-03-14T01:00:00","modified_gmt":"2021-03-14T00:00:00","slug":"plataforma-digital-de-saude-e-sistemas-de-diagnostico-de-alta-tecnologia","status":"publish","type":"post","link":"https:\/\/medizinonline.com\/pt-pt\/plataforma-digital-de-saude-e-sistemas-de-diagnostico-de-alta-tecnologia\/","title":{"rendered":"Plataforma digital de sa\u00fade e sistemas de diagn\u00f3stico de &#8220;alta tecnologia"},"content":{"rendered":"<p><strong>Durante a pandemia da coroa, a procura de servi\u00e7os de &#8220;sa\u00fade digital&#8221; aumentou significativamente. O acesso interactivo e sem complica\u00e7\u00f5es aos cuidados de sa\u00fade responde a uma necessidade actual. No entanto, a fim de assegurar os cuidados m\u00e9dicos necess\u00e1rios para todos, outras quest\u00f5es n\u00e3o devem ser esquecidas.&nbsp;<\/strong><\/p>\n<p> <!--more--> <\/p>\n<p>Tendo em conta a evolu\u00e7\u00e3o demogr\u00e1fica e o aumento das doen\u00e7as cr\u00f3nicas, o refor\u00e7o dos cuidados prim\u00e1rios \u00e9 considerado um factor decisivo nos cuidados de sa\u00fade integrados [1]. A Funda\u00e7\u00e3o independente para a Medi\u00e7\u00e3o da Qualidade EQUAM define o objectivo da gest\u00e3o da doen\u00e7a como &#8220;uma vis\u00e3o hol\u00edstica, integral e em rede dos percursos de tratamento e cuidados ao longo de todo o curso da doen\u00e7a&#8221; [2]. O programa da OMS &#8220;Sa\u00fade 21: Sa\u00fade para Todos no s\u00e9culo XXI&#8221;, de 1998, j\u00e1 ancorava a realiza\u00e7\u00e3o de um sector de sa\u00fade integrado, no qual os cuidados prim\u00e1rios devem ter um maior peso, como objectivo de sa\u00fade [1,3]. Em resumo, os cuidados prim\u00e1rios neste contexto s\u00e3o definidos da seguinte forma: estruturas e fun\u00e7\u00f5es no sector ambulat\u00f3rio que s\u00e3o acess\u00edveis \u00e0 popula\u00e7\u00e3o num limiar baixo e fornecem respostas, particularmente no caso de problemas de sa\u00fade agudos, bem como servi\u00e7os gerais, tendo em conta a situa\u00e7\u00e3o psicossocial global.<\/p>\n<h2 id=\"lancada-nova-plataforma-integrada-de-saude-digital\">Lan\u00e7ada nova plataforma integrada de sa\u00fade digital<\/h2>\n<p>O acesso interactivo e sem complica\u00e7\u00f5es aos cuidados de sa\u00fade \u00e9 assim um aspecto importante dos cuidados prim\u00e1rios sob esta perspectiva. Com o objectivo de fornecer apoio digital e cuidados integrados em toda a Su\u00ed\u00e7a, organiza\u00e7\u00f5es de v\u00e1rios sectores da sa\u00fade na Su\u00ed\u00e7a lan\u00e7aram a funda\u00e7\u00e3o de uma empresa conjunta.&nbsp;  A plataforma de sa\u00fade digital integrada Q2 2021 destina-se a ajudar a melhorar a qualidade do tratamento e a efici\u00eancia dos processos [4]. A plataforma est\u00e1 aberta a seguradoras, m\u00e9dicos, hospitais, farm\u00e1cias e outros intervenientes no sistema de sa\u00fade. Os pacientes recebem apoio na organiza\u00e7\u00e3o dos seus cuidados de sa\u00fade pessoais em todas as fases do tratamento. Com um clique, tem acesso a servi\u00e7os de sa\u00fade individualmente adaptados e de qualidade comprovada. Estes est\u00e3o dispon\u00edveis 24 horas por dia atrav\u00e9s de uma aplica\u00e7\u00e3o para smartphone. Desta forma, as quest\u00f5es gerais de sa\u00fade podem ser esclarecidas de forma r\u00e1pida e conveniente; em caso de doen\u00e7a, uma verifica\u00e7\u00e3o digital dos sintomas permite um diagn\u00f3stico inicial e pode ser procurado apoio m\u00e9dico. Para al\u00e9m de marcar consultas m\u00e9dicas, os medicamentos tamb\u00e9m podem ser encomendados atrav\u00e9s da aplica\u00e7\u00e3o [4]. Isto proporciona aos prestadores de servi\u00e7os uma simples op\u00e7\u00e3o de interac\u00e7\u00e3o digital com os seus pacientes e outros intervenientes ao longo do percurso de tratamento. Felix Huber, MD, Presidente da rede de m\u00e9dicos mediX Su\u00ed\u00e7a sublinha: &#8220;A plataforma de sa\u00fade destaca-se de outras iniciativas precisamente porque envolve activamente os prestadores de servi\u00e7os, tais como a profiss\u00e3o m\u00e9dica, no desenvolvimento e concep\u00e7\u00e3o da plataforma&#8221;. Estas interfaces alargadas de clientes numa base digital dever\u00e3o permitir uma maior qualidade de tratamento e processos mais eficientes, contribuindo assim tamb\u00e9m para reduzir os custos dos cuidados de sa\u00fade e os pr\u00e9mios dos seguros de sa\u00fade. Garantir a protec\u00e7\u00e3o e seguran\u00e7a dos dados \u00e9 uma preocupa\u00e7\u00e3o importante para os iniciadores da plataforma de sa\u00fade. Os dados s\u00e3o armazenados numa \u00e1rea segura e independente de seguros e os pr\u00f3prios segurados decidem quem pode ter acesso a que dados. A entrada no mercado com as primeiras ofertas est\u00e1 prevista para o segundo trimestre de 2021.<\/p>\n<h2 id=\"\">&nbsp;<\/h2>\n<table border=\"1\" cellpadding=\"4\" cellspacing=\"1\" style=\"width:500px\">\n<tbody>\n<tr>\n<td>\n<p><strong>Kit de ferramentas de diagn\u00f3stico m\u00f3vel de \u00faltima gera\u00e7\u00e3o<\/strong><\/p>\n<p>O CAMPTON Reader 100 realiza an\u00e1lises semi-paralelas de prote\u00ednas e DNA de forma totalmente autom\u00e1tica em cartuchos descart\u00e1veis de microfluidos, de acordo com protocolos de teste internos [5]. Ap\u00f3s alguns minutos, os resultados da an\u00e1lise s\u00e3o mostrados no visor. \u00c9 poss\u00edvel integrar testes baseados em ELISA na plataforma Biochip ou realizar testes de ADN e ELISAs de prote\u00ednas com base num \u00fanico hardware. &#8220;O nosso sistema \u00e9 port\u00e1til, f\u00e1cil de operar e pode, portanto, ser muito bem adaptado para utiliza\u00e7\u00e3o independente da localiza\u00e7\u00e3o &#8211; mais tarde, numa nova gera\u00e7\u00e3o de dispositivos, por exemplo, tamb\u00e9m directamente na casa do paciente. J\u00e1 durante o tempo de espera no m\u00e9dico, os resultados podem ser determinados para um tratamento mais r\u00e1pido de poss\u00edveis doen\u00e7as. Desta forma, contribu\u00edmos para um diagn\u00f3stico e terapia mais r\u00e1pidos, bem como para uma melhoria dos cuidados m\u00e9dicos&#8221;, explica J\u00fcrgen Brink, CEO da CAMPTON Diagnostics.<\/p>\n<\/td>\n<\/tr>\n<\/tbody>\n<\/table>\n<h2 id=\"-2\">&nbsp;<\/h2>\n<h2 id=\"sistema-de-ponto-de-tratamento-permite-a-deteccao-eficiente-de-biomarcadores\">&#8220;Sistema de ponto de tratamento permite a detec\u00e7\u00e3o eficiente de biomarcadores<\/h2>\n<p>O dispositivo de diagn\u00f3stico CAMPTON Reader 100 contribui para modernizar e aumentar a efici\u00eancia dos processos de diagn\u00f3stico. O dispositivo de diagn\u00f3stico permite a detec\u00e7\u00e3o de biomarcadores, por exemplo para infec\u00e7\u00f5es, cancro, auto-imunes ou outras doen\u00e7as, em poucos minutos com base numa amostra de sangue total [5]. Uma caracter\u00edstica especial do sistema baseado em biochips el\u00e9ctricos \u00e9 que \u00e9 extremamente miniaturiz\u00e1vel. &#8220;O nosso objectivo no desenvolvimento do sistema foi desenvolver uma plataforma tecnol\u00f3gica universal para o diagn\u00f3stico que, acima de tudo, tamb\u00e9m deveria ser altamente miniaturiz\u00e1vel e ter assim todos os pr\u00e9-requisitos para a mobilidade. Al\u00e9m disso, a nossa plataforma oferece a possibilidade de an\u00e1lise simult\u00e2nea de prote\u00ednas e ADN&#8221;, explica Lars Blohm, CTO de CAMPTON. Est\u00e1 actualmente em desenvolvimento um teste serol\u00f3gico e um teste biol\u00f3gico molecular para o SRA-CoV-2 para medi\u00e7\u00e3o quase simult\u00e2nea a partir de uma amostra de sangue e um esfrega\u00e7o usando um leitor de biochip. Espera-se que os bioensaios Corona estejam dispon\u00edveis em 2021, quando se espera que a pandemia venha a perder for\u00e7a e que se tornem necess\u00e1rios testes aleat\u00f3rios no local de tratamento.<\/p>\n<p>&nbsp;<\/p>\n<p>Literatura:<\/p>\n<ol>\n<li>Sottas B, Br\u00fcgger S: Innovative Pflegeformen und nutzerorientierte Versorgungsans\u00e4tze, Careum 2011, www.careum.ch, (\u00faltimo acesso 14.02.2021)<\/li>\n<li>EQUAM: Rede de M\u00e9dicos &#8211; Qualidade Certificada de Cuidados Coordenados. Descri\u00e7\u00e3o do programa. Vers\u00e3o 4.1, Dezembro de 2020, www.equam.ch, (\u00faltimo acesso 14.02.2021)<\/li>\n<li>OMS: Sa\u00fade21: Sa\u00fade para todos no s\u00e9culo XXI. Copenhaga, 1998.<\/li>\n<li>&#8220;Allianz Care, CSS, Visana e Zur Rose Group lan\u00e7am uma plataforma de sa\u00fade abrangente digita-le&#8221;, heimeundspitaeler.ch, 13.11. 2020<\/li>\n<li>&#8220;CAMPTON Diagnostics apresenta uma plataforma de ponto de tratamento totalmente automatizada para resultados de testes r\u00e1pidos&#8221;, CAMPTON Diagnostics GmbH, 16.11.2020.<\/li>\n<\/ol>\n<p>\n<em>PR\u00c1TICA DO GP 2021; 16(2): 5<br \/>\nCARDIOVASC 2021; 20(1): 35<br \/>\nInFo DOR &amp; GERIATURA 2021; 3(1): 27<br \/>\nInFo NEUROLOGIA &amp; PSYCHIATry 2021; 19(5): 38<\/em><\/p>\n","protected":false},"excerpt":{"rendered":"<p>Durante a pandemia da coroa, a procura de servi\u00e7os de &#8220;sa\u00fade digital&#8221; aumentou significativamente. O acesso interactivo e sem complica\u00e7\u00f5es aos cuidados de sa\u00fade responde a uma necessidade actual. No&hellip;<\/p>\n","protected":false},"author":7,"featured_media":104061,"comment_status":"closed","ping_status":"","sticky":false,"template":"","format":"standard","meta":{"_acf_changed":false,"pmpro_default_level":"","cat_1_feature_home_top":false,"cat_2_editor_pick":false,"csco_eyebrow_text":"Inova\u00e7\u00f5es tecnol\u00f3gicas m\u00e9dicas  ","footnotes":""},"category":[11524,11305,11474,11551],"tags":[21406,13629,21403,21401,21408,19465,21402,21405,21404,21407],"powerkit_post_featured":[],"class_list":["post-329821","post","type-post","status-publish","format-standard","has-post-thumbnail","category-formacao-continua","category-medicina-interna-geral","category-prevencao-e-cuidados-de-saude","category-rx-pt","tag-aplicacao-smartphone","tag-biomarcador","tag-equam-pt-pt","tag-inovacoes-tecnologicas-medicas","tag-leitor-campton-100","tag-oms-pt-pt","tag-plataforma-digital-de-saude","tag-q2-2021-pt-pt","tag-saude-21","tag-sistema-de-ponto-de-tratamento","pmpro-has-access"],"acf":[],"publishpress_future_action":{"enabled":false,"date":"2026-05-03 14:13:35","action":"change-status","newStatus":"draft","terms":[],"taxonomy":"category","extraData":[]},"publishpress_future_workflow_manual_trigger":{"enabledWorkflows":[]},"wpml_current_locale":"pt_PT","wpml_translations":{"es_ES":{"locale":"es_ES","id":329773,"slug":"plataforma-sanitaria-digital-y-sistemas-de-diagnostico-de-alta-tecnologia","post_title":"Plataforma sanitaria digital y sistemas de diagn\u00f3stico de \"alta tecnolog\u00eda","href":"https:\/\/medizinonline.com\/es\/plataforma-sanitaria-digital-y-sistemas-de-diagnostico-de-alta-tecnologia\/"}},"_links":{"self":[{"href":"https:\/\/medizinonline.com\/pt-pt\/wp-json\/wp\/v2\/posts\/329821","targetHints":{"allow":["GET"]}}],"collection":[{"href":"https:\/\/medizinonline.com\/pt-pt\/wp-json\/wp\/v2\/posts"}],"about":[{"href":"https:\/\/medizinonline.com\/pt-pt\/wp-json\/wp\/v2\/types\/post"}],"author":[{"embeddable":true,"href":"https:\/\/medizinonline.com\/pt-pt\/wp-json\/wp\/v2\/users\/7"}],"replies":[{"embeddable":true,"href":"https:\/\/medizinonline.com\/pt-pt\/wp-json\/wp\/v2\/comments?post=329821"}],"version-history":[{"count":0,"href":"https:\/\/medizinonline.com\/pt-pt\/wp-json\/wp\/v2\/posts\/329821\/revisions"}],"wp:featuredmedia":[{"embeddable":true,"href":"https:\/\/medizinonline.com\/pt-pt\/wp-json\/wp\/v2\/media\/104061"}],"wp:attachment":[{"href":"https:\/\/medizinonline.com\/pt-pt\/wp-json\/wp\/v2\/media?parent=329821"}],"wp:term":[{"taxonomy":"category","embeddable":true,"href":"https:\/\/medizinonline.com\/pt-pt\/wp-json\/wp\/v2\/category?post=329821"},{"taxonomy":"post_tag","embeddable":true,"href":"https:\/\/medizinonline.com\/pt-pt\/wp-json\/wp\/v2\/tags?post=329821"},{"taxonomy":"powerkit_post_featured","embeddable":true,"href":"https:\/\/medizinonline.com\/pt-pt\/wp-json\/wp\/v2\/powerkit_post_featured?post=329821"}],"curies":[{"name":"wp","href":"https:\/\/api.w.org\/{rel}","templated":true}]}}