{"id":330077,"date":"2021-02-07T01:00:00","date_gmt":"2021-02-07T00:00:00","guid":{"rendered":"https:\/\/medizinonline.com\/lancamento-do-novo-programa-de-mestrado-gestao-da-esclerose-multipla\/"},"modified":"2021-02-07T01:00:00","modified_gmt":"2021-02-07T00:00:00","slug":"lancamento-do-novo-programa-de-mestrado-gestao-da-esclerose-multipla","status":"publish","type":"post","link":"https:\/\/medizinonline.com\/pt-pt\/lancamento-do-novo-programa-de-mestrado-gestao-da-esclerose-multipla\/","title":{"rendered":"Lan\u00e7amento do novo programa de mestrado &#8220;Gest\u00e3o da Esclerose M\u00faltipla"},"content":{"rendered":"<p><strong>A medicina e a sua educa\u00e7\u00e3o est\u00e3o em constante evolu\u00e7\u00e3o e adapta\u00e7\u00e3o a novas realidades. Como a esclerose m\u00faltipla \u00e9 uma doen\u00e7a com mil rostos, h\u00e1 uma grande procura de profissionais especializados. O novo programa de mestrado em Dresden (D) faz agora justi\u00e7a a isto. \u00c9 prestada forma\u00e7\u00e3o em servi\u00e7o a especialistas e gestores do sector da sa\u00fade.<\/strong><\/p>\n<p> <!--more--> <\/p>\n<p>A esclerose m\u00faltipla (EM) afecta cerca de 10.000 pessoas na Su\u00ed\u00e7a e \u00e9 actualmente considerada incur\u00e1vel. As consequ\u00eancias incluem fraqueza muscular, paralisia, redu\u00e7\u00e3o dos nervos \u00f3pticos ou um aumento espasm\u00f3dico da tens\u00e3o muscular. O curso da doen\u00e7a \u00e9 individual para cada paciente, raz\u00e3o pela qual \u00e9 conhecida como a &#8220;doen\u00e7a de mil rostos&#8221;. O diagn\u00f3stico e o tratamento precoces s\u00e3o cruciais para o curso futuro da doen\u00e7a. As op\u00e7\u00f5es terap\u00eauticas adaptadas individualmente facilitam a vida dos pacientes e inibem o processo da doen\u00e7a. O tratamento \u00e9 vital\u00edcio e muito complexo. Por conseguinte, a necessidade de pessoal formado e especializado \u00e9 elevada. Em Outubro, teve in\u00edcio na Universidade Internacional de Dresden (DIU) o programa \u00fanico de mestrado &#8220;Gest\u00e3o da Esclerose M\u00faltipla&#8221;. O programa de educa\u00e7\u00e3o cont\u00ednua destina-se a m\u00e9dicos, terapeutas, cientistas, psic\u00f3logos, farmac\u00eauticos, bi\u00f3logos ou pessoal de enfermagem que desejem especializar-se em EM. O pr\u00e9-requisito \u00e9 uma licenciatura em medicina humana ou um assunto relacionado, com um total de 240 cr\u00e9ditos ECTS. Al\u00e9m disso, as pessoas com um primeiro grau acad\u00e9mico que possam demonstrar forma\u00e7\u00e3o numa profiss\u00e3o de sa\u00fade e um ano de actividade profissional na \u00e1rea da EM podem assumir o programa de Mestrado. Ap\u00f3s a conclus\u00e3o com sucesso, recebem o t\u00edtulo de &#8220;Mestre da Ci\u00eancia&#8221; (M.Sc.). O programa de estudo a tempo parcial est\u00e1 distribu\u00eddo por quatro semestres e \u00e9 realizado principalmente em semin\u00e1rios em linha. Al\u00e9m disso, s\u00e3o oferecidas unidades pr\u00e1ticas, para as quais seleccion\u00e1mos centros com grande experi\u00eancia em diagn\u00f3stico e terapia. O programa est\u00e1 dividido nos m\u00f3dulos &#8220;Fundamentos Te\u00f3ricos&#8221;, &#8220;Cl\u00ednica e Diagn\u00f3stico&#8221;, &#8220;Estudos e Estat\u00edsticas&#8221;, &#8220;Terapia e Reabilita\u00e7\u00e3o&#8221;, &#8220;Monitoriza\u00e7\u00e3o e Documenta\u00e7\u00e3o&#8221; sobre EM e outras doen\u00e7as neuroimunol\u00f3gicas. Os futuros peritos aprendem diagn\u00f3sticos detalhados e cientificamente s\u00f3lidos e diagn\u00f3sticos diferenciais para doen\u00e7as cr\u00f3nicas inflamat\u00f3rias suspeitas do sistema nervoso central. S\u00e3o apoiados por especialistas de renome da Alemanha, \u00c1ustria e Su\u00ed\u00e7a. Ap\u00f3s a introdu\u00e7\u00e3o bem sucedida do novo programa de gradua\u00e7\u00e3o, est\u00e1 planeada a internacionaliza\u00e7\u00e3o.<\/p>\n<p><em>Fonte: &#8220;New Master&#8217;s programme &#8220;Multiple Sclerosis Management&#8221; sets an example in medicine&#8221;, 29.09.2020, Universidade Internacional de Dresden (DIU)<\/em><\/p>\n<p>&nbsp;<\/p>\n<p><em>InFo NEUROLOGIA &amp; PSYCHIATRY 2020; 18(6): 48<\/em><\/p>\n","protected":false},"excerpt":{"rendered":"<p>A medicina e a sua educa\u00e7\u00e3o est\u00e3o em constante evolu\u00e7\u00e3o e adapta\u00e7\u00e3o a novas realidades. Como a esclerose m\u00faltipla \u00e9 uma doen\u00e7a com mil rostos, h\u00e1 uma grande procura de&hellip;<\/p>\n","protected":false},"author":7,"featured_media":101994,"comment_status":"closed","ping_status":"closed","sticky":false,"template":"","format":"standard","meta":{"_acf_changed":false,"pmpro_default_level":"","cat_1_feature_home_top":false,"cat_2_editor_pick":false,"csco_eyebrow_text":"Peritos dos EM do futuro","footnotes":""},"category":[11524,11374,11517,11474,11551],"tags":[15572,12325,21766,21763],"powerkit_post_featured":[],"class_list":["post-330077","post","type-post","status-publish","format-standard","has-post-thumbnail","category-formacao-continua","category-neurologia-pt-pt","category-noticias-pt-pt","category-prevencao-e-cuidados-de-saude","category-rx-pt","tag-em","tag-esclerose-multipla","tag-estudo-pt-pt","tag-formacao","pmpro-has-access"],"acf":[],"publishpress_future_action":{"enabled":false,"date":"2026-05-05 10:35:05","action":"change-status","newStatus":"draft","terms":[],"taxonomy":"category","extraData":[]},"publishpress_future_workflow_manual_trigger":{"enabledWorkflows":[]},"wpml_current_locale":"pt_PT","wpml_translations":{"es_ES":{"locale":"es_ES","id":330098,"slug":"lanzamiento-del-nuevo-programa-de-master-gestion-de-la-esclerosis-multiple","post_title":"Lanzamiento del nuevo programa de m\u00e1ster \"Gesti\u00f3n de la esclerosis m\u00faltiple","href":"https:\/\/medizinonline.com\/es\/lanzamiento-del-nuevo-programa-de-master-gestion-de-la-esclerosis-multiple\/"}},"_links":{"self":[{"href":"https:\/\/medizinonline.com\/pt-pt\/wp-json\/wp\/v2\/posts\/330077","targetHints":{"allow":["GET"]}}],"collection":[{"href":"https:\/\/medizinonline.com\/pt-pt\/wp-json\/wp\/v2\/posts"}],"about":[{"href":"https:\/\/medizinonline.com\/pt-pt\/wp-json\/wp\/v2\/types\/post"}],"author":[{"embeddable":true,"href":"https:\/\/medizinonline.com\/pt-pt\/wp-json\/wp\/v2\/users\/7"}],"replies":[{"embeddable":true,"href":"https:\/\/medizinonline.com\/pt-pt\/wp-json\/wp\/v2\/comments?post=330077"}],"version-history":[{"count":0,"href":"https:\/\/medizinonline.com\/pt-pt\/wp-json\/wp\/v2\/posts\/330077\/revisions"}],"wp:featuredmedia":[{"embeddable":true,"href":"https:\/\/medizinonline.com\/pt-pt\/wp-json\/wp\/v2\/media\/101994"}],"wp:attachment":[{"href":"https:\/\/medizinonline.com\/pt-pt\/wp-json\/wp\/v2\/media?parent=330077"}],"wp:term":[{"taxonomy":"category","embeddable":true,"href":"https:\/\/medizinonline.com\/pt-pt\/wp-json\/wp\/v2\/category?post=330077"},{"taxonomy":"post_tag","embeddable":true,"href":"https:\/\/medizinonline.com\/pt-pt\/wp-json\/wp\/v2\/tags?post=330077"},{"taxonomy":"powerkit_post_featured","embeddable":true,"href":"https:\/\/medizinonline.com\/pt-pt\/wp-json\/wp\/v2\/powerkit_post_featured?post=330077"}],"curies":[{"name":"wp","href":"https:\/\/api.w.org\/{rel}","templated":true}]}}