{"id":332331,"date":"2020-12-04T14:00:00","date_gmt":"2020-12-04T13:00:00","guid":{"rendered":"https:\/\/medizinonline.com\/comparativamente-bom\/"},"modified":"2020-12-04T14:00:00","modified_gmt":"2020-12-04T13:00:00","slug":"comparativamente-bom","status":"publish","type":"post","link":"https:\/\/medizinonline.com\/pt-pt\/comparativamente-bom\/","title":{"rendered":"Comparativamente bom"},"content":{"rendered":"<p><strong>A imunoterapia alerg\u00e9nica espec\u00edfica (AIT) \u00e9 um tratamento eficaz para os seguintes&nbsp;<\/strong><strong>de doen\u00e7as al\u00e9rgicas. No entanto, devido ao medo de efeitos secund\u00e1rios e ao elevado custo, \u00e9 actualmente utilizado apenas por menos de dez por cento dos doentes. Com adjuvantes, o AIT pode ser realizado de forma mais eficaz e com menos efeitos secund\u00e1rios.<\/strong><\/p>\n<p> <!--more--> <\/p>\n<p>Num estudo recente, uma equipa de cientistas da Cl\u00ednica Dermatol\u00f3gica, do Hospital Universit\u00e1rio de Zurique e da Universidade de Zurique, e do Centro de Alergias de Wiesbaden (D) comparou a resposta imunit\u00e1ria precoce a imunoterapias espec\u00edficas com tr\u00eas adjuvantes diferentes. Inscreveram doentes para sensibiliza\u00e7\u00e3o ao p\u00f3len de erva e b\u00e9tula e uma primeira sess\u00e3o subcut\u00e2nea de AIT planeada e administraram hidr\u00f3xido de alum\u00ednio (Alum\u00ednio, n=8), tirosina microcristalina (MCT, n=6) ou MCT e l\u00edpido monofosforilo&nbsp;A (MCT-MPLA, n=8). No in\u00edcio e nos dias 1 e 7 ap\u00f3s a AIT, o investigador realizou um inqu\u00e9rito aos doentes por meio de um question\u00e1rio com avalia\u00e7\u00e3o. O sangue foi recolhido para an\u00e1lise de leuc\u00f3citos, IL-6, CRP, ASAT, ALAT e GGT, IgG, IgE e triptase na linha de base e nos dias 1, 7 e 42 depois da AIT.<\/p>\n<h2 id=\"\">&nbsp;<\/h2>\n<h2 id=\"-2\"><img fetchpriority=\"high\" decoding=\"async\" class=\" size-full wp-image-15110\" alt=\"\" src=\"https:\/\/medizinonline.com\/wp-content\/uploads\/2020\/12\/abb1_pa4_s23.png\" style=\"height:719px; width:600px\" width=\"1100\" height=\"1319\" srcset=\"https:\/\/medizinonline.com\/wp-content\/uploads\/2020\/12\/abb1_pa4_s23.png 1100w, https:\/\/medizinonline.com\/wp-content\/uploads\/2020\/12\/abb1_pa4_s23-800x959.png 800w, https:\/\/medizinonline.com\/wp-content\/uploads\/2020\/12\/abb1_pa4_s23-120x144.png 120w, https:\/\/medizinonline.com\/wp-content\/uploads\/2020\/12\/abb1_pa4_s23-90x108.png 90w, https:\/\/medizinonline.com\/wp-content\/uploads\/2020\/12\/abb1_pa4_s23-320x384.png 320w, https:\/\/medizinonline.com\/wp-content\/uploads\/2020\/12\/abb1_pa4_s23-560x671.png 560w\" sizes=\"(max-width: 1100px) 100vw, 1100px\" \/><\/h2>\n<h2 id=\"-3\">&nbsp;<\/h2>\n<h2 id=\"sem-efeitos-secundarios-fortes\">Sem efeitos secund\u00e1rios fortes<\/h2>\n<p>O curso das concentra\u00e7\u00f5es de leuc\u00f3citos, CRP, IL-6, ASAT, ALAT e GGT nos dias 0, 1 e 7 n\u00e3o mostrou diferen\u00e7a significativa na altera\u00e7\u00e3o das concentra\u00e7\u00f5es entre os tr\u00eas grupos AIT (p&gt;0,05). As reac\u00e7\u00f5es adversas nas primeiras 24 horas foram reac\u00e7\u00f5es locais em todos os grupos; no geral, houve mais anomalias no bra\u00e7o MCT-MPLA (principalmente incha\u00e7o, vermelhid\u00e3o, dor). Contudo, todos os adjuvantes mostraram um bom perfil de seguran\u00e7a, as altera\u00e7\u00f5es qu\u00edmicas de laborat\u00f3rio foram comparativamente baixas em todos os grupos e nunca houve fortes efeitos secund\u00e1rios sist\u00e9micos. Outros testes serol\u00f3gicos seguir-se-\u00e3o no futuro para detectar altera\u00e7\u00f5es precoces de citocinas secretadas e anticorpos IgM espec\u00edficos de alerg\u00e9nios.<\/p>\n<h2 id=\"mensagens-take-home\">Mensagens Take-Home<\/h2>\n<ul>\n<li>A AIT \u00e9 eficaz contra as doen\u00e7as al\u00e9rgicas, mas \u00e9 absorvida por &lt;10% dos doentes.<\/li>\n<li>Com adjuvantes, o AIT pode ser realizado de forma mais eficaz.<\/li>\n<li>Todos os adjuvantes t\u00eam um bom perfil de seguran\u00e7a.<\/li>\n<li>N\u00e3o houve efeitos secund\u00e1rios sist\u00e9micos fortes.<\/li>\n<\/ul>\n<p>\n<em>Fonte:&nbsp;Congresso Alem\u00e3o de Alergias, Wiesbaden (D)<\/em><\/p>\n<p>&nbsp;<\/p>\n<p>Literatura:<\/p>\n<ol>\n<li>M\u00fcller A, Leuthard D, Nordmann T, et al: Compara\u00e7\u00e3o da resposta imunol\u00f3gica precoce a imunoterapias espec\u00edficas com tr\u00eas adjuvantes diferentes. Congresso Alem\u00e3o de Alergias 2020, P4.04<\/li>\n<\/ol>\n<p>&nbsp;<\/p>\n<p><em>InFo PNEUMOLOGY &amp; ALLERGOLOGY 2020; 2(4): 23 (publicado 4.12.20, antes da impress\u00e3o).<br \/>\nPR\u00c1TICA DA DERMATOLOGIA 2021; 31(1): 23<\/em><\/p>\n","protected":false},"excerpt":{"rendered":"<p>A imunoterapia alerg\u00e9nica espec\u00edfica (AIT) \u00e9 um tratamento eficaz para os seguintes&nbsp;de doen\u00e7as al\u00e9rgicas. No entanto, devido ao medo de efeitos secund\u00e1rios e ao elevado custo, \u00e9 actualmente utilizado apenas&hellip;<\/p>\n","protected":false},"author":7,"featured_media":102341,"comment_status":"closed","ping_status":"","sticky":false,"template":"","format":"standard","meta":{"_acf_changed":false,"pmpro_default_level":"","cat_1_feature_home_top":false,"cat_2_editor_pick":false,"csco_eyebrow_text":"Imunoterapia espec\u00edfica de alerg\u00e9nios","footnotes":""},"category":[11344,11529,11551],"tags":[22931,22930,22932,22929,17532],"powerkit_post_featured":[],"class_list":["post-332331","post","type-post","status-publish","format-standard","has-post-thumbnail","category-alergologia-e-imunologia-clinica","category-relatorios-do-congresso","category-rx-pt","tag-adjuvantes","tag-ait-pt-pt","tag-eixo-do-cerebro-intestinal","tag-imunoterapia-especifica-de-alergenios","tag-leucocitos-pt-pt","pmpro-has-access"],"acf":[],"publishpress_future_action":{"enabled":false,"date":"2026-05-08 13:28:02","action":"change-status","newStatus":"draft","terms":[],"taxonomy":"category","extraData":[]},"publishpress_future_workflow_manual_trigger":{"enabledWorkflows":[]},"wpml_current_locale":"pt_PT","wpml_translations":{"es_ES":{"locale":"es_ES","id":332346,"slug":"comparativamente-bueno","post_title":"Comparativamente bueno","href":"https:\/\/medizinonline.com\/es\/comparativamente-bueno\/"}},"_links":{"self":[{"href":"https:\/\/medizinonline.com\/pt-pt\/wp-json\/wp\/v2\/posts\/332331","targetHints":{"allow":["GET"]}}],"collection":[{"href":"https:\/\/medizinonline.com\/pt-pt\/wp-json\/wp\/v2\/posts"}],"about":[{"href":"https:\/\/medizinonline.com\/pt-pt\/wp-json\/wp\/v2\/types\/post"}],"author":[{"embeddable":true,"href":"https:\/\/medizinonline.com\/pt-pt\/wp-json\/wp\/v2\/users\/7"}],"replies":[{"embeddable":true,"href":"https:\/\/medizinonline.com\/pt-pt\/wp-json\/wp\/v2\/comments?post=332331"}],"version-history":[{"count":0,"href":"https:\/\/medizinonline.com\/pt-pt\/wp-json\/wp\/v2\/posts\/332331\/revisions"}],"wp:featuredmedia":[{"embeddable":true,"href":"https:\/\/medizinonline.com\/pt-pt\/wp-json\/wp\/v2\/media\/102341"}],"wp:attachment":[{"href":"https:\/\/medizinonline.com\/pt-pt\/wp-json\/wp\/v2\/media?parent=332331"}],"wp:term":[{"taxonomy":"category","embeddable":true,"href":"https:\/\/medizinonline.com\/pt-pt\/wp-json\/wp\/v2\/category?post=332331"},{"taxonomy":"post_tag","embeddable":true,"href":"https:\/\/medizinonline.com\/pt-pt\/wp-json\/wp\/v2\/tags?post=332331"},{"taxonomy":"powerkit_post_featured","embeddable":true,"href":"https:\/\/medizinonline.com\/pt-pt\/wp-json\/wp\/v2\/powerkit_post_featured?post=332331"}],"curies":[{"name":"wp","href":"https:\/\/api.w.org\/{rel}","templated":true}]}}