{"id":332445,"date":"2020-11-19T19:00:00","date_gmt":"2020-11-19T18:00:00","guid":{"rendered":"https:\/\/medizinonline.com\/o-rim-como-uma-janela-para-o-coracao-tratamento-holistico-da-diabetes-tipo-2\/"},"modified":"2020-11-19T19:00:00","modified_gmt":"2020-11-19T18:00:00","slug":"o-rim-como-uma-janela-para-o-coracao-tratamento-holistico-da-diabetes-tipo-2","status":"publish","type":"post","link":"https:\/\/medizinonline.com\/pt-pt\/o-rim-como-uma-janela-para-o-coracao-tratamento-holistico-da-diabetes-tipo-2\/","title":{"rendered":"O Rim como uma Janela para o Cora\u00e7\u00e3o &#8211; Tratamento Hol\u00edstico da Diabetes Tipo 2"},"content":{"rendered":"<p>H\u00e1 muito que se sabe que a diabetes tipo 2 n\u00e3o s\u00f3 aumenta o risco de doen\u00e7a cardiovascular, como tamb\u00e9m \u00e9 uma das principais causas de doen\u00e7a renal. Que consequ\u00eancias tem isto para lidar com a diabetes tipo 2 na pr\u00e1tica di\u00e1ria? Que aspectos devem ser considerados ao decidir sobre a terapia?<\/p>\n<p>O Prof. Dr. Med. Gottfried Rudofsky e o Dr. Michael Mayr da DP falam sobre este t\u00f3pico no webcast.<\/p>\n<p><!--more--><\/p>\n<p>&nbsp;<\/p>\n<p>&nbsp;<\/p>\n<p>&nbsp;<\/p>\n<p>&nbsp;<\/p>\n<p><iframe frameborder=\"0\" height=\"360\" data-src=\"https:\/\/player.vimeo.com\/video\/481309605\" width=\"640\" src=\"data:image\/svg+xml;base64,PHN2ZyB3aWR0aD0iMSIgaGVpZ2h0PSIxIiB4bWxucz0iaHR0cDovL3d3dy53My5vcmcvMjAwMC9zdmciPjwvc3ZnPg==\" class=\"lazyload\" data-load-mode=\"1\"><\/iframe><\/p>\n<p><img decoding=\"async\" alt=\"\" data-src=\"https:\/\/assets.medizinonline.com\/sites\/default\/files\/field\/images\/mundi-novo-nordisk-footer.png\" style=\"height:114px; width:640px\" src=\"data:image\/svg+xml;base64,PHN2ZyB3aWR0aD0iMSIgaGVpZ2h0PSIxIiB4bWxucz0iaHR0cDovL3d3dy53My5vcmcvMjAwMC9zdmciPjwvc3ZnPg==\" class=\"lazyload\"><\/p>\n","protected":false},"excerpt":{"rendered":"<p>H\u00e1 muito que se sabe que a diabetes tipo 2 n\u00e3o s\u00f3 aumenta o risco de doen\u00e7a cardiovascular, como tamb\u00e9m \u00e9 uma das principais causas de doen\u00e7a renal. Que consequ\u00eancias&hellip;<\/p>\n","protected":false},"author":12,"featured_media":100991,"comment_status":"closed","ping_status":"closed","sticky":false,"template":"","format":"standard","meta":{"_acf_changed":false,"pmpro_default_level":"","cat_1_feature_home_top":false,"cat_2_editor_pick":false,"csco_eyebrow_text":"T2DM X-CHANGE 2020","footnotes":""},"category":[11339,11397,11697,11551],"tags":[],"powerkit_post_featured":[],"class_list":["post-332445","post","type-post","status-publish","format-standard","has-post-thumbnail","category-conteudo-do-parceiro","category-endocrinologia-e-diabetologia-2","category-formacao-com-parceiro","category-rx-pt","pmpro-has-access"],"acf":[],"publishpress_future_action":{"enabled":false,"date":"2026-05-03 14:13:45","action":"change-status","newStatus":"draft","terms":[],"taxonomy":"category","extraData":[]},"publishpress_future_workflow_manual_trigger":{"enabledWorkflows":[]},"wpml_current_locale":"pt_PT","wpml_translations":{"es_ES":{"locale":"es_ES","id":332452,"slug":"el-rinon-como-ventana-al-corazon-tratamiento-holistico-de-la-diabetes-tipo-2","post_title":"El ri\u00f1\u00f3n como ventana al coraz\u00f3n - Tratamiento hol\u00edstico de la diabetes tipo 2","href":"https:\/\/medizinonline.com\/es\/el-rinon-como-ventana-al-corazon-tratamiento-holistico-de-la-diabetes-tipo-2\/"}},"_links":{"self":[{"href":"https:\/\/medizinonline.com\/pt-pt\/wp-json\/wp\/v2\/posts\/332445","targetHints":{"allow":["GET"]}}],"collection":[{"href":"https:\/\/medizinonline.com\/pt-pt\/wp-json\/wp\/v2\/posts"}],"about":[{"href":"https:\/\/medizinonline.com\/pt-pt\/wp-json\/wp\/v2\/types\/post"}],"author":[{"embeddable":true,"href":"https:\/\/medizinonline.com\/pt-pt\/wp-json\/wp\/v2\/users\/12"}],"replies":[{"embeddable":true,"href":"https:\/\/medizinonline.com\/pt-pt\/wp-json\/wp\/v2\/comments?post=332445"}],"version-history":[{"count":0,"href":"https:\/\/medizinonline.com\/pt-pt\/wp-json\/wp\/v2\/posts\/332445\/revisions"}],"wp:featuredmedia":[{"embeddable":true,"href":"https:\/\/medizinonline.com\/pt-pt\/wp-json\/wp\/v2\/media\/100991"}],"wp:attachment":[{"href":"https:\/\/medizinonline.com\/pt-pt\/wp-json\/wp\/v2\/media?parent=332445"}],"wp:term":[{"taxonomy":"category","embeddable":true,"href":"https:\/\/medizinonline.com\/pt-pt\/wp-json\/wp\/v2\/category?post=332445"},{"taxonomy":"post_tag","embeddable":true,"href":"https:\/\/medizinonline.com\/pt-pt\/wp-json\/wp\/v2\/tags?post=332445"},{"taxonomy":"powerkit_post_featured","embeddable":true,"href":"https:\/\/medizinonline.com\/pt-pt\/wp-json\/wp\/v2\/powerkit_post_featured?post=332445"}],"curies":[{"name":"wp","href":"https:\/\/api.w.org\/{rel}","templated":true}]}}