{"id":333012,"date":"2020-11-08T01:00:00","date_gmt":"2020-11-08T00:00:00","guid":{"rendered":"https:\/\/medizinonline.com\/a-preparacao-fitoterapeutica-combinada-traz-alivio-rapido-e-duradouro\/"},"modified":"2020-11-08T01:00:00","modified_gmt":"2020-11-08T00:00:00","slug":"a-preparacao-fitoterapeutica-combinada-traz-alivio-rapido-e-duradouro","status":"publish","type":"post","link":"https:\/\/medizinonline.com\/pt-pt\/a-preparacao-fitoterapeutica-combinada-traz-alivio-rapido-e-duradouro\/","title":{"rendered":"A prepara\u00e7\u00e3o fitoterap\u00eautica combinada traz al\u00edvio r\u00e1pido e duradouro"},"content":{"rendered":"<p><strong>As queixas gastrintestinais podem ser muito desagrad\u00e1veis e stressantes para as pessoas afectadas. Em particular, a dor e as c\u00f3licas de c\u00f3licas de c\u00f3lica prejudicam significativamente o funcionamento e a qualidade de vida. A alta dose de hortel\u00e3-pimenta e \u00f3leo de cominho em forma de c\u00e1psula provou ser uma op\u00e7\u00e3o de tratamento eficaz e bem tolerada em pacientes de diferentes grupos et\u00e1rios. As c\u00f3licas abdominais dolorosas s\u00e3o aliviadas r\u00e1pida e eficazmente.<\/strong><\/p>\n<p> <!--more--> <\/p>\n<p>Se n\u00e3o for poss\u00edvel identificar qualquer causa patol\u00f3gica org\u00e2nica para queixas gastrointestinais tais como flatul\u00eancia, dor abdominal ou c\u00f3licas, incha\u00e7o, diarreia ou obstipa\u00e7\u00e3o, e se estes sintomas ocorrerem durante um per\u00edodo de pelo menos 6 meses, falamos de queixas funcionais. Em muitos pacientes, existe uma sobreposi\u00e7\u00e3o de sintomas do tracto gastrointestinal superior e inferior, sendo os primeiros classificados como dispepsia funcional e est\u00f4mago irrit\u00e1vel e os segundos como s\u00edndrome do intestino irrit\u00e1vel [1].<\/p>\n<h2 id=\"eixo-intestinal-cerebro-estrutura-de-interaccao-multifactorial\">Eixo intestinal-c\u00e9rebro: estrutura de interac\u00e7\u00e3o multifactorial<\/h2>\n<p>As c\u00e3ibras abdominais s\u00e3o causadas por uma contrac\u00e7\u00e3o espasm\u00f3dica de certos m\u00fasculos do tracto digestivo, que est\u00e1 associada a um transporte deficiente da polpa alimentar. Devido \u00e0 densa inerva\u00e7\u00e3o na \u00e1rea do est\u00f4mago e intestinos, os sinais de dor s\u00e3o transmitidos e podem ocorrer c\u00f3licas. As fibras nervosas parassimp\u00e1ticas origin\u00e1rias do nervo vago promovem o processo digestivo, enquanto os cord\u00f5es nervosos simp\u00e1ticos inibem a actividade do est\u00f4mago e dos intestinos. A interac\u00e7\u00e3o dos processos vegetativos e nervoso central \u00e9 descrita no conceito explicativo do eixo c\u00e9rebro-c\u00e9rebro (&#8220;eixo c\u00e9rebro-c\u00e9rebro-c\u00e9rebro&#8221;) [2]. As perturba\u00e7\u00f5es de motilidade e hipersensibilidade visceral actuam como mecanismos centrais [3,4]. Como resultado, a alodinia visceral pode levar \u00e0 percep\u00e7\u00e3o subjectiva de flatul\u00eancia mesmo com um ligeiro aumento da forma\u00e7\u00e3o de g\u00e1s. Para al\u00e9m de factores desencadeantes como o stress e a nutri\u00e7\u00e3o, as altera\u00e7\u00f5es no microbioma intestinal tamb\u00e9m desempenham um papel nesta interac\u00e7\u00e3o multifactorial.<\/p>\n<h2 id=\"o-oleo-de-hortela-pimenta-e-alcaravia-tem-um-efeito-relaxante-e-analgesico\">O \u00f3leo de hortel\u00e3-pimenta e alcaravia tem um efeito relaxante e analg\u00e9sico<\/h2>\n<p>H\u00e1 v\u00e1rios m\u00e9todos que podem ajudar a aliviar as c\u00f3licas abdominais causadas funcionalmente, tais como aplica\u00e7\u00f5es de calor, absten\u00e7\u00e3o de \u00e1lcool e nicotina, ingest\u00e3o suficiente de l\u00edquidos, dieta amiga do est\u00f4mago, redu\u00e7\u00e3o do stress. Como medida medicinal, as subst\u00e2ncias antiespasm\u00f3dicas podem proporcionar al\u00edvio. Para as c\u00e3ibras abdominais causadas funcionalmente, os \u00f3leos essenciais das duas plantas medicinais hortel\u00e3-pimenta e alcaravia provaram ser muito eficazes. O \u00f3leo de hortel\u00e3-pimenta causa o relaxamento dos m\u00fasculos do tracto gastrointestinal atrav\u00e9s da inibi\u00e7\u00e3o do influxo de c\u00e1lcio dependente da tens\u00e3o [5]. Para al\u00e9m destas propriedades antiespasm\u00f3dicas, os efeitos antiespasm\u00f3dicos tamb\u00e9m foram comprovados. A liga\u00e7\u00e3o do mentol ao receptor frio TRPM8 desencadeia um sinal frio e tem um efeito inibidor sobre os nervos transmissores da dor. O \u00f3leo de alcaravia tem propriedades carminativas, o que leva a uma redu\u00e7\u00e3o da tens\u00e3o superficial e a uma inibi\u00e7\u00e3o da forma\u00e7\u00e3o de g\u00e1s e espuma.&nbsp;&nbsp;  no intestino. Al\u00e9m disso, o \u00f3leo de cominho tem um efeito selectivo no crescimento de germes patog\u00e9nicos sem, contudo, levar a efeitos negativos nas bact\u00e9rias intestinais desej\u00e1veis [10].<\/p>\n<p>&nbsp;<\/p>\n<table border=\"1\" cellpadding=\"3\" cellspacing=\"1\" style=\"width:500px\">\n<tbody>\n<tr>\n<td><strong>M\u00faltiplos mecanismos de ac\u00e7\u00e3o<\/strong><br \/>\n  O \u00f3leo de alcaravia e \u00f3leo de hortel\u00e3-pimenta t\u00eam efeitos analg\u00e9sicos e carminativos. O \u00f3leo de hortel\u00e3-pimenta activa os sensores de frio dos nervos intestinais, o que leva ao acalmamento dos sensores de dor vizinhos, induzindo assim uma redu\u00e7\u00e3o maci\u00e7a da sua sensibilidade. O \u00f3leo de alcaravia inibe a actividade das bact\u00e9rias formadoras de g\u00e1s, de modo que a flatul\u00eancia \u00e9 reduzida [10]. Al\u00e9m disso, o microbioma intestinal \u00e9 positivamente influenciado por um efeito selectivo sobre as bact\u00e9rias patog\u00e9nicas.<\/td>\n<\/tr>\n<\/tbody>\n<\/table>\n<p>&nbsp;<\/p>\n<p>Em combina\u00e7\u00e3o, os dois \u00f3leos essenciais reduzem as irrita\u00e7\u00f5es intestinais desagrad\u00e1veis e entorpecem a percep\u00e7\u00e3o da dor. A combina\u00e7\u00e3o de ingredientes activos menthacarin <sup>(Carmenthin\u00ae<\/sup>) [6] cont\u00e9m \u00f3leo de hortel\u00e3-pimenta e \u00f3leo de cominho em doses elevadas e tem demonstrado aliviar dist\u00farbios digestivos funcionais tais como dor, c\u00f3licas, flatul\u00eancia, sensa\u00e7\u00e3o de press\u00e3o e plenitude [7], com o efeito aliviador dos sintomas a ocorrer rapidamente e muitos pacientes a sentirem al\u00edvio dos sintomas ap\u00f3s apenas uma semana [8]. Os ingredientes est\u00e3o contidos numa c\u00e1psula macia com revestimento ent\u00e9rico que s\u00f3 se dissolve no intestino, onde pode exercer o seu efeito visado. A tolerabilidade desta prepara\u00e7\u00e3o \u00e0 base de ervas \u00e9 boa mesmo quando \u00e9 tomada com frequ\u00eancia [9]. Na Su\u00ed\u00e7a, o medicamento fitoterap\u00eautico \u00e9 aprovado para utiliza\u00e7\u00e3o pelas seguradoras de sa\u00fade para doentes com 12 anos ou mais [6].<\/p>\n<p>&nbsp;<\/p>\n<p>\nLiteratura:<\/p>\n<ol>\n<li>Madisch A: Journal of Phytotherapy 2013; 34(06): 270-273.<\/li>\n<li>Matricon J, et al: Aliment Pharmacol Ther 2012; 36(11-12): 1009-1031.<\/li>\n<li>Madisch A, et al: Dtsch Arztebl Int 2018; 115: 222-232.<\/li>\n<li>Mari A, et al: Adv Ther 2019; 36(5): 1075-1084.<\/li>\n<li>Deutsche Apothekerzeitung (DAZ): DAZ 2018 (9): 73, 01.03.2018.<\/li>\n<li><sup>Carmenthin\u00ae<\/sup>: www.compendium.ch<\/li>\n<li>Holtmann G, Stracke B: Gastroenterol 2016; 54 (8).<\/li>\n<li>Noe S, et al.: Internista 2016; 57 (Sup. 1), S42-S42<\/li>\n<li>Madisch A, et al: Internista 2015(56) (Sup. 1), 28.<\/li>\n<li>Pharmazeutische Zeitung, 18.05.2016, www.pharmazeutische-zeitung.de<\/li>\n<li>Krueger D, et al: J Physiol 2016; 594: 357-372.<\/li>\n<li>Chumpitazi BP, Kearns GL, Shulman RJ: AP&amp;T 2018; 47(6): 738-752.<\/li>\n<\/ol>\n<p>&nbsp;<\/p>\n<p><em>PR\u00c1TICA DO GP 2020; 15(9): 46<\/em><\/p>\n","protected":false},"excerpt":{"rendered":"<p>As queixas gastrintestinais podem ser muito desagrad\u00e1veis e stressantes para as pessoas afectadas. Em particular, a dor e as c\u00f3licas de c\u00f3licas de c\u00f3lica prejudicam significativamente o funcionamento e a&hellip;<\/p>\n","protected":false},"author":7,"featured_media":99508,"comment_status":"closed","ping_status":"closed","sticky":false,"template":"","format":"standard","meta":{"_acf_changed":false,"pmpro_default_level":"","cat_1_feature_home_top":false,"cat_2_editor_pick":false,"csco_eyebrow_text":"C\u00e3ibras abdominais e dor","footnotes":""},"category":[11524,11407,11459,11305,11551],"tags":[12809,23196,15877],"powerkit_post_featured":[],"class_list":["post-333012","post","type-post","status-publish","format-standard","has-post-thumbnail","category-formacao-continua","category-gastroenterologia-e-hepatologia","category-medicina-farmaceutica-pt-pt","category-medicina-interna-geral","category-rx-pt","tag-carmenthin-pt-pt","tag-cominho","tag-peppermint-pt-pt","pmpro-has-access"],"acf":[],"publishpress_future_action":{"enabled":false,"date":"2026-05-03 14:08:43","action":"change-status","newStatus":"draft","terms":[],"taxonomy":"category","extraData":[]},"publishpress_future_workflow_manual_trigger":{"enabledWorkflows":[]},"wpml_current_locale":"pt_PT","wpml_translations":{"es_ES":{"locale":"es_ES","id":333001,"slug":"el-preparado-combinado-fitoterapeutico-aporta-un-alivio-rapido-y-duradero","post_title":"El preparado combinado fitoterap\u00e9utico aporta un alivio r\u00e1pido y duradero","href":"https:\/\/medizinonline.com\/es\/el-preparado-combinado-fitoterapeutico-aporta-un-alivio-rapido-y-duradero\/"}},"_links":{"self":[{"href":"https:\/\/medizinonline.com\/pt-pt\/wp-json\/wp\/v2\/posts\/333012","targetHints":{"allow":["GET"]}}],"collection":[{"href":"https:\/\/medizinonline.com\/pt-pt\/wp-json\/wp\/v2\/posts"}],"about":[{"href":"https:\/\/medizinonline.com\/pt-pt\/wp-json\/wp\/v2\/types\/post"}],"author":[{"embeddable":true,"href":"https:\/\/medizinonline.com\/pt-pt\/wp-json\/wp\/v2\/users\/7"}],"replies":[{"embeddable":true,"href":"https:\/\/medizinonline.com\/pt-pt\/wp-json\/wp\/v2\/comments?post=333012"}],"version-history":[{"count":0,"href":"https:\/\/medizinonline.com\/pt-pt\/wp-json\/wp\/v2\/posts\/333012\/revisions"}],"wp:featuredmedia":[{"embeddable":true,"href":"https:\/\/medizinonline.com\/pt-pt\/wp-json\/wp\/v2\/media\/99508"}],"wp:attachment":[{"href":"https:\/\/medizinonline.com\/pt-pt\/wp-json\/wp\/v2\/media?parent=333012"}],"wp:term":[{"taxonomy":"category","embeddable":true,"href":"https:\/\/medizinonline.com\/pt-pt\/wp-json\/wp\/v2\/category?post=333012"},{"taxonomy":"post_tag","embeddable":true,"href":"https:\/\/medizinonline.com\/pt-pt\/wp-json\/wp\/v2\/tags?post=333012"},{"taxonomy":"powerkit_post_featured","embeddable":true,"href":"https:\/\/medizinonline.com\/pt-pt\/wp-json\/wp\/v2\/powerkit_post_featured?post=333012"}],"curies":[{"name":"wp","href":"https:\/\/api.w.org\/{rel}","templated":true}]}}