{"id":333392,"date":"2020-09-17T02:00:00","date_gmt":"2020-09-17T00:00:00","guid":{"rendered":"https:\/\/medizinonline.com\/sma-em-adultos-o-caminho-para-um-tratamento-personalizado\/"},"modified":"2020-09-17T02:00:00","modified_gmt":"2020-09-17T00:00:00","slug":"sma-em-adultos-o-caminho-para-um-tratamento-personalizado","status":"publish","type":"post","link":"https:\/\/medizinonline.com\/pt-pt\/sma-em-adultos-o-caminho-para-um-tratamento-personalizado\/","title":{"rendered":"SMA em adultos: o caminho para um tratamento personalizado"},"content":{"rendered":"<p><strong>Adultos com atrofia muscular espinal formam um grupo cl\u00ednica e geneticamente muito heterog\u00e9neo. Uma caracter\u00edstica comum \u00e9 a destrui\u00e7\u00e3o progressiva das c\u00e9lulas motoras do chifre anterior na medula espinhal e a consequente transmiss\u00e3o deficiente dos impulsos. A atrofia muscular, hipotonia muscular e paresia podem ser o resultado. A terapia deve, portanto, ter individualmente em conta a actividade da doen\u00e7a e as necessidades do doente.<\/strong><\/p>\n<p> <!--more--> <\/p>\n<p>A atrofia muscular espinal (AME) \u00e9 uma doen\u00e7a muscular recessiva rara, predominantemente autoss\u00f3mica, na qual as c\u00e9lulas motoras do corno anterior e os n\u00facleos nervosos motores cranianos degeneram. A causa \u00e9 geralmente um defeito no gene SMN1. A resultante falta de prote\u00edna SMN funcional pode ser parcialmente compensada pelo gene SMN2. Portanto, quanto mais c\u00f3pias de SMN2 houver, mais tarde o in\u00edcio do SMA e mais favoravelmente o curso. Os doentes com AME tardia (tipo II-IV) t\u00eam frequentemente uma esperan\u00e7a de vida normal. Basicamente, por\u00e9m, a doen\u00e7a forma um grupo muito heterog\u00e9neo com numerosas, mesmo muito raras, formas. S\u00e3o diferenciados de acordo com o padr\u00e3o de distribui\u00e7\u00e3o, o in\u00edcio da doen\u00e7a, a gravidade e o padr\u00e3o de heran\u00e7a. Contudo, a grande maioria (90%) \u00e9 SMA proximal, que se caracteriza pelo aparecimento de fraqueza muscular em grupos musculares proximais (tipos I-III). O Tipo IV \u00e9 uma forma especial do tipo n\u00e3o aproximado com um in\u00edcio de doen\u00e7a &gt;30 anos <strong>(Tab.&nbsp;1)<\/strong>.<\/p>\n<p>&nbsp;<\/p>\n<p><img fetchpriority=\"high\" decoding=\"async\" class=\" size-full wp-image-14155\" alt=\"\" src=\"https:\/\/medizinonline.com\/wp-content\/uploads\/2020\/09\/tab1_np4_s36.png\" style=\"height:544px; width:600px\" width=\"1100\" height=\"997\" srcset=\"https:\/\/medizinonline.com\/wp-content\/uploads\/2020\/09\/tab1_np4_s36.png 1100w, https:\/\/medizinonline.com\/wp-content\/uploads\/2020\/09\/tab1_np4_s36-800x725.png 800w, https:\/\/medizinonline.com\/wp-content\/uploads\/2020\/09\/tab1_np4_s36-120x109.png 120w, https:\/\/medizinonline.com\/wp-content\/uploads\/2020\/09\/tab1_np4_s36-90x82.png 90w, https:\/\/medizinonline.com\/wp-content\/uploads\/2020\/09\/tab1_np4_s36-320x290.png 320w, https:\/\/medizinonline.com\/wp-content\/uploads\/2020\/09\/tab1_np4_s36-560x508.png 560w\" sizes=\"(max-width: 1100px) 100vw, 1100px\" \/><\/p>\n<p>&nbsp;<\/p>\n<h2 id=\"objectivos-de-tratamento-individual\">Objectivos de tratamento individual<\/h2>\n<p>Como o grupo de doentes adultos com AME \u00e9 t\u00e3o diverso, os objectivos do tratamento n\u00e3o podem ser agrupados. Para uma pessoa, \u00e9 importante manter a independ\u00eancia ao andar e adiar o tempo em que tem de usar uma cadeira de rodas o mais poss\u00edvel. Noutros pacientes, no entanto, o foco deve ser na fun\u00e7\u00e3o das extremidades superiores <strong>(tab.&nbsp;2) <\/strong>. Os doentes com AME recebem, por conseguinte, fisioterapia, se desejarem, ventila\u00e7\u00e3o mec\u00e2nica de apoio e medidas ortop\u00e9dicas para compensar a coluna vertebral curvada. Deve tamb\u00e9m ser assegurada uma ingest\u00e3o cal\u00f3rica suficiente para que os m\u00fasculos n\u00e3o se partam ainda mais depressa. Basicamente, a gest\u00e3o do tratamento visa refor\u00e7ar a resist\u00eancia e resist\u00eancia, manter a sa\u00fade \u00f3ssea, prevenir fracturas, manter o peso corporal constante e monitorizar a respira\u00e7\u00e3o.<\/p>\n<p>&nbsp;<\/p>\n<p><img decoding=\"async\" class=\"size-full wp-image-14156 lazyload\" alt=\"\" data-src=\"https:\/\/medizinonline.com\/wp-content\/uploads\/2020\/09\/tab2_np4_s36.png\" style=\"--smush-placeholder-width: 1100px; --smush-placeholder-aspect-ratio: 1100\/567;height:309px; width:600px\" width=\"1100\" height=\"567\" src=\"data:image\/svg+xml;base64,PHN2ZyB3aWR0aD0iMSIgaGVpZ2h0PSIxIiB4bWxucz0iaHR0cDovL3d3dy53My5vcmcvMjAwMC9zdmciPjwvc3ZnPg==\"><\/p>\n<p>&nbsp;<\/p>\n<h2 id=\"nao-mais-tratamento-paliativo-paliativo-apenas-de-apoio\">N\u00e3o mais tratamento paliativo-paliativo apenas de apoio<\/h2>\n<p>A primeira terapia modificadora de doen\u00e7as est\u00e1 agora dispon\u00edvel. Uma vez que os estudos de registo foram realizados em crian\u00e7as, o efeito em adultos foi agora examinado mais de perto num estudo observacional. Os resultados sugerem que o antisense oligonucleotide nusinersen pode tamb\u00e9m melhorar significativamente a fun\u00e7\u00e3o motora em adultos com SMA. A mudan\u00e7a na Escala Motor Funcional Hammersmith Expandida (HFMSE) foi avaliada. Em compara\u00e7\u00e3o com a linha de base, esta foi significativamente aumentada.<\/p>\n<p>\n<em>Fonte: Congresso Virtual EAN 2020<\/em><\/p>\n<p>&nbsp;<\/p>\n<p><em>InFo NEUROLOGIA &amp; PSYCHIATRY 2020; 18(4): 36 (publicado 29.6.20, antes da impress\u00e3o).<\/em><\/p>\n","protected":false},"excerpt":{"rendered":"<p>Adultos com atrofia muscular espinal formam um grupo cl\u00ednica e geneticamente muito heterog\u00e9neo. Uma caracter\u00edstica comum \u00e9 a destrui\u00e7\u00e3o progressiva das c\u00e9lulas motoras do chifre anterior na medula espinhal e&hellip;<\/p>\n","protected":false},"author":7,"featured_media":98013,"comment_status":"closed","ping_status":"","sticky":false,"template":"","format":"standard","meta":{"_acf_changed":false,"pmpro_default_level":"","cat_1_feature_home_top":false,"cat_2_editor_pick":false,"csco_eyebrow_text":"Atrofia muscular espinhal","footnotes":""},"category":[11524,11374,11529,11551],"tags":[16987,24013,16986],"powerkit_post_featured":[],"class_list":["post-333392","post","type-post","status-publish","format-standard","has-post-thumbnail","category-formacao-continua","category-neurologia-pt-pt","category-relatorios-do-congresso","category-rx-pt","tag-atrofia-muscular-espinhal","tag-avanco-de-impulsos","tag-sma-pt-pt","pmpro-has-access"],"acf":[],"publishpress_future_action":{"enabled":false,"date":"2026-05-03 14:12:05","action":"change-status","newStatus":"draft","terms":[],"taxonomy":"category","extraData":[]},"publishpress_future_workflow_manual_trigger":{"enabledWorkflows":[]},"wpml_current_locale":"pt_PT","wpml_translations":{"es_ES":{"locale":"es_ES","id":333398,"slug":"ame-en-adultos-el-camino-hacia-el-tratamiento-personalizado","post_title":"AME en adultos: el camino hacia el tratamiento personalizado","href":"https:\/\/medizinonline.com\/es\/ame-en-adultos-el-camino-hacia-el-tratamiento-personalizado\/"}},"_links":{"self":[{"href":"https:\/\/medizinonline.com\/pt-pt\/wp-json\/wp\/v2\/posts\/333392","targetHints":{"allow":["GET"]}}],"collection":[{"href":"https:\/\/medizinonline.com\/pt-pt\/wp-json\/wp\/v2\/posts"}],"about":[{"href":"https:\/\/medizinonline.com\/pt-pt\/wp-json\/wp\/v2\/types\/post"}],"author":[{"embeddable":true,"href":"https:\/\/medizinonline.com\/pt-pt\/wp-json\/wp\/v2\/users\/7"}],"replies":[{"embeddable":true,"href":"https:\/\/medizinonline.com\/pt-pt\/wp-json\/wp\/v2\/comments?post=333392"}],"version-history":[{"count":0,"href":"https:\/\/medizinonline.com\/pt-pt\/wp-json\/wp\/v2\/posts\/333392\/revisions"}],"wp:featuredmedia":[{"embeddable":true,"href":"https:\/\/medizinonline.com\/pt-pt\/wp-json\/wp\/v2\/media\/98013"}],"wp:attachment":[{"href":"https:\/\/medizinonline.com\/pt-pt\/wp-json\/wp\/v2\/media?parent=333392"}],"wp:term":[{"taxonomy":"category","embeddable":true,"href":"https:\/\/medizinonline.com\/pt-pt\/wp-json\/wp\/v2\/category?post=333392"},{"taxonomy":"post_tag","embeddable":true,"href":"https:\/\/medizinonline.com\/pt-pt\/wp-json\/wp\/v2\/tags?post=333392"},{"taxonomy":"powerkit_post_featured","embeddable":true,"href":"https:\/\/medizinonline.com\/pt-pt\/wp-json\/wp\/v2\/powerkit_post_featured?post=333392"}],"curies":[{"name":"wp","href":"https:\/\/api.w.org\/{rel}","templated":true}]}}