{"id":334589,"date":"2020-04-04T02:00:00","date_gmt":"2020-04-04T00:00:00","guid":{"rendered":"https:\/\/medizinonline.com\/chefe-dos-cuidados-primarios-fracasso-do-esforco-administrativo\/"},"modified":"2020-04-04T02:00:00","modified_gmt":"2020-04-04T00:00:00","slug":"chefe-dos-cuidados-primarios-fracasso-do-esforco-administrativo","status":"publish","type":"post","link":"https:\/\/medizinonline.com\/pt-pt\/chefe-dos-cuidados-primarios-fracasso-do-esforco-administrativo\/","title":{"rendered":"Chefe dos cuidados prim\u00e1rios &#8211; fracasso do esfor\u00e7o administrativo"},"content":{"rendered":"<p><strong>Numa compara\u00e7\u00e3o internacional, a Su\u00ed\u00e7a est\u00e1 \u00e0 frente do jogo: num inqu\u00e9rito sobre cuidados prim\u00e1rios, o sistema de sa\u00fade obteve o primeiro lugar. No entanto, as tarefas administrativas est\u00e3o a aumentar. Este \u00e9 um motivo de preocupa\u00e7\u00e3o.<\/strong><\/p>\n<p> <!--more--> <\/p>\n<p>No estudo internacional &#8220;International Health Policy Survey&#8221;, os m\u00e9dicos de cuidados prim\u00e1rios, ou seja, m\u00e9dicos de fam\u00edlia e pediatras, foram questionados sobre quest\u00f5es de pol\u00edtica de sa\u00fade. A Su\u00ed\u00e7a conseguiu ocupar o primeiro lugar. 92,7% dos inquiridos classificam o desempenho do sistema como bom ou muito bom. Em particular, a coopera\u00e7\u00e3o e troca de informa\u00e7\u00f5es com os m\u00e9dicos especialistas, bem como o acesso aos servi\u00e7os m\u00e9dicos, s\u00e3o avaliados positivamente. 96% dos prestadores de cuidados prim\u00e1rios classificam a troca de informa\u00e7\u00e3o e a coordena\u00e7\u00e3o como muito boa. E o acesso dos doentes aos servi\u00e7os m\u00e9dicos \u00e9 tamb\u00e9m classificado como muito bom. Os curtos tempos de espera est\u00e3o tamb\u00e9m entre os melhores de uma compara\u00e7\u00e3o internacional.<\/p>\n<p>69% dos inquiridos est\u00e3o muito satisfeitos com o seu trabalho. No entanto, 37% tamb\u00e9m classificaram o seu trabalho como extremamente ou muito stressante. Isso ainda parecia diferente em 2015. A\u00ed, o n\u00famero era de apenas 31%. Em particular, 60,7% dos inquiridos classificaram o tempo necess\u00e1rio para actividades administrativas com companhias de seguros ou factura\u00e7\u00e3o como um grande problema. Esta suposi\u00e7\u00e3o \u00e9 tamb\u00e9m partilhada pelos m\u00e9dicos do hospital. Um total de 1572 m\u00e9dicos participou no inqu\u00e9rito representativo. Em m\u00e9dia, o trabalho relacionado com os pacientes representa agora apenas 34% do trabalho realizado pelos m\u00e9dicos hospitalares. Com 20% do tempo di\u00e1rio despendido, a documenta\u00e7\u00e3o j\u00e1 se encontra em segundo lugar em torno do dossier do doente. Todos os dias, cerca de 119 minutos s\u00e3o gastos em documenta\u00e7\u00e3o, para os m\u00e9dicos assistentes s\u00e3o mesmo 197 minutos. Este esfor\u00e7o cada vez maior \u00e9 provavelmente uma das raz\u00f5es pelas quais a satisfa\u00e7\u00e3o profissional diminuiu ao longo dos \u00faltimos nove anos. Contudo, 80% dos m\u00e9dicos em medicina som\u00e1tica e psiquiatria aguda e 70% em reabilita\u00e7\u00e3o ainda confirmam que est\u00e3o muito ou bastante satisfeitos com o seu trabalho. 90 por cento classificam o seu trabalho como interessante. No entanto, a maioria da profiss\u00e3o m\u00e9dica sofre constantemente de press\u00e3o de desempenho e de tempo. Na medicina som\u00e1tica aguda, 80% dos m\u00e9dicos dizem que isto \u00e9 muito ou algo verdadeiro. E com 60% (2019) vs. 40% (2012), o n\u00famero de m\u00e9dicos que sofrem de stress mais ou frequentemente tamb\u00e9m aumentou significativamente. Ter tempo suficiente para os pacientes seria, portanto, n\u00e3o s\u00f3 importante para os doentes, mas tamb\u00e9m para a satisfa\u00e7\u00e3o profissional dos m\u00e9dicos.<\/p>\n<p><em>Fonte: FMH &#8211; Associa\u00e7\u00e3o Profissional de M\u00e9dicos Su\u00ed\u00e7os; www.fmh.ch\/index.cfm<\/em><\/p>\n<p>&nbsp;<\/p>\n<p><em>InFo NEUROLOGIA &amp; PSYCHIATRY 2020; 18(1): 40<\/em><\/p>\n","protected":false},"excerpt":{"rendered":"<p>Numa compara\u00e7\u00e3o internacional, a Su\u00ed\u00e7a est\u00e1 \u00e0 frente do jogo: num inqu\u00e9rito sobre cuidados prim\u00e1rios, o sistema de sa\u00fade obteve o primeiro lugar. No entanto, as tarefas administrativas est\u00e3o a&hellip;<\/p>\n","protected":false},"author":7,"featured_media":94214,"comment_status":"closed","ping_status":"","sticky":false,"template":"","format":"standard","meta":{"_acf_changed":false,"pmpro_default_level":"","cat_1_feature_home_top":false,"cat_2_editor_pick":false,"csco_eyebrow_text":"Sistema de sa\u00fade  ","footnotes":""},"category":[11521,11517,11474,11551],"tags":[],"powerkit_post_featured":[],"class_list":["post-334589","post","type-post","status-publish","format-standard","has-post-thumbnail","category-estudos","category-noticias-pt-pt","category-prevencao-e-cuidados-de-saude","category-rx-pt","pmpro-has-access"],"acf":[],"publishpress_future_action":{"enabled":false,"date":"2026-05-04 14:03:25","action":"change-status","newStatus":"draft","terms":[],"taxonomy":"category","extraData":[]},"publishpress_future_workflow_manual_trigger":{"enabledWorkflows":[]},"wpml_current_locale":"pt_PT","wpml_translations":{"es_ES":{"locale":"es_ES","id":334596,"slug":"atencion-primaria-top-fracaso-del-esfuerzo-administrativo","post_title":"Atenci\u00f3n primaria top - fracaso del esfuerzo administrativo","href":"https:\/\/medizinonline.com\/es\/atencion-primaria-top-fracaso-del-esfuerzo-administrativo\/"}},"_links":{"self":[{"href":"https:\/\/medizinonline.com\/pt-pt\/wp-json\/wp\/v2\/posts\/334589","targetHints":{"allow":["GET"]}}],"collection":[{"href":"https:\/\/medizinonline.com\/pt-pt\/wp-json\/wp\/v2\/posts"}],"about":[{"href":"https:\/\/medizinonline.com\/pt-pt\/wp-json\/wp\/v2\/types\/post"}],"author":[{"embeddable":true,"href":"https:\/\/medizinonline.com\/pt-pt\/wp-json\/wp\/v2\/users\/7"}],"replies":[{"embeddable":true,"href":"https:\/\/medizinonline.com\/pt-pt\/wp-json\/wp\/v2\/comments?post=334589"}],"version-history":[{"count":0,"href":"https:\/\/medizinonline.com\/pt-pt\/wp-json\/wp\/v2\/posts\/334589\/revisions"}],"wp:featuredmedia":[{"embeddable":true,"href":"https:\/\/medizinonline.com\/pt-pt\/wp-json\/wp\/v2\/media\/94214"}],"wp:attachment":[{"href":"https:\/\/medizinonline.com\/pt-pt\/wp-json\/wp\/v2\/media?parent=334589"}],"wp:term":[{"taxonomy":"category","embeddable":true,"href":"https:\/\/medizinonline.com\/pt-pt\/wp-json\/wp\/v2\/category?post=334589"},{"taxonomy":"post_tag","embeddable":true,"href":"https:\/\/medizinonline.com\/pt-pt\/wp-json\/wp\/v2\/tags?post=334589"},{"taxonomy":"powerkit_post_featured","embeddable":true,"href":"https:\/\/medizinonline.com\/pt-pt\/wp-json\/wp\/v2\/powerkit_post_featured?post=334589"}],"curies":[{"name":"wp","href":"https:\/\/api.w.org\/{rel}","templated":true}]}}