{"id":334717,"date":"2020-03-06T01:00:00","date_gmt":"2020-03-06T00:00:00","guid":{"rendered":"https:\/\/medizinonline.com\/nova-opcao-para-a-alergia-a-tasneira\/"},"modified":"2020-03-06T01:00:00","modified_gmt":"2020-03-06T00:00:00","slug":"nova-opcao-para-a-alergia-a-tasneira","status":"publish","type":"post","link":"https:\/\/medizinonline.com\/pt-pt\/nova-opcao-para-a-alergia-a-tasneira\/","title":{"rendered":"Nova op\u00e7\u00e3o para a alergia a tasneira"},"content":{"rendered":"<p><strong>O Ragweed \u00e9 altamente alerg\u00e9nico e est\u00e1 tamb\u00e9m a causar problemas a um n\u00famero cada vez maior de al\u00e9rgicos na Su\u00ed\u00e7a. Na Alemanha, um comprimido alerg\u00e9nico para imunoterapia espec\u00edfica (SIT) para alergias ao p\u00f3len de tasneira foi agora aprovado pela primeira vez.<\/strong><\/p>\n<p> <!--more--> <\/p>\n<p>Com <sup>RAGWIZAX\u00ae<\/sup>, o fabricante preenche os requisitos regulamentares para uma imunoterapia espec\u00edfica: Assim, uma aprova\u00e7\u00e3o de acordo com o Regulamento de Alerg\u00e9nios Terap\u00eauticos (TAV) \u00e9 actualmente necess\u00e1ria apenas para os alerg\u00e9nios principais (p\u00f3len de gram\u00edneas e \u00e1rvores, bem como \u00e1caros dom\u00e9sticos), mas n\u00e3o para alerg\u00e9nios raros como a tasneira.<\/p>\n<p>A ragweed \u00e9 considerada uma planta altamente alerg\u00e9nica. Origin\u00e1ria da Am\u00e9rica do Norte, est\u00e1 agora a espalhar-se cada vez mais na Europa Central. At\u00e9 agora, encontra-se principalmente ao longo de estradas, locais de constru\u00e7\u00e3o ou campos em pousio. A propaga\u00e7\u00e3o deve-se em parte \u00e0s sementes importadas. O p\u00f3len pode voar milhares de quil\u00f3metros. A longo prazo, os cientistas esperam que a frequ\u00eancia e preval\u00eancia das alergias a tasneira aumente.<\/p>\n<p>&#8220;Na sua maioria, o p\u00f3len de tasneira causa problemas aos al\u00e9rgicos que reagem ao p\u00f3len da planta de artem\u00edsia comum &#8211; e vice-versa&#8221;, explica o Professor Dr. J\u00f6rg Kleine-Tebbe, alergologista de Berlim. &#8220;Que alerg\u00e9nio \u00e9 respons\u00e1vel pelos sintomas da alergia deve ser esclarecido com um teste de alergia no m\u00e9dico&#8221;.<\/p>\n<p>Os sintomas t\u00edpicos da alergia a tasneira s\u00e3o semelhantes aos da febre dos fenos na erva ou alergia ao p\u00f3len de \u00e1rvores e v\u00e3o desde prurido ocular, espirros, corrimento ou obstru\u00e7\u00e3o nasal at\u00e9 tosse seca, tens\u00e3o tor\u00e1cica e dispneia. Estas queixas ocorrem tipicamente no final do Ver\u00e3o. O principal problema com o p\u00f3len de tasneira para os doentes afectados \u00e9 a elevada alergenicidade da planta: t\u00e3o pouco quanto dez p\u00f3len de tasneira por metro c\u00fabico de ar pode desencadear uma alergia ou asma.<\/p>\n<p>&#8220;Em muitos al\u00e9rgicos, a inflama\u00e7\u00e3o passa das vias respirat\u00f3rias superiores para as inferiores, e depois a inflama\u00e7\u00e3o cr\u00f3nica e a asma podem desenvolver-se&#8221;, diz o Prof. Kleine-Tebbe. Nos EUA, a tasneira j\u00e1 \u00e9 considerada o gatilho mais importante para a asma sazonal. &#8220;Este desenvolvimento s\u00f3 pode ser travado pela hiposensibiliza\u00e7\u00e3o&#8221;.<\/p>\n<p><sup>RAGWIZAX\u00ae<\/sup> \u00e9 indicado para o tratamento da rinite al\u00e9rgica induzida pelo p\u00f3len de tasneira em adultos com ou sem conjuntivite que n\u00e3o pode ser adequadamente tratada com medicamentos que aliviam os sintomas. A terapia com <sup>RAGWIZAX\u00ae<\/sup> deve ter lugar pelo menos 12 semanas antes do in\u00edcio da esta\u00e7\u00e3o do p\u00f3len de tasneira e durante um per\u00edodo de tr\u00eas anos. Deve ser tomado um comprimido por dia.<\/p>\n<p><em>Fonte: ALK-Abell\u00f3<\/em><\/p>\n<p>&nbsp;<\/p>\n<p><em>InFo PNEUMOLOGY &amp; ALLERGOLOGY 2019; 1(3): 32 (publicado 7.12.19, antes da impress\u00e3o).<\/em><\/p>\n","protected":false},"excerpt":{"rendered":"<p>O Ragweed \u00e9 altamente alerg\u00e9nico e est\u00e1 tamb\u00e9m a causar problemas a um n\u00famero cada vez maior de al\u00e9rgicos na Su\u00ed\u00e7a. Na Alemanha, um comprimido alerg\u00e9nico para imunoterapia espec\u00edfica (SIT)&hellip;<\/p>\n","protected":false},"author":7,"featured_media":93829,"comment_status":"closed","ping_status":"","sticky":false,"template":"","format":"standard","meta":{"_acf_changed":false,"pmpro_default_level":"","cat_1_feature_home_top":false,"cat_2_editor_pick":false,"csco_eyebrow_text":"Hiposensibiliza\u00e7\u00e3o  ","footnotes":""},"category":[11344,11542,11551],"tags":[26068,12376,26071,26074],"powerkit_post_featured":[],"class_list":["post-334717","post","type-post","status-publish","format-standard","has-post-thumbnail","category-alergologia-e-imunologia-clinica","category-mercado-medicina","category-rx-pt","tag-ambrosia-pt-pt","tag-asma-pt-pt","tag-ragweed-pt-pt","tag-ragwizax-pt-pt","pmpro-has-access"],"acf":[],"publishpress_future_action":{"enabled":false,"date":"2026-05-06 18:13:33","action":"change-status","newStatus":"draft","terms":[],"taxonomy":"category","extraData":[]},"publishpress_future_workflow_manual_trigger":{"enabledWorkflows":[]},"wpml_current_locale":"pt_PT","wpml_translations":{"es_ES":{"locale":"es_ES","id":334727,"slug":"nueva-opcion-para-la-alergia-a-la-ambrosia","post_title":"Nueva opci\u00f3n para la alergia a la ambros\u00eda","href":"https:\/\/medizinonline.com\/es\/nueva-opcion-para-la-alergia-a-la-ambrosia\/"}},"_links":{"self":[{"href":"https:\/\/medizinonline.com\/pt-pt\/wp-json\/wp\/v2\/posts\/334717","targetHints":{"allow":["GET"]}}],"collection":[{"href":"https:\/\/medizinonline.com\/pt-pt\/wp-json\/wp\/v2\/posts"}],"about":[{"href":"https:\/\/medizinonline.com\/pt-pt\/wp-json\/wp\/v2\/types\/post"}],"author":[{"embeddable":true,"href":"https:\/\/medizinonline.com\/pt-pt\/wp-json\/wp\/v2\/users\/7"}],"replies":[{"embeddable":true,"href":"https:\/\/medizinonline.com\/pt-pt\/wp-json\/wp\/v2\/comments?post=334717"}],"version-history":[{"count":0,"href":"https:\/\/medizinonline.com\/pt-pt\/wp-json\/wp\/v2\/posts\/334717\/revisions"}],"wp:featuredmedia":[{"embeddable":true,"href":"https:\/\/medizinonline.com\/pt-pt\/wp-json\/wp\/v2\/media\/93829"}],"wp:attachment":[{"href":"https:\/\/medizinonline.com\/pt-pt\/wp-json\/wp\/v2\/media?parent=334717"}],"wp:term":[{"taxonomy":"category","embeddable":true,"href":"https:\/\/medizinonline.com\/pt-pt\/wp-json\/wp\/v2\/category?post=334717"},{"taxonomy":"post_tag","embeddable":true,"href":"https:\/\/medizinonline.com\/pt-pt\/wp-json\/wp\/v2\/tags?post=334717"},{"taxonomy":"powerkit_post_featured","embeddable":true,"href":"https:\/\/medizinonline.com\/pt-pt\/wp-json\/wp\/v2\/powerkit_post_featured?post=334717"}],"curies":[{"name":"wp","href":"https:\/\/api.w.org\/{rel}","templated":true}]}}