{"id":334740,"date":"2020-03-04T01:00:00","date_gmt":"2020-03-04T00:00:00","guid":{"rendered":"https:\/\/medizinonline.com\/o-big-brother-esta-de-olho-em-si-digitalizacao-na-medicina\/"},"modified":"2020-03-04T01:00:00","modified_gmt":"2020-03-04T00:00:00","slug":"o-big-brother-esta-de-olho-em-si-digitalizacao-na-medicina","status":"publish","type":"post","link":"https:\/\/medizinonline.com\/pt-pt\/o-big-brother-esta-de-olho-em-si-digitalizacao-na-medicina\/","title":{"rendered":"O Big Brother est\u00e1 de olho em si &#8211; digitaliza\u00e7\u00e3o na medicina"},"content":{"rendered":"<p><strong>A transforma\u00e7\u00e3o digital est\u00e1 em pleno andamento n\u00e3o s\u00f3 na vida quotidiana mas tamb\u00e9m na medicina e est\u00e1 a assumir caracter\u00edsticas cada vez mais precisas. A necessidade n\u00e3o s\u00f3 de armazenar grandes quantidades de dados, mas tamb\u00e9m de os utilizar, h\u00e1 muito que \u00e9 reconhecida.<\/strong><\/p>\n<p> <!--more--> <\/p>\n<p>Todos os dias, v\u00e1rios terabytes de dados s\u00e3o produzidos apenas na Su\u00ed\u00e7a. Cada indiv\u00edduo contribui para isto atrav\u00e9s da utiliza\u00e7\u00e3o de um smartphone. Em compara\u00e7\u00e3o, a medicina est\u00e1 ainda na sua inf\u00e2ncia. Mesmo grandes hospitais como a Charit\u00e9 alem\u00e3 armazenam apenas 2,5 terabytes de dados por dia. No entanto, estes t\u00eam estado, at\u00e9 agora, por utilizar nos servidores. Isso est\u00e1 prestes a mudar. O problema, no entanto, reside na falta de normaliza\u00e7\u00e3o. Para poder trabalhar com imagens, resultados de exames e documentos, estes devem poder ser recuperados digitalmente. A necess\u00e1ria estrutura\u00e7\u00e3o e liga\u00e7\u00e3o dos dados individuais com terminologias padr\u00e3o ainda n\u00e3o est\u00e3o dispon\u00edveis. Uma iniciativa de inform\u00e1tica m\u00e9dica estabeleceu agora o objectivo de uma plataforma de interc\u00e2mbio de dados para documenta\u00e7\u00e3o estruturada e normalizada e a cria\u00e7\u00e3o de um Centro Virtual de Oncologia para partilhar conhecimentos e lig\u00e1-los a fontes de dados p\u00fablicas.<\/p>\n<p>As utiliza\u00e7\u00f5es poss\u00edveis seriam m\u00faltiplas. Conceitos anal\u00edticos inteligentes poderiam fornecer aos m\u00e9dicos dados transsectoriais e longitudinais e melhorar a garantia de qualidade. Os pacientes poderiam aceder aos seus dados em qualquer altura, ter mais informa\u00e7\u00f5es na ponta dos dedos, uma gama mais vasta de estudos e um ganho em comodidade.<\/p>\n<h2 id=\"medicina-de-precisao-futura\">Medicina de precis\u00e3o futura<\/h2>\n<p>Nos laborat\u00f3rios pr\u00e9-cl\u00ednicos, os trabalhos sobre o futuro est\u00e3o tamb\u00e9m a ser realizados a toda a velocidade. A introdu\u00e7\u00e3o de tecnologias de sequencia\u00e7\u00e3o de segunda gera\u00e7\u00e3o permitiu tecnologias de \u00f3micas de plataforma cruzada. Com os novos m\u00e9todos de alto rendimento, todo o genoma, transcriptoma ou proteoma de uma c\u00e9lula pode ser gravado. Permitem criar perfis moleculares globais e de alta resolu\u00e7\u00e3o de c\u00e9lulas, tecidos e tumores num curto espa\u00e7o de tempo, tendo assim alterado fundamentalmente o estudo dos sistemas biol\u00f3gicos. Um primeiro passo em direc\u00e7\u00e3o \u00e0 medicina de precis\u00e3o que ter\u00e1 um impacto a longo prazo na cl\u00ednica.<\/p>\n<p><em>Fonte: Reuni\u00e3o Anual das Sociedades de Hematologia e Oncologia M\u00e9dica de L\u00edngua Alem\u00e3 (DGHO) 2019<\/em><\/p>\n<p>&nbsp;<\/p>\n<p><em>InFo ONCOLOGY &amp; HEMATOLOGY 2019; 7(6): 24 (publicado em 5.12.19, antes da impress\u00e3o).<\/em><\/p>\n","protected":false},"excerpt":{"rendered":"<p>A transforma\u00e7\u00e3o digital est\u00e1 em pleno andamento n\u00e3o s\u00f3 na vida quotidiana mas tamb\u00e9m na medicina e est\u00e1 a assumir caracter\u00edsticas cada vez mais precisas. A necessidade n\u00e3o s\u00f3 de&hellip;<\/p>\n","protected":false},"author":7,"featured_media":93634,"comment_status":"closed","ping_status":"","sticky":false,"template":"","format":"standard","meta":{"_acf_changed":false,"pmpro_default_level":"","cat_1_feature_home_top":false,"cat_2_editor_pick":false,"csco_eyebrow_text":"Intelig\u00eancia artificial","footnotes":""},"category":[11379,11474,11529,11551],"tags":[14193,21213,14153],"powerkit_post_featured":[],"class_list":["post-334740","post","type-post","status-publish","format-standard","has-post-thumbnail","category-oncologia-pt-pt","category-prevencao-e-cuidados-de-saude","category-relatorios-do-congresso","category-rx-pt","tag-digitalizacao","tag-grandes-dados","tag-inteligencia-artificial","pmpro-has-access"],"acf":[],"publishpress_future_action":{"enabled":false,"date":"2026-05-09 00:00:02","action":"change-status","newStatus":"draft","terms":[],"taxonomy":"category","extraData":[]},"publishpress_future_workflow_manual_trigger":{"enabledWorkflows":[]},"wpml_current_locale":"pt_PT","wpml_translations":{"es_ES":{"locale":"es_ES","id":334725,"slug":"el-gran-hermano-le-vigila-la-digitalizacion-en-la-medicina","post_title":"El Gran Hermano le vigila: la digitalizaci\u00f3n en la medicina","href":"https:\/\/medizinonline.com\/es\/el-gran-hermano-le-vigila-la-digitalizacion-en-la-medicina\/"}},"_links":{"self":[{"href":"https:\/\/medizinonline.com\/pt-pt\/wp-json\/wp\/v2\/posts\/334740","targetHints":{"allow":["GET"]}}],"collection":[{"href":"https:\/\/medizinonline.com\/pt-pt\/wp-json\/wp\/v2\/posts"}],"about":[{"href":"https:\/\/medizinonline.com\/pt-pt\/wp-json\/wp\/v2\/types\/post"}],"author":[{"embeddable":true,"href":"https:\/\/medizinonline.com\/pt-pt\/wp-json\/wp\/v2\/users\/7"}],"replies":[{"embeddable":true,"href":"https:\/\/medizinonline.com\/pt-pt\/wp-json\/wp\/v2\/comments?post=334740"}],"version-history":[{"count":0,"href":"https:\/\/medizinonline.com\/pt-pt\/wp-json\/wp\/v2\/posts\/334740\/revisions"}],"wp:featuredmedia":[{"embeddable":true,"href":"https:\/\/medizinonline.com\/pt-pt\/wp-json\/wp\/v2\/media\/93634"}],"wp:attachment":[{"href":"https:\/\/medizinonline.com\/pt-pt\/wp-json\/wp\/v2\/media?parent=334740"}],"wp:term":[{"taxonomy":"category","embeddable":true,"href":"https:\/\/medizinonline.com\/pt-pt\/wp-json\/wp\/v2\/category?post=334740"},{"taxonomy":"post_tag","embeddable":true,"href":"https:\/\/medizinonline.com\/pt-pt\/wp-json\/wp\/v2\/tags?post=334740"},{"taxonomy":"powerkit_post_featured","embeddable":true,"href":"https:\/\/medizinonline.com\/pt-pt\/wp-json\/wp\/v2\/powerkit_post_featured?post=334740"}],"curies":[{"name":"wp","href":"https:\/\/api.w.org\/{rel}","templated":true}]}}