{"id":335602,"date":"2019-09-21T02:00:00","date_gmt":"2019-09-21T00:00:00","guid":{"rendered":"https:\/\/medizinonline.com\/fadiga-em-lupus-e-co\/"},"modified":"2019-09-21T02:00:00","modified_gmt":"2019-09-21T00:00:00","slug":"fadiga-em-lupus-e-co","status":"publish","type":"post","link":"https:\/\/medizinonline.com\/pt-pt\/fadiga-em-lupus-e-co\/","title":{"rendered":"Fadiga em l\u00fapus e co."},"content":{"rendered":"<p><strong>Um estudo recente mostra que n\u00e3o s\u00f3 o l\u00fapus eritematoso se caracteriza por sintomas de fadiga, mas tamb\u00e9m outras doen\u00e7as auto-imunes com envolvimento cut\u00e2neo.<\/strong><\/p>\n<p> <!--more--> <\/p>\n<p>A fadiga \u00e9 um sintoma conhecido do l\u00fapus eritematoso sist\u00e9mico (LES), mas n\u00e3o tem sido extensivamente estudado noutras doen\u00e7as auto-imunes com envolvimento cut\u00e2neo, tais como l\u00fapus eritematoso cut\u00e2neo (LEC), dermatomiosite amiopl\u00e1sica (ADM) ou dermatoses auto-imunes em bolhas (AIBD). Um estudo publicado no British Journal of Dermatology 2019 mostra que a fadiga \u00e9 mais comum em doentes com estas doen\u00e7as auto-imunes em compara\u00e7\u00e3o com um grupo de controlo compat\u00edvel. A fadiga \u00e9 muito stressante para as pessoas afectadas e conduz frequentemente a uma qualidade de vida prejudicada. Os autores aconselham os dermatologistas a examinar pacientes em risco para detectar sintomas de fadiga.<\/p>\n<p>Os investigadores utilizaram informa\u00e7\u00f5es de doentes cujos dados foram registados em registos longitudinais prospectivos: SLE (n=165), CLE (n=226), ADM (n=136), AIBD (n=79). Estes dados foram comparados com os de um grupo de controlo representativo (n=84). O pequeno question\u00e1rio SF-36 foi utilizado como instrumento de medi\u00e7\u00e3o.&nbsp;  Problemas de fadiga clinicamente significativos foram operacionalizados como uma pontua\u00e7\u00e3o \u226435 na escala de vitalidade deste question\u00e1rio. A avalia\u00e7\u00e3o mostrou pontua\u00e7\u00f5es de fadiga mais elevadas no grupo de estudo em compara\u00e7\u00e3o com o grupo de controlo (p&lt;0,05). Al\u00e9m disso, verificou-se que o subgrupo do LES era o que tinha mais problemas de fadiga em compara\u00e7\u00e3o com as outras subpopula\u00e7\u00f5es de doentes (p&lt;0,05). N\u00e3o houve diferen\u00e7as significativas entre CLE, ADM e AIBD. Al\u00e9m disso, a popula\u00e7\u00e3o total de doentes tinha uma propor\u00e7\u00e3o mais elevada de sintomas de fadiga clinicamente significativos em compara\u00e7\u00e3o com o grupo de controlo (LES: 44,2%, LES: 25,2%, ADM: 31,6%, AIBD: 24,1% vs. Grupo de controlo: 2%; p&lt;0,01). O subgrupo LES tinha uma maior propor\u00e7\u00e3o de problemas de fadiga clinicamente significativos do que o grupo LES (p&lt;0,01), mas n\u00e3o houve diferen\u00e7as significativas entre o LES e a ADM ou a AIBD.<\/p>\n<p><em>Fonte: https:\/\/onlinelibrary.wiley.com\/doi\/abs\/10.1111\/bjd.17962, https:\/\/doi.org\/10.1111\/bjd.17257, British Journal of Dermatology 2019; 180: 1468-1472.<\/em><\/p>\n<p>&nbsp;<\/p>\n<p><em>PR\u00c1TICA DA DERMATOLOGIA 2019; 29(4): 44<\/em><\/p>\n","protected":false},"excerpt":{"rendered":"<p>Um estudo recente mostra que n\u00e3o s\u00f3 o l\u00fapus eritematoso se caracteriza por sintomas de fadiga, mas tamb\u00e9m outras doen\u00e7as auto-imunes com envolvimento cut\u00e2neo.<\/p>\n","protected":false},"author":7,"featured_media":91145,"comment_status":"closed","ping_status":"closed","sticky":false,"template":"","format":"standard","meta":{"_acf_changed":false,"pmpro_default_level":"","cat_1_feature_home_top":false,"cat_2_editor_pick":false,"csco_eyebrow_text":"Doen\u00e7as auto-imunes ","footnotes":""},"category":[11356,11521,11517,11496,11551],"tags":[27651,27654,27647,13089,13840,14074],"powerkit_post_featured":[],"class_list":["post-335602","post","type-post","status-publish","format-standard","has-post-thumbnail","category-dermatologia-e-venereologia-pt-pt","category-estudos","category-noticias-pt-pt","category-reumatologia-pt-pt","category-rx-pt","tag-adm-pt-pt","tag-aibd-pt-pt","tag-cle-pt-pt","tag-fadiga-pt-pt","tag-lupus-pt-pt","tag-sle-pt-pt","pmpro-has-access"],"acf":[],"publishpress_future_action":{"enabled":false,"date":"2026-05-04 12:48:15","action":"change-status","newStatus":"draft","terms":[],"taxonomy":"category","extraData":[]},"publishpress_future_workflow_manual_trigger":{"enabledWorkflows":[]},"wpml_current_locale":"pt_PT","wpml_translations":{"es_ES":{"locale":"es_ES","id":335662,"slug":"fatiga-en-el-lupus-y-co","post_title":"Fatiga en el lupus y co.","href":"https:\/\/medizinonline.com\/es\/fatiga-en-el-lupus-y-co\/"}},"_links":{"self":[{"href":"https:\/\/medizinonline.com\/pt-pt\/wp-json\/wp\/v2\/posts\/335602","targetHints":{"allow":["GET"]}}],"collection":[{"href":"https:\/\/medizinonline.com\/pt-pt\/wp-json\/wp\/v2\/posts"}],"about":[{"href":"https:\/\/medizinonline.com\/pt-pt\/wp-json\/wp\/v2\/types\/post"}],"author":[{"embeddable":true,"href":"https:\/\/medizinonline.com\/pt-pt\/wp-json\/wp\/v2\/users\/7"}],"replies":[{"embeddable":true,"href":"https:\/\/medizinonline.com\/pt-pt\/wp-json\/wp\/v2\/comments?post=335602"}],"version-history":[{"count":0,"href":"https:\/\/medizinonline.com\/pt-pt\/wp-json\/wp\/v2\/posts\/335602\/revisions"}],"wp:featuredmedia":[{"embeddable":true,"href":"https:\/\/medizinonline.com\/pt-pt\/wp-json\/wp\/v2\/media\/91145"}],"wp:attachment":[{"href":"https:\/\/medizinonline.com\/pt-pt\/wp-json\/wp\/v2\/media?parent=335602"}],"wp:term":[{"taxonomy":"category","embeddable":true,"href":"https:\/\/medizinonline.com\/pt-pt\/wp-json\/wp\/v2\/category?post=335602"},{"taxonomy":"post_tag","embeddable":true,"href":"https:\/\/medizinonline.com\/pt-pt\/wp-json\/wp\/v2\/tags?post=335602"},{"taxonomy":"powerkit_post_featured","embeddable":true,"href":"https:\/\/medizinonline.com\/pt-pt\/wp-json\/wp\/v2\/powerkit_post_featured?post=335602"}],"curies":[{"name":"wp","href":"https:\/\/api.w.org\/{rel}","templated":true}]}}