{"id":335754,"date":"2019-09-07T02:00:00","date_gmt":"2019-09-07T00:00:00","guid":{"rendered":"https:\/\/medizinonline.com\/estrategia-de-sobrevivencia-dos-pneumococos-no-sistema-nervoso-central-identificada\/"},"modified":"2019-09-07T02:00:00","modified_gmt":"2019-09-07T00:00:00","slug":"estrategia-de-sobrevivencia-dos-pneumococos-no-sistema-nervoso-central-identificada","status":"publish","type":"post","link":"https:\/\/medizinonline.com\/pt-pt\/estrategia-de-sobrevivencia-dos-pneumococos-no-sistema-nervoso-central-identificada\/","title":{"rendered":"Estrat\u00e9gia de sobreviv\u00eancia dos pneumococos no sistema nervoso central identificada"},"content":{"rendered":"<p><strong>A meningite causada por pneumococos \u00e9 respons\u00e1vel por cerca de 0,6% de todas as mortes a n\u00edvel mundial e est\u00e1, portanto, na lista das dez principais infec\u00e7\u00f5es a n\u00edvel mundial. Uma equipa internacional de investiga\u00e7\u00e3o ganhou agora importantes conhecimentos sobre as estrat\u00e9gias de sobreviv\u00eancia dos pneumocococos.<\/strong><\/p>\n<p> <!--more--> <\/p>\n<p>A meningite pneumoc\u00f3cica \u00e9 respons\u00e1vel por cerca de 0,6% de todas as mortes a n\u00edvel mundial. A meningite bacteriana est\u00e1 assim na lista das dez infec\u00e7\u00f5es mais importantes a n\u00edvel mundial. Investigadores da Universidade e do Centro M\u00e9dico Universit\u00e1rio Greifswald do Instituto Interfaculty de Gen\u00e9tica e Investiga\u00e7\u00e3o do Genoma Funcional (C_FunGene), da Cl\u00ednica Neurol\u00f3gica do Hospital LMU de Munique e outros investigadores internacionais estiveram envolvidos no estudo.<\/p>\n<p>A meningite \u00e9 uma das doen\u00e7as pneumoc\u00f3cicas invasivas mais temidas. Esta doen\u00e7a \u00e9 frequentemente causada pelas bact\u00e9rias que se propagam atrav\u00e9s da corrente sangu\u00ednea e os pneumococos ultrapassando a barreira hemato-encef\u00e1lica\/flu\u00eddo espinal (LCR). Mais raramente, \u00e9 o resultado de um foco supurativo local, como pode ocorrer na otite m\u00e9dia. A taxa de mortalidade em crian\u00e7as situa-se entre cinco e dez por cento, em doentes de alto risco e idosos mesmo at\u00e9 80 por cento. Apesar das melhores formas de terapia, a crescente resist\u00eancia aos antibi\u00f3ticos dos pneumococos torna o tratamento mais dif\u00edcil e exige o desenvolvimento de estrat\u00e9gias de interven\u00e7\u00e3o preventivas ou novas. Compreender o curso da doen\u00e7a &#8211; a patog\u00e9nese &#8211; e o patog\u00e9nico bacteriano no seu ambiente hospedeiro \u00e9 crucial para isso.<\/p>\n<p>Numa abordagem inovadora utilizando um modelo experimental de meningite e prote\u00f3mica, a equipa de investiga\u00e7\u00e3o interdisciplinar analisou o proteoma in vivo dos pneumocococos ap\u00f3s isolar as bact\u00e9rias do l\u00edquido cefalorraquidiano (LCR) dos ratos. No processo, foram identificadas prote\u00ednas em pneumococos que foram produzidas em maiores quantidades. Era uma prote\u00edna de transporte para os chamados oligopept\u00eddeos e uma prote\u00edna reguladora que controla a absor\u00e7\u00e3o de ADN extracelular. A import\u00e2ncia destas prote\u00ednas foi demonstrada por outros estudos no modelo experimental da meningite. A aus\u00eancia das prote\u00ednas pneumoc\u00f3cicas levou \u00e0 redu\u00e7\u00e3o das hemorragias cerebrais e \u00e0 diminui\u00e7\u00e3o da imigra\u00e7\u00e3o de c\u00e9lulas imunit\u00e1rias&#8221;, explica o Prof. Sven Hammerschmidt da Universidade de Greifswald. Al\u00e9m disso, estes mutantes pneumoc\u00f3cicos s\u00f3 foram capazes de atravessar a barreira hematoencef\u00e1lica\/l\u00edquica em pequena escala.<\/p>\n<p>Os resultados mostram como \u00e9 importante obter uma vis\u00e3o da fisiologia e fisiopatologia dos pneumococos em condi\u00e7\u00f5es de infec\u00e7\u00e3o, a fim de poder desenvolver novos alvos para medidas preventivas ou terap\u00eauticas.<\/p>\n<p>\nLeitura adicional:<\/p>\n<ul>\n<li>Schmidt F, Kakar N, Meyer TC, et al: (2019). A prote\u00f3mica in vivo identifica o regulador de compet\u00eancia e o transportador de oligopept\u00eddeos AliB como factores patog\u00e9nicos na meningite pneumoc\u00f3cica. PLoS Pathogens 15:e1007987<\/li>\n<\/ul>\n<p>\n<em>Fonte: Universidade de Greifswald (D)<\/em><\/p>\n<p>&nbsp;<\/p>\n<p><em>InFo NEUROLOGIA &amp; PSYCHIATRY 2019; 17(5): 14<\/em><\/p>\n","protected":false},"excerpt":{"rendered":"<p>A meningite causada por pneumococos \u00e9 respons\u00e1vel por cerca de 0,6% de todas as mortes a n\u00edvel mundial e est\u00e1, portanto, na lista das dez principais infec\u00e7\u00f5es a n\u00edvel mundial.&hellip;<\/p>\n","protected":false},"author":7,"featured_media":90909,"comment_status":"closed","ping_status":"","sticky":false,"template":"","format":"standard","meta":{"_acf_changed":false,"pmpro_default_level":"","cat_1_feature_home_top":false,"cat_2_editor_pick":false,"csco_eyebrow_text":"Meningite bacteriana","footnotes":""},"category":[11521,11421,11374,11517,11551],"tags":[27937,27942,15096],"powerkit_post_featured":[],"class_list":["post-335754","post","type-post","status-publish","format-standard","has-post-thumbnail","category-estudos","category-infecciologia","category-neurologia-pt-pt","category-noticias-pt-pt","category-rx-pt","tag-meningite-pt-pt","tag-meningite-pt-pt-2","tag-pneumococcus-pt-pt","pmpro-has-access"],"acf":[],"publishpress_future_action":{"enabled":false,"date":"2026-05-04 04:45:06","action":"change-status","newStatus":"draft","terms":[],"taxonomy":"category","extraData":[]},"publishpress_future_workflow_manual_trigger":{"enabledWorkflows":[]},"wpml_current_locale":"pt_PT","wpml_translations":{"es_ES":{"locale":"es_ES","id":335758,"slug":"identificada-la-estrategia-de-supervivencia-de-los-neumococos-en-el-sistema-nervioso-central","post_title":"Identificada la estrategia de supervivencia de los neumococos en el sistema nervioso central","href":"https:\/\/medizinonline.com\/es\/identificada-la-estrategia-de-supervivencia-de-los-neumococos-en-el-sistema-nervioso-central\/"}},"_links":{"self":[{"href":"https:\/\/medizinonline.com\/pt-pt\/wp-json\/wp\/v2\/posts\/335754","targetHints":{"allow":["GET"]}}],"collection":[{"href":"https:\/\/medizinonline.com\/pt-pt\/wp-json\/wp\/v2\/posts"}],"about":[{"href":"https:\/\/medizinonline.com\/pt-pt\/wp-json\/wp\/v2\/types\/post"}],"author":[{"embeddable":true,"href":"https:\/\/medizinonline.com\/pt-pt\/wp-json\/wp\/v2\/users\/7"}],"replies":[{"embeddable":true,"href":"https:\/\/medizinonline.com\/pt-pt\/wp-json\/wp\/v2\/comments?post=335754"}],"version-history":[{"count":0,"href":"https:\/\/medizinonline.com\/pt-pt\/wp-json\/wp\/v2\/posts\/335754\/revisions"}],"wp:featuredmedia":[{"embeddable":true,"href":"https:\/\/medizinonline.com\/pt-pt\/wp-json\/wp\/v2\/media\/90909"}],"wp:attachment":[{"href":"https:\/\/medizinonline.com\/pt-pt\/wp-json\/wp\/v2\/media?parent=335754"}],"wp:term":[{"taxonomy":"category","embeddable":true,"href":"https:\/\/medizinonline.com\/pt-pt\/wp-json\/wp\/v2\/category?post=335754"},{"taxonomy":"post_tag","embeddable":true,"href":"https:\/\/medizinonline.com\/pt-pt\/wp-json\/wp\/v2\/tags?post=335754"},{"taxonomy":"powerkit_post_featured","embeddable":true,"href":"https:\/\/medizinonline.com\/pt-pt\/wp-json\/wp\/v2\/powerkit_post_featured?post=335754"}],"curies":[{"name":"wp","href":"https:\/\/api.w.org\/{rel}","templated":true}]}}