{"id":335914,"date":"2019-07-31T00:00:00","date_gmt":"2019-07-30T22:00:00","guid":{"rendered":"https:\/\/medizinonline.com\/utilizacao-precoce-dos-inibidores-cdk4-6-investigados\/"},"modified":"2019-07-31T00:00:00","modified_gmt":"2019-07-30T22:00:00","slug":"utilizacao-precoce-dos-inibidores-cdk4-6-investigados","status":"publish","type":"post","link":"https:\/\/medizinonline.com\/pt-pt\/utilizacao-precoce-dos-inibidores-cdk4-6-investigados\/","title":{"rendered":"Utiliza\u00e7\u00e3o precoce dos inibidores CDK4\/6 investigados"},"content":{"rendered":"<p><strong>As terapias direccionadas s\u00e3o actualmente utilizadas principalmente para o cancro da mama localmente avan\u00e7ado ou metast\u00e1sico. Dados de estudos recentes sugerem agora que as pessoas afectadas em fases anteriores tamb\u00e9m podem beneficiar.<\/strong><\/p>\n<p> <!--more--> <\/p>\n<p>Os inibidores CDK4\/6 j\u00e1 demonstraram a sua efic\u00e1cia no cancro da mama avan\u00e7ado ou metast\u00e1sico. Est\u00e3o associados a um prolongamento significativo da sobreviv\u00eancia sem progress\u00e3o, em combina\u00e7\u00e3o com a terapia anti-hormonal. Entretanto, estabeleceram-se como a terapia padr\u00e3o para o carcinoma metast\u00e1tico end\u00f3crino sens\u00edvel. Devido \u00e0 resposta positiva e \u00e0 boa tolerabilidade, os preparativos foram agora tamb\u00e9m investigados em tumores end\u00f3crinos sens\u00edveis na fase inicial da doen\u00e7a.<\/p>\n<p>O crescimento celular descarrilado deve-se, entre outras coisas, a uma desregula\u00e7\u00e3o no ciclo celular, que \u00e9 controlado por ciclinas e quinases dependentes de ciclinas (CDKs). A interac\u00e7\u00e3o com a ciclina D activa o CDK4\/6, que se tem demonstrado serem reguladores do ciclo celular. Ao fosforilizar a prote\u00edna retinoblastoma supressor do tumor, despoletam a transi\u00e7\u00e3o da fase G1 para a fase S proliferativa do ciclo celular. Assim, a inibi\u00e7\u00e3o de kinases dependentes de ciclina pode refrear a divis\u00e3o celular.<\/p>\n<h2 id=\"uso-neo-adjuvante\">Uso neo-adjuvante<\/h2>\n<p>Ap\u00f3s o diagn\u00f3stico, os inibidores CDK4\/6 foram dados durante duas e quatro semanas, respectivamente, e o n\u00edvel KI-67 foi medido como prova de resposta. Foi demonstrado que os f\u00e1rmacos foram capazes de abrandar significativamente a prolifera\u00e7\u00e3o em alguns casos mesmo sem terapia end\u00f3crina adicional. O objectivo seria reduzir significativamente o risco de met\u00e1stase.<\/p>\n<p><em>Fonte: Congresso St. Gallen International Breast Cancer Conference 2019<\/em><\/p>\n<p>&nbsp;<\/p>\n<p><em>InFo ONCOLOGY &amp; HEMATOLOGY 2019; 7(2-3): 38 (publicado 21.6.19, antes da impress\u00e3o).<\/em><\/p>\n","protected":false},"excerpt":{"rendered":"<p>As terapias direccionadas s\u00e3o actualmente utilizadas principalmente para o cancro da mama localmente avan\u00e7ado ou metast\u00e1sico. Dados de estudos recentes sugerem agora que as pessoas afectadas em fases anteriores tamb\u00e9m&hellip;<\/p>\n","protected":false},"author":7,"featured_media":90299,"comment_status":"closed","ping_status":"","sticky":false,"template":"","format":"standard","meta":{"_acf_changed":false,"pmpro_default_level":"","cat_1_feature_home_top":false,"cat_2_editor_pick":false,"csco_eyebrow_text":"Cancro da mama","footnotes":""},"category":[11419,11379,11529,11551],"tags":[13509,13515,28265,11773],"powerkit_post_featured":[],"class_list":["post-335914","post","type-post","status-publish","format-standard","has-post-thumbnail","category-ginecologia-pt-pt","category-oncologia-pt-pt","category-relatorios-do-congresso","category-rx-pt","tag-cancro-da-mama","tag-carcinoma-da-mama","tag-terapia-neo-adjuvante","tag-terapia-orientada","pmpro-has-access"],"acf":[],"publishpress_future_action":{"enabled":false,"date":"2026-05-04 09:35:26","action":"change-status","newStatus":"draft","terms":[],"taxonomy":"category","extraData":[]},"publishpress_future_workflow_manual_trigger":{"enabledWorkflows":[]},"wpml_current_locale":"pt_PT","wpml_translations":{"es_ES":{"locale":"es_ES","id":335877,"slug":"se-investiga-el-uso-precoz-de-los-inhibidores-cdk4-6","post_title":"Se investiga el uso precoz de los inhibidores CDK4\/6","href":"https:\/\/medizinonline.com\/es\/se-investiga-el-uso-precoz-de-los-inhibidores-cdk4-6\/"}},"_links":{"self":[{"href":"https:\/\/medizinonline.com\/pt-pt\/wp-json\/wp\/v2\/posts\/335914","targetHints":{"allow":["GET"]}}],"collection":[{"href":"https:\/\/medizinonline.com\/pt-pt\/wp-json\/wp\/v2\/posts"}],"about":[{"href":"https:\/\/medizinonline.com\/pt-pt\/wp-json\/wp\/v2\/types\/post"}],"author":[{"embeddable":true,"href":"https:\/\/medizinonline.com\/pt-pt\/wp-json\/wp\/v2\/users\/7"}],"replies":[{"embeddable":true,"href":"https:\/\/medizinonline.com\/pt-pt\/wp-json\/wp\/v2\/comments?post=335914"}],"version-history":[{"count":0,"href":"https:\/\/medizinonline.com\/pt-pt\/wp-json\/wp\/v2\/posts\/335914\/revisions"}],"wp:featuredmedia":[{"embeddable":true,"href":"https:\/\/medizinonline.com\/pt-pt\/wp-json\/wp\/v2\/media\/90299"}],"wp:attachment":[{"href":"https:\/\/medizinonline.com\/pt-pt\/wp-json\/wp\/v2\/media?parent=335914"}],"wp:term":[{"taxonomy":"category","embeddable":true,"href":"https:\/\/medizinonline.com\/pt-pt\/wp-json\/wp\/v2\/category?post=335914"},{"taxonomy":"post_tag","embeddable":true,"href":"https:\/\/medizinonline.com\/pt-pt\/wp-json\/wp\/v2\/tags?post=335914"},{"taxonomy":"powerkit_post_featured","embeddable":true,"href":"https:\/\/medizinonline.com\/pt-pt\/wp-json\/wp\/v2\/powerkit_post_featured?post=335914"}],"curies":[{"name":"wp","href":"https:\/\/api.w.org\/{rel}","templated":true}]}}