{"id":335919,"date":"2019-07-28T02:00:00","date_gmt":"2019-07-28T00:00:00","guid":{"rendered":"https:\/\/medizinonline.com\/look-good-feel-better-o-que-e-que-a-aparencia-tem-a-ver-com-a-convalescenca\/"},"modified":"2019-07-28T02:00:00","modified_gmt":"2019-07-28T00:00:00","slug":"look-good-feel-better-o-que-e-que-a-aparencia-tem-a-ver-com-a-convalescenca","status":"publish","type":"post","link":"https:\/\/medizinonline.com\/pt-pt\/look-good-feel-better-o-que-e-que-a-aparencia-tem-a-ver-com-a-convalescenca\/","title":{"rendered":"Look Good&#8230;Feel Better: O que \u00e9 que a apar\u00eancia tem a ver com a convalescen\u00e7a"},"content":{"rendered":"<p><strong>A perda de cabelo e pestanas devido \u00e0 terapia do cancro enfraquece ainda mais os doentes. Porque a auto-estima sofre. Nos workshops de beleza, os pacientes aprendem a esconder os vest\u00edgios vis\u00edveis do seu tratamento.<\/strong><\/p>\n<p> <!--more--> <\/p>\n<p><strong>Cara Sra. Kern, est\u00e1 empenhada nos interesses da Funda\u00e7\u00e3o &#8220;Look Good Feel Better&#8221; (LGFB) com grande entusiasmo e alegria. Qual \u00e9 o objectivo da LGFB?<\/strong><br \/>\nLook Good Feel Better \u00e9 um compromisso sem fins lucrativos das principais empresas de cosm\u00e9tica na Su\u00ed\u00e7a. A funda\u00e7\u00e3o tem vindo a organizar workshops de beleza gratuitos para pessoas afectadas pelo cancro desde 2006 com o objectivo de reconstruir a sua auto-confian\u00e7a e auto-estima e devolver-lhes um pouco da sua qualidade de vida. Entretanto, estamos presentes em tr\u00eas regi\u00f5es lingu\u00edsticas em mais de 50 locais e recebemos um feedback positivo dos participantes.<\/p>\n<p><strong>Porque \u00e9 que a apar\u00eancia \u00e9 t\u00e3o importante, especialmente para os doentes com cancro?<\/strong><br \/>\nAs terapias podem afectar severamente a apar\u00eancia, alterando a apar\u00eancia da pele e\/ou levando \u00e0 perda de cabelo na cabe\u00e7a, bem como sobrancelhas e c\u00edlios. A mudan\u00e7a de apar\u00eancia pode levar a uma grande inseguran\u00e7a e perda de auto-confian\u00e7a. Mostramos \u00e0s pessoas afectadas como podem contrariar estes tra\u00e7os vis\u00edveis com meios simples. Ao mesmo tempo, eles t\u00eam a oportunidade de trocar ideias com outras pessoas afectadas num ambiente informal. Este interc\u00e2mbio, para al\u00e9m da aprendizagem de t\u00e9cnicas de cuidados de pele e maquilhagem, \u00e9 um aspecto essencial que contribui para o &#8220;Feel Better Effect&#8221; e, portanto, para o bem-estar dos participantes.<\/p>\n<p><strong>Os workshops t\u00eam lugar em hospitais e como devo imaginar um workshop de beleza como este?<\/strong><br \/>\nSim, os nossos workshops t\u00eam lugar em hospitais e centros de cancro. Estas institui\u00e7\u00f5es oferecem-nos uma sala especial para este fim. Os semin\u00e1rios s\u00e3o conduzidos em grupos de 10-12 participantes. O cuidado \u00e9 prestado por esteticistas e maquilhadores profissionais, todos eles trabalhando voluntariamente para a nossa funda\u00e7\u00e3o. Com a ajuda do nosso programa de 12 pontos, os participantes aprendem como cuidar da sua pele normalmente muito seca e avermelhada e como esconder inteligentemente os tra\u00e7os vis\u00edveis do seu tratamento. Eles pr\u00f3prios t\u00eam a oportunidade de p\u00f4r em pr\u00e1tica o que aprenderam. As nossas equipas tamb\u00e9m lhes d\u00e3o dicas individuais. Desta forma, os inexperientes podem descobrir as suas compet\u00eancias sob orienta\u00e7\u00e3o profissional e os experientes podem aperfei\u00e7o\u00e1-las.<\/p>\n<p><strong>Que experi\u00eancia adquiriu no seu trabalho para a Funda\u00e7\u00e3o?<\/strong><br \/>\nEstamos orgulhosos e gratos por a nossa funda\u00e7\u00e3o poder contar com o empenho de mais de 120 volunt\u00e1rios. Alguns t\u00eam estado com o programa desde o seu in\u00edcio. Cada workshop \u00e9 diferente por causa da composi\u00e7\u00e3o dos participantes. Para as nossas equipas, isto significa ser flex\u00edvel e ter sempre de se adaptar a novas situa\u00e7\u00f5es. Os participantes est\u00e3o geralmente um pouco inseguros no in\u00edcio do workshop porque n\u00e3o sabem o que esperar. No entanto, as nossas equipas asseguram que os participantes se sintam rapidamente confort\u00e1veis e possam relaxar. \u00c9 claro que isto requer muita empatia, que os nossos profissionais de cosm\u00e9tica volunt\u00e1rios trazem consigo. Durante os workshops, o ambiente relaxa cada vez mais para que os afectados regressem a casa agradecidos, com um impulso de auto-confian\u00e7a e um sorriso no rosto. \u00c9 maravilhoso para n\u00f3s poder ajudar as pessoas afectadas pelo cancro a sentirem-se melhor com os nossos servi\u00e7os num momento muito dif\u00edcil.<\/p>\n<p>&nbsp;<\/p>\n<p>www.lgfb.ch<\/p>\n<p>&nbsp;<\/p>\n<p><em>InFo ONCOLOGY &amp; HEMATOLOGY 2019; 7(2-3): 48<\/em><\/p>\n","protected":false},"excerpt":{"rendered":"<p>A perda de cabelo e pestanas devido \u00e0 terapia do cancro enfraquece ainda mais os doentes. Porque a auto-estima sofre. Nos workshops de beleza, os pacientes aprendem a esconder os&hellip;<\/p>\n","protected":false},"author":7,"featured_media":90329,"comment_status":"closed","ping_status":"","sticky":false,"template":"","format":"standard","meta":{"_acf_changed":false,"pmpro_default_level":"","cat_1_feature_home_top":false,"cat_2_editor_pick":false,"csco_eyebrow_text":"Entrevista com Dunja Kern","footnotes":""},"category":[11533,11463,11379,11474,11551],"tags":[28280,28284,28277],"powerkit_post_featured":[],"class_list":["post-335919","post","type-post","status-publish","format-standard","has-post-thumbnail","category-entrevistas-pt-pt","category-medicina-fisica-e-reabilitacao","category-oncologia-pt-pt","category-prevencao-e-cuidados-de-saude","category-rx-pt","tag-convalescenca","tag-reforcar-a-auto-estima","tag-workshops-de-beleza-para-doentes-com-cancro","pmpro-has-access"],"acf":[],"publishpress_future_action":{"enabled":false,"date":"2026-05-04 05:32:52","action":"change-status","newStatus":"draft","terms":[],"taxonomy":"category","extraData":[]},"publishpress_future_workflow_manual_trigger":{"enabledWorkflows":[]},"wpml_current_locale":"pt_PT","wpml_translations":{"es_ES":{"locale":"es_ES","id":335924,"slug":"look-good-feel-better-que-tiene-que-ver-la-apariencia-con-la-convalecencia","post_title":"Look Good...Feel Better: Qu\u00e9 tiene que ver la apariencia con la convalecencia","href":"https:\/\/medizinonline.com\/es\/look-good-feel-better-que-tiene-que-ver-la-apariencia-con-la-convalecencia\/"}},"_links":{"self":[{"href":"https:\/\/medizinonline.com\/pt-pt\/wp-json\/wp\/v2\/posts\/335919","targetHints":{"allow":["GET"]}}],"collection":[{"href":"https:\/\/medizinonline.com\/pt-pt\/wp-json\/wp\/v2\/posts"}],"about":[{"href":"https:\/\/medizinonline.com\/pt-pt\/wp-json\/wp\/v2\/types\/post"}],"author":[{"embeddable":true,"href":"https:\/\/medizinonline.com\/pt-pt\/wp-json\/wp\/v2\/users\/7"}],"replies":[{"embeddable":true,"href":"https:\/\/medizinonline.com\/pt-pt\/wp-json\/wp\/v2\/comments?post=335919"}],"version-history":[{"count":0,"href":"https:\/\/medizinonline.com\/pt-pt\/wp-json\/wp\/v2\/posts\/335919\/revisions"}],"wp:featuredmedia":[{"embeddable":true,"href":"https:\/\/medizinonline.com\/pt-pt\/wp-json\/wp\/v2\/media\/90329"}],"wp:attachment":[{"href":"https:\/\/medizinonline.com\/pt-pt\/wp-json\/wp\/v2\/media?parent=335919"}],"wp:term":[{"taxonomy":"category","embeddable":true,"href":"https:\/\/medizinonline.com\/pt-pt\/wp-json\/wp\/v2\/category?post=335919"},{"taxonomy":"post_tag","embeddable":true,"href":"https:\/\/medizinonline.com\/pt-pt\/wp-json\/wp\/v2\/tags?post=335919"},{"taxonomy":"powerkit_post_featured","embeddable":true,"href":"https:\/\/medizinonline.com\/pt-pt\/wp-json\/wp\/v2\/powerkit_post_featured?post=335919"}],"curies":[{"name":"wp","href":"https:\/\/api.w.org\/{rel}","templated":true}]}}