{"id":336388,"date":"2019-04-29T02:00:00","date_gmt":"2019-04-29T00:00:00","guid":{"rendered":"https:\/\/medizinonline.com\/noticias-sobre-a-epidermolise-bulhosa\/"},"modified":"2019-04-29T02:00:00","modified_gmt":"2019-04-29T00:00:00","slug":"noticias-sobre-a-epidermolise-bulhosa","status":"publish","type":"post","link":"https:\/\/medizinonline.com\/pt-pt\/noticias-sobre-a-epidermolise-bulhosa\/","title":{"rendered":"Not\u00edcias sobre a Epiderm\u00f3lise Bulhosa"},"content":{"rendered":"<p><strong>O foco da terapia ainda est\u00e1 nas op\u00e7\u00f5es de tratamento sintom\u00e1tico e na preven\u00e7\u00e3o de factores de provoca\u00e7\u00e3o. As op\u00e7\u00f5es terap\u00eauticas moleculares, potencialmente tamb\u00e9m curativas para a epiderm\u00f3lise bolhosa ainda se encontram na fase de investiga\u00e7\u00e3o. No trabalho de diagn\u00f3stico desta doen\u00e7a auto-imune geno- e fenot\u00edpica heterog\u00e9nea, h\u00e1 uma s\u00e9rie de coisas que precisam de ser consideradas.<\/strong><\/p>\n<p> <!--more--> <\/p>\n<p>A Epiderm\u00f3lise Bulhosa (EB) \u00e9 um grupo de geno- e fenot\u00edpicos genodermatoses heterog\u00e9neos que se caracterizam por uma excessiva fragilidade mec\u00e2nica dos tecidos epitelizados. Com uma preval\u00eancia de cerca de 500.000 casos em todo o mundo, a EB \u00e9 uma <em>doen\u00e7a rara<\/em> [1,2]. At\u00e9 \u00e0 data, as muta\u00e7\u00f5es t\u00eam sido descritas em mais de 20 genes que codificam componentes envolvidos na montagem dos filamentos de queratina do citoesqueleto, mol\u00e9culas de ades\u00e3o, desmosmosomas, hemidesmosomas e fibrilas de ancoragem de epit\u00e9lios  <strong>(Fig.&nbsp;1).<\/strong>  Consequentemente, a integridade estrutural e funcional da ades\u00e3o intra-epid\u00e9rmica e da ader\u00eancia dermoepid\u00e9rmica \u00e0 pele e \u00e0s membranas mucosas \u00e9 prejudicada, afectando a fun\u00e7\u00e3o de barreira, a interac\u00e7\u00e3o c\u00e9lula-c\u00e9lula e c\u00e9lula-matriz, a prolifera\u00e7\u00e3o, a regenera\u00e7\u00e3o dos tecidos e os processos de diferencia\u00e7\u00e3o  [3\u20135]. O espectro combinat\u00f3rio de tipo, homo- ou heterozigosidade, n\u00famero (heran\u00e7a mono ou digen\u00e9tica) e localiza\u00e7\u00e3o da muta\u00e7\u00e3o no respectivo segmento gen\u00e9tico, bem como a resultante perturba\u00e7\u00e3o quantitativa (aus\u00eancia ou redu\u00e7\u00e3o) e qualitativa (perda gradual da fun\u00e7\u00e3o) da express\u00e3o proteica, causa consider\u00e1veis varia\u00e7\u00f5es geno- e consequentemente fenot\u00edpicas da EB. Para al\u00e9m do defeito gen\u00e9tico prim\u00e1rio, factores secund\u00e1rios epigen\u00e9ticos e bioqu\u00edmicos (por exemplo, indu\u00e7\u00e3o de cascatas inflamat\u00f3rias cr\u00f3nicas e remodela\u00e7\u00e3o de tecidos), bem como factores ambientais, tamb\u00e9m influenciam a gravidade cl\u00ednica [6,7].<\/p>\n<p>&nbsp;<\/p>\n<p><img fetchpriority=\"high\" decoding=\"async\" class=\" size-full wp-image-11696\" alt=\"\" src=\"https:\/\/medizinonline.com\/wp-content\/uploads\/2019\/04\/abb1_dp2_s17.png\" style=\"height:501px; width:600px\" width=\"1100\" height=\"918\" srcset=\"https:\/\/medizinonline.com\/wp-content\/uploads\/2019\/04\/abb1_dp2_s17.png 1100w, https:\/\/medizinonline.com\/wp-content\/uploads\/2019\/04\/abb1_dp2_s17-800x668.png 800w, https:\/\/medizinonline.com\/wp-content\/uploads\/2019\/04\/abb1_dp2_s17-120x100.png 120w, https:\/\/medizinonline.com\/wp-content\/uploads\/2019\/04\/abb1_dp2_s17-90x75.png 90w, https:\/\/medizinonline.com\/wp-content\/uploads\/2019\/04\/abb1_dp2_s17-320x267.png 320w, https:\/\/medizinonline.com\/wp-content\/uploads\/2019\/04\/abb1_dp2_s17-560x467.png 560w\" sizes=\"(max-width: 1100px) 100vw, 1100px\" \/><\/p>\n<p>&nbsp;<\/p>\n<p>Uma vez que os genes \u00edndice afectados n\u00e3o s\u00e3o apenas expressos na pele e membranas mucosas pr\u00f3ximas da pele, mas tamb\u00e9m noutros epit\u00e9lios (vias respirat\u00f3rias, urogenitais e gastrintestinais) e no tecido mesenquimal (m\u00fasculos esquel\u00e9ticos), tamb\u00e9m a\u00ed s\u00e3o poss\u00edveis manifesta\u00e7\u00f5es extracut\u00e2neas prim\u00e1rias. A EB pode assim evoluir para uma doen\u00e7a sist\u00e9mica com uma morbilidade e mortalidade significativas [8].<\/p>\n<h2 id=\"classificacao-fisiopatologica\">Classifica\u00e7\u00e3o fisiopatol\u00f3gica<\/h2>\n<p>O principal sintoma da EB \u00e9 o aumento da fragilidade excessiva da pele e das mucosas contra o stress mec\u00e2nico com a forma\u00e7\u00e3o de bolhas, eros\u00f5es, ulcera\u00e7\u00f5es, crostas ou cicatrizes, dependendo do subtipo. De acordo com o n\u00edvel de clivagem como fun\u00e7\u00e3o e consequ\u00eancia da muta\u00e7\u00e3o subjacente, a EB est\u00e1 dividida em quatro tipos principais <strong>(Tab.&nbsp;1) <\/strong>[9]. Devido \u00e0 crescente disponibilidade de m\u00e9todos modernos de diagn\u00f3stico molecular (por exemplo, &#8220;sequencia\u00e7\u00e3o da pr\u00f3xima gera\u00e7\u00e3o&#8221;), novos (sub)tipos de EB est\u00e3o tamb\u00e9m a ser descritos uma e outra vez. Assim, uma muta\u00e7\u00e3o no gene KLHL24 que codifica um componente do complexo da ligase ubiquitina poderia ser atribu\u00edda a uma variante autoss\u00f3mica dominante do simplex EB, o que resulta numa ubiquitina\u00e7\u00e3o excessiva e na degrada\u00e7\u00e3o da queratina 14 [10\u201312]. Num fen\u00f3tipo semelhante ao de Kindler, foi tamb\u00e9m recentemente identificada uma muta\u00e7\u00e3o no gene CD151, que codifica uma tetraspanina na zona da membrana da cave. Esta prote\u00edna transmembrana interage com as integrinas e est\u00e1 envolvida em processos de crescimento, desenvolvimento e motilidade celular [13]. Al\u00e9m disso, foi recentemente descoberta uma muta\u00e7\u00e3o no gene PLOD3, que codifica a lisil hidroxilase 3 e regula o processamento p\u00f3s-traducional do colag\u00e9nio tipo 7. Clinicamente, os indiv\u00edduos afectados apresentam extensos defeitos do tecido conjuntivo, contraturas articulares, malforma\u00e7\u00f5es do esqueleto e retardamento do crescimento. O n\u00edvel de forma\u00e7\u00e3o de bolhas \u00e9 semelhante ao da EB distr\u00f3fica recessiva na densa sublamina [14].<\/p>\n<p>&nbsp;<\/p>\n<p><img decoding=\"async\" class=\"size-full wp-image-11697 lazyload\" alt=\"\" data-src=\"https:\/\/medizinonline.com\/wp-content\/uploads\/2019\/04\/tab1_dp2_s18.png\" style=\"--smush-placeholder-width: 1100px; --smush-placeholder-aspect-ratio: 1100\/938;height:512px; width:600px\" width=\"1100\" height=\"938\" data-srcset=\"https:\/\/medizinonline.com\/wp-content\/uploads\/2019\/04\/tab1_dp2_s18.png 1100w, https:\/\/medizinonline.com\/wp-content\/uploads\/2019\/04\/tab1_dp2_s18-800x682.png 800w, https:\/\/medizinonline.com\/wp-content\/uploads\/2019\/04\/tab1_dp2_s18-120x102.png 120w, https:\/\/medizinonline.com\/wp-content\/uploads\/2019\/04\/tab1_dp2_s18-90x77.png 90w, https:\/\/medizinonline.com\/wp-content\/uploads\/2019\/04\/tab1_dp2_s18-320x273.png 320w, https:\/\/medizinonline.com\/wp-content\/uploads\/2019\/04\/tab1_dp2_s18-560x478.png 560w\" data-sizes=\"(max-width: 1100px) 100vw, 1100px\" src=\"data:image\/svg+xml;base64,PHN2ZyB3aWR0aD0iMSIgaGVpZ2h0PSIxIiB4bWxucz0iaHR0cDovL3d3dy53My5vcmcvMjAwMC9zdmciPjwvc3ZnPg==\" \/><\/p>\n<p>&nbsp;<\/p>\n<h2 id=\"algoritmo-de-diagnostico\">Algoritmo de diagn\u00f3stico<\/h2>\n<p>Especialmente no rec\u00e9m-nascido com forma\u00e7\u00e3o de bolhas, uma g\u00e9nese traum\u00e1tica, metab\u00f3lica, hematol\u00f3gica, infecciosa, medicinal e auto-imune deve ser exclu\u00edda em primeiro lugar [15]. Subsequentemente, \u00e9 aplicado um algoritmo de diagn\u00f3stico:<\/p>\n<ul>\n<li>(Fam\u00edlia) hist\u00f3ria e cl\u00ednica<\/li>\n<li>Determina\u00e7\u00e3o da contamina\u00e7\u00e3o microbiana (por exemplo, esfrega\u00e7os, PCR, serologia)<\/li>\n<li>Bi\u00f3psia perilesional para avalia\u00e7\u00e3o histol\u00f3gica de poss\u00edveis diagn\u00f3sticos diferenciais<\/li>\n<li>Imunofluoresc\u00eancia directa paralela para determinar o n\u00edvel de clivagem e express\u00e3o semi-quantitativa da prote\u00edna a partir de uma borbulha induzida (por exemplo, rota\u00e7\u00e3o de um apagador de l\u00e1pis at\u00e9 ao desenvolvimento do eritema) e bolha fresca (n\u00e3o superior a 12 horas) na pele n\u00e3o exposta ao sol.<\/li>\n<li>Microscopia electr\u00f3nica de transmiss\u00e3o para determinar o plano de clivagem e defeitos morfol\u00f3gicos<\/li>\n<li>An\u00e1lise da muta\u00e7\u00e3o (dependente do genoma inteiro, exoma, cluster, sequencia\u00e7\u00e3o de pain\u00e9is)<\/li>\n<\/ul>\n<p>O (sub)tipo de EB respectivo pode ser determinado de acordo com os resultados recolhidos. O plano de clivagem determinado por microscopia electr\u00f3nica de transmiss\u00e3o e imunofluoresc\u00eancia define o principal tipo de EB. O fen\u00f3tipo cl\u00ednico \u00e9 definido atrav\u00e9s da indica\u00e7\u00e3o da gravidade relativa (suave, interm\u00e9dia, grave) e do padr\u00e3o de distribui\u00e7\u00e3o (localizada, generalizada) &#8211; quando apropriado, s\u00e3o tamb\u00e9m indicados sintomas caracter\u00edsticos, tais como pseudosinndactilia. Para al\u00e9m de resultados espec\u00edficos recolhidos em microscopia electr\u00f3nica de transmiss\u00e3o ou mapeamento de imunofluoresc\u00eancia, s\u00e3o listadas as prote\u00ednas e genes espec\u00edficos afectados, o tipo de muta\u00e7\u00e3o ou muta\u00e7\u00e3o espec\u00edfica [9]. Os sucessos na caracteriza\u00e7\u00e3o molecular da base patog\u00e9nica dos diferentes tipos de EB tamb\u00e9m permitem um aconselhamento gen\u00e9tico mais preciso, progn\u00f3stico e diagn\u00f3stico pr\u00e9-natal e s\u00e3o o pr\u00e9-requisito b\u00e1sico para interven\u00e7\u00f5es terap\u00eauticas inovadoras e orientadas.<\/p>\n<h2 id=\"principios-terapeuticos\">Princ\u00edpios terap\u00eauticos<\/h2>\n<p>Na aus\u00eancia de op\u00e7\u00f5es de tratamento curativo na pr\u00e1tica cl\u00ednica, o foco da terapia para todas as formas de EB est\u00e1 em evitar factores de provoca\u00e7\u00e3o e optimizar as <em>abordagens terap\u00eauticas sintom\u00e1ticas <\/em>.  Estes incluem terapia local adequada \u00e0 fase da ferida, melhoria ou manuten\u00e7\u00e3o da barreira cut\u00e2nea atrav\u00e9s de cuidados de pele optimizados, al\u00edvio da dor e comich\u00e3o, preven\u00e7\u00e3o e tratamento de infec\u00e7\u00f5es (terapia antiss\u00e9ptica e antibi\u00f3tica intermitente), manuten\u00e7\u00e3o de ingest\u00e3o adequada de calorias e nutrientes, e finalmente preven\u00e7\u00e3o e tratamento de complica\u00e7\u00f5es tais como anemia, osteoporose e carcinoma espinocelular agressivo. <strong> (Fig. 2)<\/strong> [16,17].<\/p>\n<p>&nbsp;<\/p>\n<p><img decoding=\"async\" class=\"size-full wp-image-11698 lazyload\" alt=\"\" data-src=\"https:\/\/medizinonline.com\/wp-content\/uploads\/2019\/04\/abb2_dp2_s19.jpg\" style=\"--smush-placeholder-width: 1100px; --smush-placeholder-aspect-ratio: 1100\/960;height:524px; width:600px\" width=\"1100\" height=\"960\" data-srcset=\"https:\/\/medizinonline.com\/wp-content\/uploads\/2019\/04\/abb2_dp2_s19.jpg 1100w, https:\/\/medizinonline.com\/wp-content\/uploads\/2019\/04\/abb2_dp2_s19-800x698.jpg 800w, https:\/\/medizinonline.com\/wp-content\/uploads\/2019\/04\/abb2_dp2_s19-120x105.jpg 120w, https:\/\/medizinonline.com\/wp-content\/uploads\/2019\/04\/abb2_dp2_s19-90x79.jpg 90w, https:\/\/medizinonline.com\/wp-content\/uploads\/2019\/04\/abb2_dp2_s19-320x279.jpg 320w, https:\/\/medizinonline.com\/wp-content\/uploads\/2019\/04\/abb2_dp2_s19-560x489.jpg 560w\" data-sizes=\"(max-width: 1100px) 100vw, 1100px\" src=\"data:image\/svg+xml;base64,PHN2ZyB3aWR0aD0iMSIgaGVpZ2h0PSIxIiB4bWxucz0iaHR0cDovL3d3dy53My5vcmcvMjAwMC9zdmciPjwvc3ZnPg==\" \/><\/p>\n<p>&nbsp;<\/p>\n<p>As perspectivas de op\u00e7\u00f5es de terapia molecular, potencialmente tamb\u00e9m curativa para a EB s\u00e3o, em princ\u00edpio, encorajadoras, mesmo que a sua implementa\u00e7\u00e3o ampla, segura, (sustent\u00e1vel) eficiente e pratic\u00e1vel na pr\u00e1tica cl\u00ednica di\u00e1ria dos pacientes com EB ainda seja dif\u00edcil de avaliar actualmente. O espectro dos m\u00e9todos \u00e9 complexo:<\/p>\n<p><strong>Terapia g\u00e9nica:<\/strong> Em 2006, a terapia g\u00e9nica utilizando o transplante de queratin\u00f3citos de correc\u00e7\u00e3o gen\u00e9tica LAMB3 foi realizada pela primeira vez num doente com JEB (muta\u00e7\u00e3o no gene LAMB3) autoss\u00f3mico recessivo [18]. Nesta <em>terapia de &#8220;substitui\u00e7\u00e3o gen\u00e9tica&#8221;<\/em>, c\u00e9lulas cut\u00e2neas cultivadas foram transfectadas com um vector contendo uma c\u00f3pia cDNA funcional do gene mutante causador e transplantadas para \u00e1reas da ferida como equivalentes epiteliais da pele. A zona de jun\u00e7\u00e3o dermo-epid\u00e9rmica tem sido estrutural e funcionalmente est\u00e1vel durante o per\u00edodo de seguimento de 14 anos at\u00e9 \u00e0 data, sem evid\u00eancia de bolhas, inflama\u00e7\u00e3o ou reac\u00e7\u00e3o imunit\u00e1ria ao neoantig\u00e9nio introduzido terapeuticamente. Num estudo recente, foram cultivados queratin\u00f3citos aut\u00f3logos segundo o mesmo princ\u00edpio, as c\u00e9lulas estaminais epid\u00e9rmicas foram isoladas e especificamente corrigidas pelo gene, expandidas e depois transplantadas para grandes \u00e1reas de feridas de um rapaz de 7 anos com JEB (muta\u00e7\u00e3o no gene da lamina 332). Assim, uma reepiteliza\u00e7\u00e3o at\u00e9 80% da superf\u00edcie do corpo poderia ser alcan\u00e7ada. A resposta cl\u00ednica correlacionada com a express\u00e3o persistente da lamina 332 at\u00e9 \u00e0 data [19]. A efici\u00eancia \u00e9 limitada pelo (tamb\u00e9m) pequeno n\u00famero de c\u00e9lulas estaminais epid\u00e9rmicas nas culturas prim\u00e1rias de pacientes com EB para assegurar a correc\u00e7\u00e3o permanente, que se est\u00e3o a esgotar devido a feridas cr\u00f3nicas e ao avan\u00e7o da idade, bem como aspectos de seguran\u00e7a (no que diz respeito a vectores virais e genotoxicidade ou mutag\u00e9nese induzida por inser\u00e7\u00e3o). Os desenvolvimentos tecnol\u00f3gicos est\u00e3o a ser avaliados em estudos actuais e devem melhorar o perfil de risco-benef\u00edcio deste m\u00e9todo, que \u00e9 particularmente adequado para feridas cr\u00f3nicas circunscritas altamente sintom\u00e1ticas ou em risco de complica\u00e7\u00f5es a longo prazo [20].<\/p>\n<p>O &#8220;silenciamento de genes&#8221; para formas autoss\u00f3micas dominantes de EB (ou seja, silenciar o alelo mutante com &#8220;pequenos RNAs interferentes&#8221;), bem como abordagens de terapia gen\u00e9tica de aplica\u00e7\u00e3o f\u00e1cil e t\u00f3pica est\u00e3o tamb\u00e9m em desenvolvimento. Neste \u00faltimo caso, por exemplo, o ves\u00edculas extracelulares, que s\u00e3o isoladas de c\u00e9lulas estaminais mesenquimais alog\u00e9nicas e podem transportar tanto a prote\u00edna de colag\u00e9nio de tipo 7 em falta como o mRNA COL7A1 para c\u00e9lulas-alvo [21, 22].<\/p>\n<p><em>As tecnologias de edi\u00e7\u00e3o de genoma<\/em> que utilizam propriedades de nucleases program\u00e1veis (por exemplo CRISPR\/Cas9, TALEN, nucleases de dedos de zinco) s\u00e3o baseadas na modifica\u00e7\u00e3o\/correc\u00e7\u00e3o de sequ\u00eancias de genes mutantes. Neste processo, \u00e9 especificamente induzida uma quebra dupla no ADN, as sequ\u00eancias mutantes s\u00e3o eliminadas e as sequ\u00eancias estranhas correctivas s\u00e3o inseridas, ou as bases individuais s\u00e3o corrigidas por mecanismos de replica\u00e7\u00e3o celular. No entanto, as preocupa\u00e7\u00f5es de seguran\u00e7a, especialmente no que diz respeito \u00e0 precis\u00e3o insuficiente e aos potenciais s\u00edtios de liga\u00e7\u00e3o fora do alvo, ainda n\u00e3o justificam a utiliza\u00e7\u00e3o (in vivo) em humanos [23,24].<\/p>\n<p>Um fen\u00f3meno cl\u00ednico not\u00e1vel que pode ocorrer em todas as principais formas de EB \u00e9 a ocorr\u00eancia (espont\u00e2nea) de \u00e1reas de pele saud\u00e1vel sem bolhas como resultado de eventos gen\u00e9ticos correctivos, o que \u00e9 chamado mosaicismo revertente ou <em>&#8220;terapia gen\u00e9tica natural&#8221;<\/em>. As tentativas de transplantar queratin\u00f3citos revers\u00edveis obtidos em ensaios cl\u00ednicos de fase I, utilizando bi\u00f3psias perfuradas em feridas de EB afectadas ap\u00f3s expans\u00e3o in vitro, ficaram, at\u00e9 agora, aqu\u00e9m das expectativas, principalmente devido \u00e0 perda progressiva de c\u00e9lulas revers\u00edveis [25,26].<\/p>\n<p><strong>Terapia celular:<\/strong> Os primeiros resultados do transplante de c\u00e9lulas estaminais de medula \u00f3ssea mostraram c\u00e9lulas doadoras na pele (presumivelmente c\u00e9lulas estaminais pluripotentes de medula \u00f3ssea reprogramadas) e boa resposta, em parte ao longo de v\u00e1rios anos, em alguns pacientes com EB distr\u00f3fica recessiva, apesar da falta de provas de uma concentra\u00e7\u00e3o de colag\u00e9nio do tipo 7 restitu\u00edda. Este sucesso, cujo mecanismo subjacente ainda n\u00e3o \u00e9 claro, foi diminu\u00eddo por um aumento significativo da mortalidade periprocedural. As terapias de condicionamento e os protocolos de transplante revistos devem melhorar a toler\u00e2ncia [27,28].<\/p>\n<p>Os substratos das terapias celulares alternativas incluem c\u00e9lulas estaminais mesenquimais alog\u00e9nicas aplicadas por via intrad\u00e9rmica ou intravenosa e c\u00e9lulas estaminais mesenquimais adipog\u00e9nicas. Foi poss\u00edvel observar, pelo menos temporariamente, uma melhor cicatriza\u00e7\u00e3o das feridas e uma redu\u00e7\u00e3o dos sinais inflamat\u00f3rios na pele, o que provavelmente se deve principalmente \u00e0 indu\u00e7\u00e3o de processos imunomoduladores favor\u00e1veis [29]. J\u00e1 foi demonstrado um efeito cl\u00ednico em estudos iniciais com fibroblastos aut\u00f3logos de tipo selvagem injectados por via intrad\u00e9rmica ou de tipo gen\u00e9tico, que tamb\u00e9m produzem colag\u00e9nio de tipo 7, para al\u00e9m de queratin\u00f3citos [30,31].<\/p>\n<p>C\u00e9lulas semelhantes \u00e0s c\u00e9lulas estaminais embrion\u00e1rias pluripotentes tamb\u00e9m podem ser derivadas de c\u00e9lulas som\u00e1ticas (por exemplo, fibroblastos ou queratin\u00f3citos) por transfec\u00e7\u00e3o de tr\u00eas a quatro factores de transcri\u00e7\u00e3o embrion\u00e1ria. A utiliza\u00e7\u00e3o destas chamadas c\u00e9lulas estaminais pluripotentes induzidas (iPSC), que podem novamente diferenciar-se em v\u00e1rios tipos de c\u00e9lulas (por exemplo queratin\u00f3citos ou fibroblastos), est\u00e1 tamb\u00e9m a ser investigada na EB em estudos pr\u00e9-cl\u00ednicos. A utiliza\u00e7\u00e3o de c\u00e9lulas revers\u00edveis\/keratin\u00f3citos para a produ\u00e7\u00e3o de iPSC tem grande potencial, uma vez que a correc\u00e7\u00e3o gen\u00e9tica e os riscos associados podem ser dispensados com [32,33].<\/p>\n<p><strong>Terapias proteicas:<\/strong> Tamb\u00e9m se tenta corrigir a zona de jun\u00e7\u00e3o dermo-epid\u00e9rmica defeituosa, substituindo a prote\u00edna em falta ou produzida de forma defeituosa. Enquanto os estudos com aplica\u00e7\u00e3o de colag\u00e9nio recombinante tipo 7 ainda se encontram na fase pr\u00e9-cl\u00ednica, a aplica\u00e7\u00e3o t\u00f3pica de um gel contendo um tipo modificado&nbsp;7&nbsp;herpes simplex tipo 1, por exemplo, j\u00e1 est\u00e1 a ser testado em ensaios cl\u00ednicos [34,35].<\/p>\n<p><strong>Terapias baseadas em RNA\/&#8221;pequenas mol\u00e9culas&#8221;:<\/strong> As muta\u00e7\u00f5es disparatadas, que causam um c\u00f3d\u00e3o de paragem atrav\u00e9s de uma muta\u00e7\u00e3o de ponto de ADN e assim abortam a tradu\u00e7\u00e3o, s\u00e3o respons\u00e1veis por cerca de 10% de todas as doen\u00e7as gen\u00e9ticas humanas. Drogas como os aminoglicos\u00eddeos (por exemplo, gentamicina) ou o imunomodulador amlexanox podem levar a uma &#8220;leitura&#8221; do c\u00f3d\u00e3o de paragem (por exemplo, a muta\u00e7\u00e3o COL7A1), ligando-se aos ribossomas na presen\u00e7a desta muta\u00e7\u00e3o, permitindo assim a produ\u00e7\u00e3o de prote\u00ednas funcionais [36].<\/p>\n<p>As modifica\u00e7\u00f5es a n\u00edvel do ARN s\u00e3o tamb\u00e9m conseguidas por meio de &#8220;pulo de ex\u00e3o oligonucle\u00f3tido antisense&#8221; (remo\u00e7\u00e3o direccionada de ex\u00f5es contendo muta\u00e7\u00f5es) e &#8220;emendas de emendas de RNA mediadas por emendas&#8221; (SMaRT) (correc\u00e7\u00e3o de segmentos de pr\u00e9-RNA mutantes). Esta \u00faltima tecnologia j\u00e1 foi utilizada pr\u00e9-clinicamente para corrigir com sucesso uma muta\u00e7\u00e3o do gene plectin em EB simplex e uma muta\u00e7\u00e3o COL7A1 em EB distr\u00f3fica recessiva, bem como muta\u00e7\u00f5es autoss\u00f3micas dominantes no gene queratino-14 de uma linha de c\u00e9lulas EB simplex [37,38].<\/p>\n<p>As chamadas &#8220;pequenas mol\u00e9culas&#8221; s\u00e3o utilizadas como mediadores de um efeito &#8220;modificador da doen\u00e7a&#8221;. Estes incluem o calcipotriol t\u00f3pico, que se pensa impulsionar as defesas antimicrobianas end\u00f3genas e melhorar a cicatriza\u00e7\u00e3o de feridas aumentando a express\u00e3o do pept\u00eddeo antimicrobiano cathelicidina  [39]  e a diacere\u00edna t\u00f3pica, um componente da raiz do ruibarbo e um potente inibidor do pr\u00f3-inflamat\u00f3rio IL-1\u03b2, que demonstrou reduzir a forma\u00e7\u00e3o de bolhas em doentes com SEE de acordo com dados preliminares publicados.  [40]. O rigosertib inibidor da tirosina quinase oral tamb\u00e9m mostra inibi\u00e7\u00e3o selectiva das c\u00e9lulas escamosas do tumor de c\u00e9lulas de doentes com EB distr\u00f3fica recessiva in vitro, e a sua efic\u00e1cia e seguran\u00e7a est\u00e3o a ser testadas num estudo em curso. O carcinoma espinocelular altamente agressivo como complica\u00e7\u00e3o da EB cr\u00f3nica As feridas s\u00e3o uma das principais causas de morte, particularmente em doentes com EB atr\u00f3fica recessiva [41]. Para al\u00e9m do rigosertib, o anticorpo monoclonal receptor anti-PD-1 nivolumab est\u00e1 actualmente a ser submetido a testes controlados quanto \u00e0 sua efic\u00e1cia no carcinoma escamoso escamoso localmente avan\u00e7ado e metast\u00e1tico na coorte EB (EudraCT 2016-002811-16).<\/p>\n<h2 id=\"mensagens-take-home\">Mensagens Take-Home<\/h2>\n<ul>\n<li>A Epiderm\u00f3lise Bulhosa (EB) \u00e9 uma doen\u00e7a geno- e fenot\u00edpica heterog\u00e9nea. Os cursos severos transformam-se numa doen\u00e7a multi-sistemas com morbilidade e mortalidade pronunciadas. As principais causas de morte s\u00e3o infec\u00e7\u00f5es, distrofia, fal\u00eancia de \u00f3rg\u00e3os e carcinoma de c\u00e9lulas escamosas. Estas \u00faltimas ocorrem cedo e multiplicam-se em feridas cr\u00f3nicas e mostram um curso agressivo.<\/li>\n<li>O diagn\u00f3stico \u00e9 feito em correla\u00e7\u00e3o de cl\u00ednica, histologia, imunofluoresc\u00eancia e an\u00e1lise molecular. Apesar das abordagens inovadoras, parcialmente causais das estrat\u00e9gias de terapia molecular, a cura \u00e9 ainda uma perspectiva futura indirectamente vaga. A imunomodula\u00e7\u00e3o, por sua vez, \u00e9 uma estrat\u00e9gia de tratamento promissora.<\/li>\n<li>Os componentes secund\u00e1rios epigen\u00e9ticos e bioqu\u00edmicos, bem como os factores ambientais, que podem induzir, por exemplo, cascatas inflamat\u00f3rias cr\u00f3nicas e sistemicamente eficazes, t\u00eam uma elevada relev\u00e2ncia patog\u00e9nica. Tal como acontece com outras doen\u00e7as raras, certas caracter\u00edsticas dificultam a realiza\u00e7\u00e3o de ensaios cl\u00ednicos e, por conseguinte, geram provas de alta qualidade.<\/li>\n<\/ul>\n<p>&nbsp;<\/p>\n<p>Literatura:<\/p>\n<ol>\n<li>Fine JD: epiderm\u00f3lise bullosa heredit\u00e1ria. Orphanet J Rare Dis 2010; 5: 12.<\/li>\n<li>Fine JD, et al: Epidermolysis bullosa and the risk of life-threatening cancers: the National EB Registry experience, 1986-2006. J Am Acad Dermatol 2009; 60(2): 203-211.<\/li>\n<li>Fine JD, et al: A classifica\u00e7\u00e3o da epiderm\u00f3lise bullosa heredit\u00e1ria (EB): Relat\u00f3rio da Terceira Reuni\u00e3o de Consenso Internacional sobre Diagn\u00f3stico e Classifica\u00e7\u00e3o da EB. J Am Acad Dermatol 2008; 58(6): 931-950.<\/li>\n<li>Bruckner-Tuderman L, et al: Progress in epidermolysis bullosa research: summary of DEBRA International Research Conference 2012. J Invest Dermatol 2013; 133(9): 2121-2126.<\/li>\n<li>Uitto J, Richard G: Progresso na epiderm\u00f3lise bolhosa: classifica\u00e7\u00e3o gen\u00e9tica e implica\u00e7\u00f5es cl\u00ednicas. Am J Med Genet C Semin Med Genet 2004; 131C(1): 61-74.<\/li>\n<li>Kuttner V, et al.: Remodela\u00e7\u00e3o global do microambiente celular devido \u00e0 perda de colag\u00e9nio VII. Mol Syst Biol 2013; 9: 657.<\/li>\n<li>Odorisio T, et al.: G\u00e9meos monozig\u00f3ticos discordantes para o fen\u00f3tipo da epiderm\u00f3lise bolhosa distr\u00f3fica recessiva real\u00e7am o papel da sinaliza\u00e7\u00e3o TGF-beta na modifica\u00e7\u00e3o da gravidade da doen\u00e7a. Hum Mol Genet 2014; 23(15): 3907-3922.<\/li>\n<li>Pulkkinen L, et al: Novel ITGB4 muta\u00e7\u00f5es em variantes letais e n\u00e3o letais de epiderm\u00f3lise bolhosa com atresia pil\u00f3rica: missense versus nonsense. Am J Hum Genet 1998; 63(5): 1376-1387.<\/li>\n<li>Fine JD, et al: Inherited epidermolysis bullosa: recomenda\u00e7\u00f5es actualizadas sobre diagn\u00f3stico e classifica\u00e7\u00e3o. J Am Acad Dermatol 2014; 70(6): 1103-1126.<\/li>\n<li>He Y, et al: Muta\u00e7\u00f5es monoalleicas no c\u00f3d\u00e3o de inicia\u00e7\u00e3o de tradu\u00e7\u00e3o do KLHL24 causam fragilidade da pele. Am J Hum Genet 2016; 99(6): 1395-1404.<\/li>\n<li>Lee JYW, et al: Mutations in KLHL24 Add to the Molecular Heterogeneity of Epidermolysis Bullosa Simplex. J Invest Dermatol 2017; 137(6): 1378-1380.<\/li>\n<li>Lin Z, et al.: As muta\u00e7\u00f5es estabilizadoras da ubiquitina ligase KLHL24 causam perda de queratina 14 e fragilidade da pele humana. Nat Genet 2016; 48(12): 1508-1516.<\/li>\n<li>Vahidnezhad H, et al: Muta\u00e7\u00e3o recessiva em tetraspanina CD151 causa epiderm\u00f3lise bolhosa tipo s\u00edndrome de Kindler com manifesta\u00e7\u00f5es multi-sist\u00e9micas incluindo nefropatia. Matrix Biol 2018; 66: 22-33.<\/li>\n<li>Salo AM, et al: Uma perturba\u00e7\u00e3o do tecido conjuntivo causada por muta\u00e7\u00f5es do gene da lisil hidroxilase 3. Am J Hum Genet 2008; 83(4): 495-503.<\/li>\n<li>Nischler E, et al: Diagnostic pitfalls em rec\u00e9m-nascidos e beb\u00e9s com bolhas e eros\u00f5es. Dermatol Res Pract 2009; 2009: 320403.<\/li>\n<li>El Hachem M, et al: Recomenda\u00e7\u00f5es de consenso multic\u00eantrico para cuidados de pele na epiderm\u00f3lise bolhosa heredit\u00e1ria. Orphanet J Rare Dis 2014; 9: 76.<\/li>\n<li>D\u0103nescu S, et al: Correla\u00e7\u00e3o entre gravidade da doen\u00e7a e qualidade de vida em doentes com epiderm\u00f3lise bolhosa. J Eur Acad Dermatol Venereol 2018. doi: 10.1111\/jdv.15371.  [Epub ahead of print]<\/li>\n<li>Mavilio F, et al: Correc\u00e7\u00e3o da epiderm\u00f3lise bullosa juncional por transplante de c\u00e9lulas estaminais epid\u00e9rmicas geneticamente modificadas. Nat Med 2006; 12(12): 1397-1402.<\/li>\n<li>Hirsch T, et al.: Regenera\u00e7\u00e3o de toda a epiderme humana utilizando c\u00e9lulas estaminais transg\u00e9nicas. Natureza, 2017; 551(7680): 327-332.<\/li>\n<li>Siprashvili Z, et al: Seguran\u00e7a e resultados de feridas ap\u00f3s enxertos epid\u00e9rmicos aut\u00f3logos geneticamente corrigidos em doentes com Epiderm\u00f3lise Distrof\u00e9rica Bullosa Recessiva. JAMA 2016; 316(17): 1808-1817.<\/li>\n<li>Rosa J, et al: Current Non-viral SiRNA Delivery Systems as a Promising Treatment of Skin Diseases. Curr Pharm Des 2018; 24(23): 2644-2663.<\/li>\n<li>McBride JD, et al: Mecanismo duplo de transfer\u00eancia de colag\u00e9nio do tipo VII por ves\u00edculas extracelulares de c\u00e9lulas estaminais mesenquimais da medula \u00f3ssea para fibroblastos epidermolise bolhosa distr\u00f3fica recessiva. Biochimie 2018; 155: 50-58.<\/li>\n<li>Hainzl S, et al: COL7A1 Edi\u00e7\u00e3o via CRISPR\/Cas9 em Epiderm\u00f3lise Distr\u00f3fica Recessiva Bullosa. Mol Ther 2017; 25(11): 2573-2584.<\/li>\n<li>March OP, Reichelt J, Koller U: edi\u00e7\u00e3o de genes para doen\u00e7as de pele: nucleases de desenhadores como ferramentas para terapia gen\u00e9tica de doen\u00e7as de fragilidade da pele. Exp Physiol 2018; 103(4): 449-455.<\/li>\n<li>Gostynski A, Pasmooij AM, Jonkman MF: Transplante terap\u00eautico bem sucedido de pele reversa em epiderm\u00f3lise bolhosa. J Am Acad Dermatol 2014; 70(1): 98-101.<\/li>\n<li>van den Akker PC, et al: Uma &#8220;c\u00e9lula revertente de late-but-fitter&#8221; explica a alta frequ\u00eancia do mosaicismo revertente na epiderm\u00f3lise bolhosa. PLoS One 2018; 13(2): p. e0192994.<\/li>\n<li>Ebens CL, et al: Transplante de medula \u00f3ssea com ciclofosfamida p\u00f3s-transplante para a epiderm\u00f3lise bolhosa distr\u00f3fica recessiva expande o conjunto de dadores relacionados e permite a toler\u00e2ncia de enxertos celulares n\u00e3o-hematopoi\u00e9ticos. Br J Dermatol 2019. doi: 10.1111\/bjd.17858.  [Epub ahead of print]<\/li>\n<li>Vanden Oever M, et al: Inside out: medicina regenerativa para a epiderm\u00f3lise bolhosa distr\u00f3fica recessiva. Pediatr Res 2018; 83(1-2): 318-324.<\/li>\n<li>Ganier C, et al: Inje\u00e7\u00e3o intrad\u00e9rmica de c\u00e9lulas estromais mesenquimais de medula \u00f3ssea corrige a Epiderm\u00f3lise Distr\u00f3fica Recessiva Bullosa num modelo de Xenograft. J Invest Dermatol 2018; 138(11): 2483-2486.<\/li>\n<li>Petrof G, et al: A terapia com c\u00e9lulas fibrobl\u00e1sticas melhora a cicatriza\u00e7\u00e3o inicial em feridas bolhosas de epiderm\u00f3lise distr\u00f3fica recessiva: resultados de um ensaio aleat\u00f3rio, controlado por ve\u00edculo. Br J Dermatol 2013; 169(5): 1025-1033.<\/li>\n<li>Venugopal SS, et al: Um ensaio fase II aleat\u00f3rio controlado por ve\u00edculo de fibroblastos alog\u00e9nicos intrad\u00e9rmicos para a epiderm\u00f3lise bolhosa distr\u00f3fica recessiva. J Am Acad Dermatol 2013; 69(6): 898-908.e7. doi: 10.1016\/j.jaad.2013.08.014<\/li>\n<li>Itoh M, Kiuru M, Cairo MS, Christiano AM.: Gera\u00e7\u00e3o de queratin\u00f3citos a partir de c\u00e9lulas estaminais pluripotentes normais e recessivas da epiderm\u00f3lise distr\u00f3fica induzida por bullosa-induzida. Proc Natl Acad Scien U S A 2011; 108(21): 8797-8802.<\/li>\n<li>Nakayama C, et al: O desenvolvimento de c\u00e9lulas estaminais pluripotentes induzidas derivadas de c\u00e9lulas estaminais mesenquimais a partir de queratin\u00f3citos humanos normais e queratin\u00f3citos epid\u00e9rmicos RDEB. J Dermatol Sci 2018; 91(3): 301-310.<\/li>\n<li>South AP, Uitto J: Terapia de Substitui\u00e7\u00e3o de Colag\u00e9nio Tipo VII em Epiderm\u00f3lise Distr\u00f3fica Recessiva Bullosa-Quanta, Quantas vezes? J Invest Dermatol 2016; 136(6): 1079-1081.<\/li>\n<li>NIH: Topical Bercolagene Telserpavec (KB103) Gene Therapy to Restore Functional Collagen VII for the Treatment of Dystrophic Epidermolysis Bullosa (GEM-1), https:\/\/clinicaltrials.gov\/ct2\/show\/NCT03536143, \u00faltimo acesso 25 Mar 2019.<\/li>\n<li>Lincoln V, et al: A gentamicina induz a leitura sem sentido da muta\u00e7\u00e3o LAMB3 e restaura a lamina funcional 332 na epiderm\u00f3lise bullosa juncional. Proc Natl Acad Sci U S A, 2018; 115(28): E6536-E6545.<\/li>\n<li>Pequim P, et al: A Gene Gun-mediated Nonviral RNA trans-splicing Strategy for Col7a1 Repair. Mol Ther \u00c1cidos Nucleicos 2016. 5:e287. doi: 10.1038\/mtna.2016.3.<\/li>\n<li>Turczynski S, et al: Targeted Exon Skipping Restaura a Express\u00e3o de Colag\u00e9nio Tipo VII e Forma\u00e7\u00e3o de Fibrilha Ancoragem num Modelo In Vivo RDEB. J Invest Dermatol 2016; 136(12): 2387-2395.<\/li>\n<li>Guttmann-Gruber C, et al.: A baixa dose de calcipotriol pode provocar o fecho de feridas, efeitos antimicrobianos e anti-neopl\u00e1sicos em queratin\u00f3citos de epiderm\u00f3lise bolhosa. Rep. Sci 2018; 8(1): 13430.<\/li>\n<li>Wally V, et al: Diacerein orphan drug development for epidermolysis bullosa simplex: Um ensaio cl\u00ednico fase 2\/3 randomizado, controlado por placebo, duplo-cego. J Am Acad Dermatol 2018; 78(5): 892-901.e7. doi: 10.1016\/j.jaad.2018.01.019.<\/li>\n<li>Atanasova VS, et al: Identifica\u00e7\u00e3o de rigosertib para o tratamento do carcinoma de c\u00e9lulas escamosas associadas \u00e0 epiderm\u00f3lise distr\u00f3fica recessiva bullosa-c\u00e1rmaco escamoso. Clin Cancer Res, 2019. doi: 10.1158\/1078\u20130432.CCR-18\u20132661<\/li>\n<\/ol>\n<p>&nbsp;<\/p>\n<p><em>PR\u00c1TICA DA DERMATOLOGIA 2019; 29(2): 16-20<\/em><\/p>\n","protected":false},"excerpt":{"rendered":"<p>O foco da terapia ainda est\u00e1 nas op\u00e7\u00f5es de tratamento sintom\u00e1tico e na preven\u00e7\u00e3o de factores de provoca\u00e7\u00e3o. As op\u00e7\u00f5es terap\u00eauticas moleculares, potencialmente tamb\u00e9m curativas para a epiderm\u00f3lise bolhosa ainda&hellip;<\/p>\n","protected":false},"author":7,"featured_media":88544,"comment_status":"closed","ping_status":"","sticky":false,"template":"","format":"standard","meta":{"_acf_changed":false,"pmpro_default_level":"","cat_1_feature_home_top":false,"cat_2_editor_pick":false,"csco_eyebrow_text":"Genodermatoses","footnotes":""},"category":[11356,11524,11411,11551],"tags":[15655,29590,29589,29591],"powerkit_post_featured":[],"class_list":["post-336388","post","type-post","status-publish","format-standard","has-post-thumbnail","category-dermatologia-e-venereologia-pt-pt","category-formacao-continua","category-genetica-pt-pt","category-rx-pt","tag-doenca-rara","tag-eb-pt-pt","tag-epidermolise-bullosa","tag-genodermatoses-pt-pt","pmpro-has-access"],"acf":[],"publishpress_future_action":{"enabled":false,"date":"2026-05-08 12:57:47","action":"change-status","newStatus":"draft","terms":[],"taxonomy":"category","extraData":[]},"publishpress_future_workflow_manual_trigger":{"enabledWorkflows":[]},"wpml_current_locale":"pt_PT","wpml_translations":{"es_ES":{"locale":"es_ES","id":336349,"slug":"noticias-sobre-la-epidermolisis-bullosa","post_title":"Noticias sobre la epiderm\u00f3lisis bullosa","href":"https:\/\/medizinonline.com\/es\/noticias-sobre-la-epidermolisis-bullosa\/"}},"_links":{"self":[{"href":"https:\/\/medizinonline.com\/pt-pt\/wp-json\/wp\/v2\/posts\/336388","targetHints":{"allow":["GET"]}}],"collection":[{"href":"https:\/\/medizinonline.com\/pt-pt\/wp-json\/wp\/v2\/posts"}],"about":[{"href":"https:\/\/medizinonline.com\/pt-pt\/wp-json\/wp\/v2\/types\/post"}],"author":[{"embeddable":true,"href":"https:\/\/medizinonline.com\/pt-pt\/wp-json\/wp\/v2\/users\/7"}],"replies":[{"embeddable":true,"href":"https:\/\/medizinonline.com\/pt-pt\/wp-json\/wp\/v2\/comments?post=336388"}],"version-history":[{"count":0,"href":"https:\/\/medizinonline.com\/pt-pt\/wp-json\/wp\/v2\/posts\/336388\/revisions"}],"wp:featuredmedia":[{"embeddable":true,"href":"https:\/\/medizinonline.com\/pt-pt\/wp-json\/wp\/v2\/media\/88544"}],"wp:attachment":[{"href":"https:\/\/medizinonline.com\/pt-pt\/wp-json\/wp\/v2\/media?parent=336388"}],"wp:term":[{"taxonomy":"category","embeddable":true,"href":"https:\/\/medizinonline.com\/pt-pt\/wp-json\/wp\/v2\/category?post=336388"},{"taxonomy":"post_tag","embeddable":true,"href":"https:\/\/medizinonline.com\/pt-pt\/wp-json\/wp\/v2\/tags?post=336388"},{"taxonomy":"powerkit_post_featured","embeddable":true,"href":"https:\/\/medizinonline.com\/pt-pt\/wp-json\/wp\/v2\/powerkit_post_featured?post=336388"}],"curies":[{"name":"wp","href":"https:\/\/api.w.org\/{rel}","templated":true}]}}