{"id":336590,"date":"2019-03-15T01:00:00","date_gmt":"2019-03-15T00:00:00","guid":{"rendered":"https:\/\/medizinonline.com\/a-psicoeducacao-e-central\/"},"modified":"2019-03-15T01:00:00","modified_gmt":"2019-03-15T00:00:00","slug":"a-psicoeducacao-e-central","status":"publish","type":"post","link":"https:\/\/medizinonline.com\/pt-pt\/a-psicoeducacao-e-central\/","title":{"rendered":"A psicoeduca\u00e7\u00e3o \u00e9 central"},"content":{"rendered":"<p><strong>Se os adolescentes s\u00f3 s\u00e3o capazes de lidar com baixos n\u00edveis de stress e t\u00eam dificuldade em concentrar-se, \u00e9 indicada uma avalia\u00e7\u00e3o de medicina do sono. Por \u00faltimo, mas n\u00e3o menos importante, uma boa psicoeduca\u00e7\u00e3o \u00e9 importante no tratamento de v\u00e1rios dist\u00farbios do sono.<\/strong><\/p>\n<div alt=\"0\" id=\"SL_balloon_obj\" style=\"display: block;\">\n<div class=\"SL_ImTranslatorLogo\" id=\"SL_button\" style=\"background: rgba(0, 0, 0, 0) url(\"moz-extension:\/\/27c8b66b-4e69-a543-b12c-ee19d038addf\/content\/img\/util\/imtranslator-s.png\") repeat scroll 0% 0%; display: none; opacity: 1; left: 25px; top: -25px;\">&nbsp;<\/div>\n<div id=\"SL_shadow_translation_result2\" style=\"display: none;\">&nbsp;<\/div>\n<div id=\"SL_shadow_translator\" style=\"left: 25px; top: 0px; display: none;\">\n<div id=\"SL_planshet\">\n<div id=\"SL_arrow_up\" style=\"background: rgba(0, 0, 0, 0) url(\"moz-extension:\/\/27c8b66b-4e69-a543-b12c-ee19d038addf\/content\/img\/util\/up.png\") repeat scroll 0% 0%;\">&nbsp;<\/div>\n<div id=\"SL_Bproviders\">&nbsp;<\/div>\n<div id=\"SL_alert_bbl\" style=\"display: none;\">\n<div id=\"SLHKclose\" style=\"background: rgba(0, 0, 0, 0) url(\"moz-extension:\/\/27c8b66b-4e69-a543-b12c-ee19d038addf\/content\/img\/util\/delete.png\") repeat scroll 0% 0%;\">&nbsp;<\/div>\n<div id=\"SL_alert_cont\">&nbsp;<\/div>\n<\/div>\n<div id=\"SL_TB\">\n<table cellspacing=\"1\" id=\"SL_tables\">\n<tr>\n<td align=\"right\" class=\"SL_td\" width=\"10%\"><input id=\"SL_locer\" title=\"Guardar l\u00edngua\" type=\"checkbox\"><\/td>\n<td align=\"left\" class=\"SL_td\" width=\"20%\"><select id=\"SL_lng_from\" style=\"background: rgb(255, 255, 255) url(\"moz-extension:\/\/27c8b66b-4e69-a543-b12c-ee19d038addf\/content\/img\/util\/select.png\") no-repeat scroll 100% 0px;\"><option value=\"autom\u00f3vel\">Reconhecer a l\u00edngua<\/option><option value=\"af\">Afrikaans<\/option><option value=\"sq\">Alban\u00eas<\/option><option value=\"em\">Am\u00e1rico<\/option><option value=\"ar\">\u00e1rabe<\/option><option value=\"hy\">Arm\u00e9nio<\/option><option value=\"az\">Azerbaijano<\/option><option value=\"eu\">Basco<\/option><option value=\"bn\">Bengali<\/option><option value=\"o meu\">Birman\u00eas<\/option><option value=\"bs\">B\u00f3snio<\/option><option value=\"bg\">B\u00falgaro<\/option><option value=\"ceb\">Cebuano<\/option><option value=\"ny\">Chichewa<\/option><option value=\"zh-TW\">Com\u00e9rcio chin\u00eas<\/option><option value=\"zh-CN\">Ver chin\u00eas<\/option><option value=\"da\">Dinamarqu\u00eas<\/option><option value=\"de\">Alem\u00e3o<\/option><option value=\"pt\">Ingl\u00eas<\/option><option value=\"eo\">Esperanto<\/option><option value=\"et\">Est\u00f3nio<\/option><option value=\"tl\">Filipino<\/option><option value=\"fi\">Finland\u00eas<\/option><option value=\"fr\">Franc\u00eas<\/option><option value=\"fy\">Frisiano<\/option><option value=\"gl\">Galego<\/option><option value=\"ka\">Georgiano<\/option><option value=\"el\">Grego<\/option><option value=\"gu\">Gujarati<\/option><option value=\"ht\">Haitiano<\/option><option value=\"ha\">Hausa<\/option><option value=\"haw\">havaiano<\/option><option value=\"iw\">Hebraico<\/option><option value=\"ol\u00e1\">Hindi<\/option><option value=\"hmn\">Hmong<\/option><option value=\"ig\">Igbo<\/option><option value=\"id\">Indon\u00e9sio<\/option><option value=\"ga\">Irland\u00eas<\/option><option value=\"\u00e9\">Island\u00eas<\/option><option value=\"it\">Italiano<\/option><option value=\"sim\">Japon\u00eas<\/option><option value=\"jw\">Javan\u00eas<\/option><option value=\"yi\">Yiddish<\/option><option value=\"kn\">Kannada<\/option><option value=\"kk\">Cazaque<\/option><option value=\"ca\">Catal\u00e3o<\/option><option value=\"km\">Khmer<\/option><option value=\"ky\">Quirguizes<\/option><option value=\"ko\">Coreano<\/option><option value=\"co\">C\u00f3rsego<\/option><option value=\"hr\">Croata<\/option><option value=\"ku\">Curdo<\/option><option value=\"lo\">Lao<\/option><option value=\"la\">Latim<\/option><option value=\"lv\">Let\u00e3o<\/option><option value=\"lt\">Lituano<\/option><option value=\"lb\">Luxemburgu\u00eas<\/option><option value=\"mg\">Malgaxe<\/option><option value=\"ml\">Malayalam<\/option><option value=\"ms\">Malaio<\/option><option value=\"mt\">Malt\u00eas<\/option><option value=\"mi\">Maori<\/option><option value=\"mr\">Marathi<\/option><option value=\"mk\">Maced\u00f3nio<\/option><option value=\"mn\">Mongol<\/option><option value=\"ne\">Nepal\u00eas<\/option><option value=\"nl\">Holand\u00eas<\/option><option value=\"n\u00e3o\">Noruegu\u00eas<\/option><option value=\"ps\">Pashto<\/option><option value=\"fa\">Persa<\/option><option value=\"pl\">Polaco<\/option><option value=\"pt\">Portugu\u00eas<\/option><option value=\"pa\">Punjabi<\/option><option value=\"ro\">Romeno<\/option><option value=\"ru\">Russo<\/option><option value=\"sm\">Samoan<\/option><option value=\"gd\">Ga\u00e9lico Escoc\u00eas<\/option><option value=\"sv\">Sueco<\/option><option value=\"sr\">S\u00e9rvio<\/option><option value=\"st\">Sesotho<\/option><option value=\"sn\">Shona<\/option><option value=\"sd\">Sindhi<\/option><option value=\"si\">Sinhala<\/option><option value=\"sk\">Eslovaco<\/option><option value=\"sl\">Esloveno<\/option><option value=\"portanto\">Somali<\/option><option value=\"it\">Espanhol<\/option><option value=\"sw\">Swahili<\/option><option value=\"su\">Sundanese<\/option><option value=\"tg\">Tajik<\/option><option value=\"ta\">T\u00e2mil<\/option><option value=\"te\">Telugu<\/option><option value=\"th\">Thai<\/option><option value=\"cs\">Checo<\/option><option value=\"tr\">Turco<\/option><option value=\"reino unido\">Ucraniano<\/option><option value=\"hu\">H\u00fangaro<\/option><option value=\"ur\">Urdu<\/option><option value=\"uz\">Uzbeque<\/option><option value=\"vi\">Vietnamita<\/option><option value=\"cy\">Gal\u00eas<\/option><option value=\"ser\">Branco Russo<\/option><option value=\"xh\">Xhosa<\/option><option value=\"yo\">Iorub\u00e1<\/option><option value=\"para\">Zulu<\/option><\/select><\/td>\n<td align=\"center\" class=\"SL_td\" width=\"3\">\n<div id=\"SL_switch_b\" style=\"background: rgba(0, 0, 0, 0) url(\"moz-extension:\/\/27c8b66b-4e69-a543-b12c-ee19d038addf\/content\/img\/util\/switchb.png\") repeat scroll 0% 0%;\" title=\"Troca de idiomas\">&nbsp;<\/div>\n<\/td>\n<td align=\"left\" class=\"SL_td\" width=\"20%\"><select id=\"SL_lng_to\" style=\"background: rgb(255, 255, 255) url(\"moz-extension:\/\/27c8b66b-4e69-a543-b12c-ee19d038addf\/content\/img\/util\/select.png\") no-repeat scroll 100% 0px;\"><option value=\"af\">Afrikaans<\/option><option value=\"sq\">Alban\u00eas<\/option><option value=\"em\">Am\u00e1rico<\/option><option value=\"ar\">\u00e1rabe<\/option><option value=\"hy\">Arm\u00e9nio<\/option><option value=\"az\">Azerbaijano<\/option><option value=\"eu\">Basco<\/option><option value=\"bn\">Bengali<\/option><option value=\"o meu\">Birman\u00eas<\/option><option value=\"bs\">B\u00f3snio<\/option><option value=\"bg\">B\u00falgaro<\/option><option value=\"ceb\">Cebuano<\/option><option value=\"ny\">Chichewa<\/option><option value=\"zh-TW\">Com\u00e9rcio chin\u00eas<\/option><option value=\"zh-CN\">Ver chin\u00eas<\/option><option value=\"da\">Dinamarqu\u00eas<\/option><option selected value=\"de\">Alem\u00e3o<\/option><option value=\"pt\">Ingl\u00eas<\/option><option value=\"eo\">Esperanto<\/option><option value=\"et\">Est\u00f3nio<\/option><option value=\"tl\">Filipino<\/option><option value=\"fi\">Finland\u00eas<\/option><option value=\"fr\">Franc\u00eas<\/option><option value=\"fy\">Frisiano<\/option><option value=\"gl\">Galego<\/option><option value=\"ka\">Georgiano<\/option><option value=\"el\">Grego<\/option><option value=\"gu\">Gujarati<\/option><option value=\"ht\">Haitiano<\/option><option value=\"ha\">Hausa<\/option><option value=\"haw\">havaiano<\/option><option value=\"iw\">Hebraico<\/option><option value=\"ol\u00e1\">Hindi<\/option><option value=\"hmn\">Hmong<\/option><option value=\"ig\">Igbo<\/option><option value=\"id\">Indon\u00e9sio<\/option><option value=\"ga\">Irland\u00eas<\/option><option value=\"\u00e9\">Island\u00eas<\/option><option value=\"it\">Italiano<\/option><option value=\"sim\">Japon\u00eas<\/option><option value=\"jw\">Javan\u00eas<\/option><option value=\"yi\">Yiddish<\/option><option value=\"kn\">Kannada<\/option><option value=\"kk\">Cazaque<\/option><option value=\"ca\">Catal\u00e3o<\/option><option value=\"km\">Khmer<\/option><option value=\"ky\">Quirguizes<\/option><option value=\"ko\">Coreano<\/option><option value=\"co\">C\u00f3rsego<\/option><option value=\"hr\">Croata<\/option><option value=\"ku\">Curdo<\/option><option value=\"lo\">Lao<\/option><option value=\"la\">Latim<\/option><option value=\"lv\">Let\u00e3o<\/option><option value=\"lt\">Lituano<\/option><option value=\"lb\">Luxemburgu\u00eas<\/option><option value=\"mg\">Malgaxe<\/option><option value=\"ml\">Malayalam<\/option><option value=\"ms\">Malaio<\/option><option value=\"mt\">Malt\u00eas<\/option><option value=\"mi\">Maori<\/option><option value=\"mr\">Marathi<\/option><option value=\"mk\">Maced\u00f3nio<\/option><option value=\"mn\">Mongol<\/option><option value=\"ne\">Nepal\u00eas<\/option><option value=\"nl\">Holand\u00eas<\/option><option value=\"n\u00e3o\">Noruegu\u00eas<\/option><option value=\"ps\">Pashto<\/option><option value=\"fa\">Persa<\/option><option value=\"pl\">Polaco<\/option><option value=\"pt\">Portugu\u00eas<\/option><option value=\"pa\">Punjabi<\/option><option value=\"ro\">Romeno<\/option><option value=\"ru\">Russo<\/option><option value=\"sm\">Samoan<\/option><option value=\"gd\">Ga\u00e9lico escoc\u00eas<\/option><option value=\"sv\">Sueco<\/option><option value=\"sr\">S\u00e9rvio<\/option><option value=\"st\">Sesotho<\/option><option value=\"sn\">Shona<\/option><option value=\"sd\">Sindhi<\/option><option value=\"si\">Sinhala<\/option><option value=\"sk\">Eslovaco<\/option><option value=\"sl\">Esloveno<\/option><option value=\"portanto\">Somali<\/option><option value=\"it\">Espanhol<\/option><option value=\"sw\">Swahili<\/option><option value=\"su\">Sundanese<\/option><option value=\"tg\">Tajik<\/option><option value=\"ta\">T\u00e2mil<\/option><option value=\"te\">Telugu<\/option><option value=\"th\">Thai<\/option><option value=\"cs\">Checo<\/option><option value=\"tr\">Turco<\/option><option value=\"reino unido\">Ucraniano<\/option><option value=\"hu\">H\u00fangaro<\/option><option value=\"ur\">Urdu<\/option><option value=\"uz\">Uzbeque<\/option><option value=\"vi\">Vietnamita<\/option><option value=\"cy\">Gal\u00eas<\/option><option value=\"ser\">Branco Russo<\/option><option value=\"xh\">Xhosa<\/option><option value=\"yo\">Iorub\u00e1<\/option><option value=\"para\">Zulu<\/option><\/select><\/td>\n<td align=\"center\" class=\"SL_td\" width=\"8%\">\n<div id=\"SL_TTS_voice\" style=\"background: rgba(0, 0, 0, 0) url(\"moz-extension:\/\/27c8b66b-4e69-a543-b12c-ee19d038addf\/content\/img\/util\/ttsvoice.png\") repeat scroll 0% 0%;\" title=\"indefinido\">&nbsp;<\/div>\n<\/td>\n<td align=\"center\" class=\"SL_td\" width=\"8%\">\n<div class=\"SL_copy\" id=\"SL_copy\" style=\"background: rgba(0, 0, 0, 0) url(\"moz-extension:\/\/27c8b66b-4e69-a543-b12c-ee19d038addf\/content\/img\/util\/copy.png\") repeat scroll 0% 0%;\" title=\"C\u00f3pia\">&nbsp;<\/div>\n<\/td>\n<td align=\"center\" class=\"SL_td\" width=\"8%\">\n<div id=\"SL_bbl_font_patch\">&nbsp;<\/div>\n<div class=\"SL_bbl_font\" id=\"SL_bbl_font\" style=\"background: rgba(0, 0, 0, 0) url(\"moz-extension:\/\/27c8b66b-4e69-a543-b12c-ee19d038addf\/content\/img\/util\/font.png\") repeat scroll 0% 0%;\" title=\"Tamanho de letra\">&nbsp;<\/div>\n<\/td>\n<td align=\"center\" class=\"SL_td\" width=\"8%\">\n<div id=\"SL_bbl_help\" style=\"background: rgba(0, 0, 0, 0) url(\"moz-extension:\/\/27c8b66b-4e69-a543-b12c-ee19d038addf\/content\/img\/util\/bhelp.png\") repeat scroll 0% 0%;\" title=\"Ajuda\">&nbsp;<\/div>\n<\/td>\n<td align=\"right\" class=\"SL_td\" width=\"15%\">\n<div class=\"SL_pin_off\" id=\"SL_pin\" style=\"background: rgba(0, 0, 0, 0) url(\"moz-extension:\/\/27c8b66b-4e69-a543-b12c-ee19d038addf\/content\/img\/util\/pin-on.png\") repeat scroll 0% 0%;\" title=\"Tradutor de pregos pop-up\">&nbsp;<\/div>\n<\/td>\n<\/tr>\n<\/table>\n<\/div>\n<\/div>\n<div id=\"SL_shadow_translation_result\" style=\"visibility: visible;\">&nbsp;<\/div>\n<div class=\"SL_loading\" id=\"SL_loading\" style=\"background: rgba(0, 0, 0, 0) url(\"moz-extension:\/\/27c8b66b-4e69-a543-b12c-ee19d038addf\/content\/img\/util\/loading.gif\") repeat scroll 0% 0%;\">&nbsp;<\/div>\n<div id=\"SL_player2\">&nbsp;<\/div>\n<div id=\"SL_alert100\">A fun\u00e7\u00e3o do som \u00e9 limitada a 200 caracteres<\/div>\n<div id=\"SL_Balloon_options\" style=\"background: rgb(255, 255, 255) url(\"moz-extension:\/\/27c8b66b-4e69-a543-b12c-ee19d038addf\/content\/img\/util\/bg3.png\") repeat scroll 0% 0%;\">\n<div id=\"SL_arrow_down\" style=\"background: rgba(0, 0, 0, 0) url(\"moz-extension:\/\/27c8b66b-4e69-a543-b12c-ee19d038addf\/content\/img\/util\/down.png\") repeat scroll 0% 0%;\">&nbsp;<\/div>\n<table id=\"SL_tbl_opt\" style=\"width:100%\">\n<tr>\n<td align=\"center\" class=\"SL_td\" width=\"5%\"><input checked id=\"SL_BBL_locer\" title=\"Mostrar bot\u00e3o inTranslator 3 segundos\" type=\"checkbox\"><\/td>\n<td align=\"left\" class=\"SL_td\" width=\"5%\">\n<div id=\"SL_BBL_IMG\" style=\"background: rgba(0, 0, 0, 0) url(\"moz-extension:\/\/27c8b66b-4e69-a543-b12c-ee19d038addf\/content\/img\/util\/bbl-logo.png\") repeat scroll 0% 0%;\" title=\"Mostrar bot\u00e3o inTranslator 3 segundos\">&nbsp;<\/div>\n<\/td>\n<td align=\"center\" class=\"SL_td\" width=\"70%\"><a class=\"SL_options\" href=\"\/\/27c8b66b-4e69-a543-b12c-ee19d038addf\/content\/html\/options\/options.html?bbl\" id=\"SL_opt1\" target=\"_blank\" title=\"Mostrar op\u00e7\u00f5es\" rel=\"noopener\">Op\u00e7\u00f5es<\/a>: <a class=\"SL_options\" href=\"\/\/27c8b66b-4e69-a543-b12c-ee19d038addf\/content\/html\/options\/options.html?hist\" id=\"SL_opt2\" target=\"_blank\" title=\"Hist\u00f3ria da tradu\u00e7\u00e3o\" rel=\"noopener\">Hist\u00f3rico<\/a>: <a class=\"SL_options\" href=\"\/\/27c8b66b-4e69-a543-b12c-ee19d038addf\/content\/html\/options\/options.html?feed\" id=\"SL_opt3\" target=\"_blank\" title=\"Feedback\" rel=\"noopener\">Feedback<\/a>: <a class=\"SL_options\" href=\"https:\/\/www.paypal.com\/cgi-bin\/webscr?cmd=_s-xclick&amp;hosted_button_id=GD9D8CPW8HFA2\" id=\"SL_opt4\" target=\"_blank\" title=\"Contribua\" rel=\"noopener\">Doa\u00e7\u00e3o<\/a><\/td>\n<td align=\"right\" class=\"SL_td\" width=\"15%\"><span class=\"SL_options\" id=\"SL_Balloon_Close\" title=\"Fechar\">Fechar<\/span><\/td>\n<\/tr>\n<\/table>\n<\/div>\n<\/div>\n<\/div>\n<p> <!--more--> <\/p>\n<p>Um sono adequado e de boa qualidade \u00e9 essencial para um desenvolvimento saud\u00e1vel e uma capacidade de aprendizagem. No entanto, as perturba\u00e7\u00f5es do sono j\u00e1 afectam cerca de 25% das crian\u00e7as e adolescentes. Os sintomas mais comuns s\u00e3o fadiga, esgotamento diurno, dificuldade de concentra\u00e7\u00e3o, irritabilidade e baixa resili\u00eancia. N\u00e3o raro, estas podem ser secund\u00e1rias ou comorbidas a perturba\u00e7\u00f5es de desenvolvimento e, assim, apresentar um desafio de diagn\u00f3stico diferencial. Para al\u00e9m das consequ\u00eancias de tais perturba\u00e7\u00f5es para as pr\u00f3prias crian\u00e7as, as perturba\u00e7\u00f5es do sono na inf\u00e2ncia e adolesc\u00eancia tamb\u00e9m provocam stress subjectivo e fisiologicamente mensur\u00e1vel nos pais [1]. Os m\u00e9dicos de fam\u00edlia ou pediatras s\u00e3o frequentemente as primeiras pessoas a serem confrontadas com este problema. Neste artigo, queremos, portanto, dar uma vis\u00e3o geral das perturba\u00e7\u00f5es do sono mais comuns nestes grupos et\u00e1rios e apresentar etapas iniciais de diagn\u00f3stico e op\u00e7\u00f5es de tratamento sensatas.<\/p>\n<h2 id=\"insonia\">Ins\u00f3nia<\/h2>\n<p><strong>Sintomas: <\/strong>As queixas de ins\u00f3nia manifestam-se sob a forma de dificuldades em adormecer ou dormir durante a noite ou acordar cedo; em beb\u00e9s, podem manifestar-se como dist\u00farbios que choram. De acordo com as directrizes actuais, tais sintomas em &gt;3 dias por semana durante &gt;3 meses s\u00e3o uma forma cr\u00f3nica [2]. Para al\u00e9m do stress durante a noite, os afectados tamb\u00e9m est\u00e3o cansados e desfocados durante o dia, o que \u00e9 frequentemente mal diagnosticado como uma suposta perturba\u00e7\u00e3o do d\u00e9fice de aten\u00e7\u00e3o e hiperactividade (ADHD) [3]. De facto, as crian\u00e7as com TDAH tamb\u00e9m mostram lat\u00eancias de sono prolongadas e arquitectura do sono alterada em compara\u00e7\u00e3o com os controlos saud\u00e1veis [4].<\/p>\n<p>As perturba\u00e7\u00f5es do sono tamb\u00e9m podem ser causadas por m\u00e1 higiene do sono. Uma revis\u00e3o de 36 estudos mostrou uma correla\u00e7\u00e3o entre a utiliza\u00e7\u00e3o geral dos meios de comunica\u00e7\u00e3o (TV, computador, jogos electr\u00f3nicos, Internet, smartphones) e o atraso na hora de dormir e a redu\u00e7\u00e3o do tempo total de sono [5]. Um inqu\u00e9rito com 390 crian\u00e7as de 12 a 20 anos confirmou a liga\u00e7\u00e3o entre a propriedade de smartphones e os hor\u00e1rios de dormir mais tarde. O uso de meios electr\u00f3nicos na cama antes de adormecer correlaciona-se negativamente com a dura\u00e7\u00e3o do sono e positivamente com sintomas de depress\u00e3o e dificuldades de sono [6].<\/p>\n<p>&nbsp;<\/p>\n<p><img fetchpriority=\"high\" decoding=\"async\" class=\" size-full wp-image-11531\" alt=\"\" src=\"https:\/\/medizinonline.com\/wp-content\/uploads\/2019\/03\/abb1_hp3_s10.jpg\" style=\"height:353px; width:600px\" width=\"1100\" height=\"648\" srcset=\"https:\/\/medizinonline.com\/wp-content\/uploads\/2019\/03\/abb1_hp3_s10.jpg 1100w, https:\/\/medizinonline.com\/wp-content\/uploads\/2019\/03\/abb1_hp3_s10-800x471.jpg 800w, https:\/\/medizinonline.com\/wp-content\/uploads\/2019\/03\/abb1_hp3_s10-120x71.jpg 120w, https:\/\/medizinonline.com\/wp-content\/uploads\/2019\/03\/abb1_hp3_s10-90x53.jpg 90w, https:\/\/medizinonline.com\/wp-content\/uploads\/2019\/03\/abb1_hp3_s10-320x189.jpg 320w, https:\/\/medizinonline.com\/wp-content\/uploads\/2019\/03\/abb1_hp3_s10-560x330.jpg 560w\" sizes=\"(max-width: 1100px) 100vw, 1100px\" \/><\/p>\n<p>&nbsp;<\/p>\n<p>Diagn\u00f3stico<strong>:<\/strong> Question\u00e1rios como o Auto-Relat\u00f3rio do Sono (vers\u00e3o alem\u00e3: SSR-DE 7-12) podem ser utilizados para diagn\u00f3stico. Tamb\u00e9m \u00e9 \u00fatil documentar o comportamento do sono em detalhe num registo do sono que \u00e9 mantido durante 14 dias (crian\u00e7a, apoio dos pais) <strong>(tab.&nbsp;1)<\/strong>. Ao mesmo tempo, um medidor de movimento (act\u00f3metro) pode registar actividade e exposi\u00e7\u00e3o \u00e0 luz durante 24 horas <strong>(Fig.&nbsp;1)<\/strong>. O registo preciso do comportamento do sono e da vig\u00edlia fornece pontos de partida para as op\u00e7\u00f5es terap\u00eauticas.<\/p>\n<p>&nbsp;<\/p>\n<p><img decoding=\"async\" class=\"size-full wp-image-11532 lazyload\" alt=\"\" data-src=\"https:\/\/medizinonline.com\/wp-content\/uploads\/2019\/03\/tab1_hp3_s9.png\" style=\"--smush-placeholder-width: 1100px; --smush-placeholder-aspect-ratio: 1100\/1120;height:611px; width:600px\" width=\"1100\" height=\"1120\" data-srcset=\"https:\/\/medizinonline.com\/wp-content\/uploads\/2019\/03\/tab1_hp3_s9.png 1100w, https:\/\/medizinonline.com\/wp-content\/uploads\/2019\/03\/tab1_hp3_s9-800x815.png 800w, https:\/\/medizinonline.com\/wp-content\/uploads\/2019\/03\/tab1_hp3_s9-80x80.png 80w, https:\/\/medizinonline.com\/wp-content\/uploads\/2019\/03\/tab1_hp3_s9-120x122.png 120w, https:\/\/medizinonline.com\/wp-content\/uploads\/2019\/03\/tab1_hp3_s9-90x92.png 90w, https:\/\/medizinonline.com\/wp-content\/uploads\/2019\/03\/tab1_hp3_s9-320x326.png 320w, https:\/\/medizinonline.com\/wp-content\/uploads\/2019\/03\/tab1_hp3_s9-560x570.png 560w\" data-sizes=\"(max-width: 1100px) 100vw, 1100px\" src=\"data:image\/svg+xml;base64,PHN2ZyB3aWR0aD0iMSIgaGVpZ2h0PSIxIiB4bWxucz0iaHR0cDovL3d3dy53My5vcmcvMjAwMC9zdmciPjwvc3ZnPg==\" \/><\/p>\n<p>&nbsp;<\/p>\n<p>Ocasionalmente, os pais sobrestimam a necessidade de dormir da crian\u00e7a e assim estabelecem os h\u00e1bitos de sono errados. O diagn\u00f3stico diferencial deve incluir as perturba\u00e7\u00f5es de ansiedade ou afectivas [7].<\/p>\n<p><strong>Tratamento:<\/strong> Terap\u00eauticamente, est\u00e3o dispon\u00edveis v\u00e1rias medidas de terapia cognitiva comportamental para ins\u00f3nia (CBT-I) [8]. Estes incluem o controlo dos est\u00edmulos (levantar-se e envolver-se numa actividade calma e agrad\u00e1vel assim que se sente desconfort\u00e1vel na cama), hor\u00e1rios de cama limitados e regulares e rotinas di\u00e1rias, procedimentos de relaxamento e t\u00e9cnicas cognitivas (procedimentos de mentaliza\u00e7\u00e3o). Al\u00e9m disso, s\u00e3o ensinadas medidas de higiene do sono <strong>(caixa), <\/strong>que tamb\u00e9m fornecem orienta\u00e7\u00f5es para apoiar o ritmo ao longo do dia [10].<\/p>\n<p>&nbsp;<\/p>\n<p><img decoding=\"async\" class=\"size-full wp-image-11533 lazyload\" alt=\"\" data-src=\"https:\/\/medizinonline.com\/wp-content\/uploads\/2019\/03\/kasten_hp3_s10.png\" style=\"--smush-placeholder-width: 1100px; --smush-placeholder-aspect-ratio: 1100\/1038;height:566px; width:600px\" width=\"1100\" height=\"1038\" data-srcset=\"https:\/\/medizinonline.com\/wp-content\/uploads\/2019\/03\/kasten_hp3_s10.png 1100w, https:\/\/medizinonline.com\/wp-content\/uploads\/2019\/03\/kasten_hp3_s10-800x755.png 800w, https:\/\/medizinonline.com\/wp-content\/uploads\/2019\/03\/kasten_hp3_s10-120x113.png 120w, https:\/\/medizinonline.com\/wp-content\/uploads\/2019\/03\/kasten_hp3_s10-90x85.png 90w, https:\/\/medizinonline.com\/wp-content\/uploads\/2019\/03\/kasten_hp3_s10-320x302.png 320w, https:\/\/medizinonline.com\/wp-content\/uploads\/2019\/03\/kasten_hp3_s10-560x528.png 560w\" data-sizes=\"(max-width: 1100px) 100vw, 1100px\" src=\"data:image\/svg+xml;base64,PHN2ZyB3aWR0aD0iMSIgaGVpZ2h0PSIxIiB4bWxucz0iaHR0cDovL3d3dy53My5vcmcvMjAwMC9zdmciPjwvc3ZnPg==\" \/><\/p>\n<p>&nbsp;<\/p>\n<h2 id=\"parasomnia\">Paras\u00f3mnia<\/h2>\n<p><strong>Sintomas: <\/strong>O termo paras\u00f3nia deriva do facto de que estes sintomas ocorrem paralelamente ao sono e n\u00e3o afectam necessariamente a qualidade e o repouso do sono. As parass\u00f4nias distinguem-se entre as que ocorrem durante o sono REM e as que surgem do sono NREM. Estes \u00faltimos incluem sonambulismo, falar durante o sono, Pavor nocturnus e pesadelos. As parass\u00f3nias NREM s\u00e3o perturba\u00e7\u00f5es excitantes que t\u00eam uma preval\u00eancia de at\u00e9 40% em crian\u00e7as antes da idade pr\u00e9-escolar. Muitas vezes as desordens s\u00e3o remetidas no final da adolesc\u00eancia [11]. Devido ao seu mecanismo presumido, ocorrem com maior frequ\u00eancia na primeira metade da noite, que consiste proporcionalmente em mais sono NREM. Outra parass\u00f3nia que afecta principalmente as crian\u00e7as \u00e9 a enurese (fazer chichi na cama). Embora isto ainda ocorra em 43% das crian\u00e7as com tr\u00eas anos de idade, a ocorr\u00eancia \u00e9 reduzida para 20% em crian\u00e7as de quatro anos e para 1-2% em adolescentes.<\/p>\n<p>Diagn\u00f3stico<strong>: <\/strong>O diagn\u00f3stico \u00e9 geralmente baseado na hist\u00f3ria de outros ou em grava\u00e7\u00f5es de v\u00eddeo dos epis\u00f3dios. O diagn\u00f3stico diferencial deve incluir a epilepsia nocturna do lobo frontal. Aqui h\u00e1 caracter\u00edsticas espec\u00edficas na polissonografia (PSG) que s\u00e3o diagnosticamente cruciais.<\/p>\n<p><strong>Tratamento: <\/strong>Psicoeduca\u00e7\u00e3o e al\u00edvio para pais e filhos s\u00e3o centrais para o tratamento. Na maioria dos casos, n\u00e3o \u00e9 necess\u00e1rio o uso de medicamentos. \u00c9 importante assegurar o ambiente para proteger a crian\u00e7a de les\u00f5es. Al\u00e9m disso, os factores agravantes como a priva\u00e7\u00e3o do sono e o stress devem ser evitados tanto quanto poss\u00edvel, e as causas das reac\u00e7\u00f5es nocturnas de vig\u00edlia (excita\u00e7\u00e3o) devem ser tratadas. O Clonazepam pode ser utilizado fora do r\u00f3tulo durante um per\u00edodo de tempo limitado em casos de grande sofrimento, risco de les\u00f5es ou ocasi\u00f5es especiais [12].<\/p>\n<p>Para a enurese, o condicionamento operante atrav\u00e9s do refor\u00e7o positivo e a calma ajuda mais do que a puni\u00e7\u00e3o [13]. No caso de crian\u00e7as que fazem chichi na cama, devem ser pedidos sintomas de um dist\u00farbio respirat\u00f3rio relacionado com o sono (ronco, pausas na respira\u00e7\u00e3o, sono inquieto) [14].<\/p>\n<h2 id=\"perturbacoes-do-ritmo-circadiano\">Perturba\u00e7\u00f5es do ritmo circadiano<\/h2>\n<p><strong>Sintomas: <\/strong>Enquanto os sintomas parasomniac desaparecem frequentemente nas crian\u00e7as e adolescentes em idade escolar, os conflitos com o rel\u00f3gio interno tornam-se mais frequentes na adolesc\u00eancia. Para al\u00e9m das mudan\u00e7as cronobiol\u00f3gicas (a press\u00e3o do sono acumula-se mais lentamente nos adolescentes mais velhos do que nas crian\u00e7as mais novas, processos de matura\u00e7\u00e3o no sistema circadiano) [15], as mudan\u00e7as no meio psicossocial dos adolescentes tamb\u00e9m desempenham um papel (crescente independ\u00eancia, oportunidades e obriga\u00e7\u00f5es, consumo dos meios de comunica\u00e7\u00e3o social). Um ritmo de dormir-despertar irregular ou uma s\u00edndrome de fase de sono atrasada ou avan\u00e7ada pode prejudicar maci\u00e7amente o bem-estar durante o dia. Os pacientes queixam-se frequentemente de problemas de adormecimento ou cansa\u00e7o matinal, frequentemente acompanhados de atrasos na escola. A preval\u00eancia entre os adolescentes \u00e9 elevada a 7-16%.<\/p>\n<p><strong>Diagn\u00f3stico:<\/strong> Para al\u00e9m de uma hist\u00f3ria m\u00e9dica detalhada, recomenda-se a utiliza\u00e7\u00e3o de um protocolo de sono durante pelo menos 14 dias <strong>(Tab. 1) <\/strong>. Al\u00e9m disso, os question\u00e1rios podem ser utilizados para registar o cron\u00f3tipo (download em [16]) . Al\u00e9m disso, a produ\u00e7\u00e3o de melatonina na saliva pode ser gravada para obter uma imagem do ritmo sono-vig\u00edlia individual [17].<\/p>\n<p><strong>Tratamento: <\/strong>Recomenda-se um tratamento combinado de elementos de terapia cognitiva comportamental para ins\u00f3nia (CBT-I) e uma mudan\u00e7a de ritmo. A mudan\u00e7a de ritmo tem lugar estabelecendo hor\u00e1rios de cama regulares, exposi\u00e7\u00e3o \u00e0 luz da manh\u00e3 (luz do dia ou luz m\u00e9dica), exerc\u00edcio durante o dia e entrada programada de melatonina, se necess\u00e1rio (terapia fora do r\u00f3tulo) [18].<\/p>\n<h2 id=\"mais-disturbios-do-sono\">Mais dist\u00farbios do sono<\/h2>\n<p>Nesta edi\u00e7\u00e3o, o Prof. Johannes Mathis informa-nos sobre a narcolepsia, cujo principal sintoma \u00e9 a sonol\u00eancia cr\u00f3nica diurna que dura mais de tr\u00eas meses. A avalia\u00e7\u00e3o tem lugar num laborat\u00f3rio do sono com PSG e um teste de lat\u00eancia do sono durante o dia.<\/p>\n<p>A apneia obstrutiva do sono (ronco, pausas na respira\u00e7\u00e3o, suor, sono inquieto) ocorre em 1-2% das crian\u00e7as. Os sintomas incluem sonol\u00eancia diurna, decl\u00ednio do desempenho escolar e problemas de comportamento [19]. A poligrafia \u00e9 recomendada como m\u00e9todo de rastreio (medi\u00e7\u00e3o de 8 canais em casa); a oximetria \u00e9 imprecisa, especialmente em crian\u00e7as. \u00c9 recomendada uma polissonografia v\u00eddeo do sono (exame de laborat\u00f3rio do sono) para esclarecimento definitivo.<\/p>\n<p>As perturba\u00e7\u00f5es do movimento s\u00e3o expressas na inf\u00e2ncia pela mioclonia, na idade pr\u00e9-escolar pelo aban\u00e3o r\u00edtmico da cabe\u00e7a, balan\u00e7o ou ranger os dentes (bruxismo). Desde que n\u00e3o ocorram les\u00f5es, os sintomas s\u00e3o inofensivos e normalmente terminam espontaneamente aos quatro anos de idade. O bruxismo pode estar relacionado com stress ou ansiedade, bem como com o crescimento dos dentes (dentes de leite e segundos dentes).<\/p>\n<h2 id=\"mensagens-take-home\">Mensagens Take-Home<\/h2>\n<ul>\n<li>Em caso de dificuldades de concentra\u00e7\u00e3o e baixa resili\u00eancia, uma clarifica\u00e7\u00e3o m\u00e9dica do sono deve ser considerada, para al\u00e9m das perturba\u00e7\u00f5es de desenvolvimento.<\/li>\n<li>Ao tratar a ins\u00f3nia, \u00e9 importante considerar as necessidades individuais de sono da crian\u00e7a. Para al\u00e9m das horas regulares de dormir e dos rituais de dormir, tamb\u00e9m deve ser dada aten\u00e7\u00e3o ao consumo dos meios de comunica\u00e7\u00e3o social.<\/li>\n<li>As parass\u00f3nias NREM, tais como o sonambulismo e o choro durante o sono, s\u00e3o comuns nas crian\u00e7as e t\u00eam um bom progn\u00f3stico. \u00c9 importante educar e proteger o ambiente. Se ocorrerem les\u00f5es, recomenda-se um exame de laborat\u00f3rio do sono.<\/li>\n<li>Se os adolescentes relatarem dificuldades em adormecer e cansa\u00e7o matinal, tamb\u00e9m deve ser considerado um ritmo de sono-despertar retardado.<\/li>\n<li>No caso de enurese e ronco, a apneia obstrutiva do sono deve ser descartada no laborat\u00f3rio do sono.<\/li>\n<\/ul>\n<p>&nbsp;<\/p>\n<p>Literatura:<\/p>\n<ol>\n<li>Brandhorst I, et al.: A resposta do despertar do cortisol nas m\u00e3es de crian\u00e7as pequenas com problemas de sono. Efeitos de um programa de tratamento baseado na Internet (Mini-KiSS Online). Somnologia 2017; 21(1): 53-66.<\/li>\n<li>AASM: Classifica\u00e7\u00e3o Internacional dos Dist\u00farbios do Sono. Terceira edi\u00e7\u00e3o (ICSD-3). 2014.<\/li>\n<li>Kneifel G: Perturba\u00e7\u00f5es do sono. Frequentemente &#8211; e claramente subestimado. Dtsch Arztebl Internacional 2016; 15: 124-127.<\/li>\n<li>Virring A, et al: Sono perturbado em dist\u00farbio de hiperactividade de d\u00e9fice de aten\u00e7\u00e3o (TDAH) n\u00e3o \u00e9 uma quest\u00e3o de comorbidade psiqui\u00e1trica ou apresenta\u00e7\u00e3o de TDAH. J Sleep Res 2016; 25(3): 333-340.<\/li>\n<li>Cain N, Gradisar M: Utiliza\u00e7\u00e3o de meios electr\u00f3nicos e sono em crian\u00e7as e adolescentes em idade escolar. Uma revis\u00e3o. Sleep Med 2010; 11(8): 735-742.<\/li>\n<li>Lemola S, et al: O uso de meios electr\u00f3nicos pelos adolescentes \u00e0 noite, perturba\u00e7\u00f5es do sono, e sintomas depressivos na era do smartphone. J Juventude Adolescente 2015; 44(2): 405-418.<\/li>\n<li>Brown WJ, et al: Uma revis\u00e3o da perturba\u00e7\u00e3o do sono em crian\u00e7as e adolescentes com ansiedade. J Sleep Res 2018; 27(3): e12635.<\/li>\n<li>\u00c5slund L, et al.: Interven\u00e7\u00f5es Cognitivas e Comportamentais para Melhorar o Sono em Crian\u00e7as e Adolescentes em Idade Escolar. Uma Revis\u00e3o Sistem\u00e1tica e Meta-An\u00e1lise. J Clin Sleep Med 2018; 14(11): 1937-1947.<\/li>\n<li>Halal CSE, Nunes ML: Educa\u00e7\u00e3o em higiene do sono infantil: que abordagens s\u00e3o eficazes? Uma revis\u00e3o sistem\u00e1tica. J Pediatr (Rio J) 2014; 90(5): 449-456.<\/li>\n<li>Kerzel S, et al.: Construir Pontes &#8211; Liga\u00e7\u00f5es para Medicina do Sono Infantil. Aktuelle Kinderschlafmedizin 2017. Dresden: kleanthes Verlag f\u00fcr Medizin und Pr\u00e4vention, 2017.<\/li>\n<li>Jenni O, Benz C: Dist\u00farbios do sono. Paediatrics up2date 2007; 2: 309-333.<\/li>\n<li>Kotagal S: Tratamento de Diss\u00f3nias e Parass\u00f3nias na Inf\u00e2ncia. Op\u00e7\u00f5es de Tratamento da Moeda Neurol 2012; 14(6): 630-649.<\/li>\n<li>Sinha R, Raut S: Gest\u00e3o da enurese nocturna. Mitos e factos. Mundo J Nephrol 2016; 5(4): 328-338.<\/li>\n<li>Zaffanello M, et al: Respira\u00e7\u00e3o obstrutiva por dist\u00farbios do sono, enurese e dist\u00farbios combinados em crian\u00e7as: acaso ou associa\u00e7\u00e3o relacionada? seman\u00e1rio m\u00e9dico su\u00ed\u00e7o 2017; 147: w14400.<\/li>\n<li>Carskadon MA, et al: Adolescent Sleep Patterns, Circadian Timing, and Sleepiness at a Transition to Early School Days. Sleep 1998; 21(8): 871-881.<\/li>\n<li>Werner H, et al: Avalia\u00e7\u00e3o do Cron\u00f3tipo em Crian\u00e7as de Quatro a Onze Anos: Fiabilidade e Validade do Question\u00e1rio sobre o Cron\u00f3tipo Infantil (CCTQ). Chronobiol Int 2009; 26(5): 992-1014.<\/li>\n<li>Pandi-Perumal SR, et al: Dim light melatonin onset (DLMO): uma ferramenta para a an\u00e1lise da fase circadiana do sono humano e das perturba\u00e7\u00f5es cronobiol\u00f3gicas. Prog Neuropsicofarmacol Biol Psychiatry 2007; 31(1): 1-11.<\/li>\n<li>Kirchhoff F, et al.: Utiliza\u00e7\u00e3o de melatonina em crian\u00e7as com dist\u00farbios do sono: Declara\u00e7\u00e3o do Grupo de Trabalho de Pediatria da Sociedade Alem\u00e3 de Investiga\u00e7\u00e3o do Sono e Medicina do Sono (DGSM). In: Erler T, Paditz E, eds: Zeit Alter Schlaf: Aktuelle Kinderschlafmedizin 2018. Dresden: kleanthes Verlag f\u00fcr Medizin und Pr\u00e4vention, 2018: 68-82.<\/li>\n<li>Hunter SJ, et al: Effect of Sleep-disorderered Breathing Severity on Cognitive Performance Measures in a Large Community Cohort of Young School-aged Children. Am J Respir Crit Care Med 2016; 194(6): 739-747.<\/li>\n<\/ol>\n<p>&nbsp;<\/p>\n<p><em>PR\u00c1TICA DO GP 2019; 14(3): 8-10<\/em><\/p>\n","protected":false},"excerpt":{"rendered":"<p>Se os adolescentes s\u00f3 s\u00e3o capazes de lidar com baixos n\u00edveis de stress e t\u00eam dificuldade em concentrar-se, \u00e9 indicada uma avalia\u00e7\u00e3o de medicina do sono. Por \u00faltimo, mas n\u00e3o&hellip;<\/p>\n","protected":false},"author":7,"featured_media":87705,"comment_status":"closed","ping_status":"","sticky":false,"template":"","format":"standard","meta":{"_acf_changed":false,"pmpro_default_level":"","cat_1_feature_home_top":false,"cat_2_editor_pick":false,"csco_eyebrow_text":"Perturba\u00e7\u00f5es do sono em crian\u00e7as e adolescentes","footnotes":""},"category":[11524,11374,11450,11481,11551],"tags":[30090,30087,20705,18706,24965,30083,25436,19387,30093],"powerkit_post_featured":[],"class_list":["post-336590","post","type-post","status-publish","format-standard","has-post-thumbnail","category-formacao-continua","category-neurologia-pt-pt","category-pediatria-pt-pt","category-psiquiatria-e-psicoterapia","category-rx-pt","tag-apneia-obstrutiva-do-sono","tag-disturbio-do-ritmo-circadiano","tag-disturbios-do-sono","tag-insonia","tag-narcolepsia","tag-necessidade-de-dormir","tag-parasomnia-pt-pt","tag-psicoeducacao","tag-sleepwalking-pt-pt","pmpro-has-access"],"acf":[],"publishpress_future_action":{"enabled":false,"date":"2026-05-07 01:08:08","action":"change-status","newStatus":"draft","terms":[],"taxonomy":"category","extraData":[]},"publishpress_future_workflow_manual_trigger":{"enabledWorkflows":[]},"wpml_current_locale":"pt_PT","wpml_translations":{"es_ES":{"locale":"es_ES","id":336547,"slug":"la-psicoeducacion-es-fundamental","post_title":"La psicoeducaci\u00f3n es fundamental","href":"https:\/\/medizinonline.com\/es\/la-psicoeducacion-es-fundamental\/"}},"_links":{"self":[{"href":"https:\/\/medizinonline.com\/pt-pt\/wp-json\/wp\/v2\/posts\/336590","targetHints":{"allow":["GET"]}}],"collection":[{"href":"https:\/\/medizinonline.com\/pt-pt\/wp-json\/wp\/v2\/posts"}],"about":[{"href":"https:\/\/medizinonline.com\/pt-pt\/wp-json\/wp\/v2\/types\/post"}],"author":[{"embeddable":true,"href":"https:\/\/medizinonline.com\/pt-pt\/wp-json\/wp\/v2\/users\/7"}],"replies":[{"embeddable":true,"href":"https:\/\/medizinonline.com\/pt-pt\/wp-json\/wp\/v2\/comments?post=336590"}],"version-history":[{"count":0,"href":"https:\/\/medizinonline.com\/pt-pt\/wp-json\/wp\/v2\/posts\/336590\/revisions"}],"wp:featuredmedia":[{"embeddable":true,"href":"https:\/\/medizinonline.com\/pt-pt\/wp-json\/wp\/v2\/media\/87705"}],"wp:attachment":[{"href":"https:\/\/medizinonline.com\/pt-pt\/wp-json\/wp\/v2\/media?parent=336590"}],"wp:term":[{"taxonomy":"category","embeddable":true,"href":"https:\/\/medizinonline.com\/pt-pt\/wp-json\/wp\/v2\/category?post=336590"},{"taxonomy":"post_tag","embeddable":true,"href":"https:\/\/medizinonline.com\/pt-pt\/wp-json\/wp\/v2\/tags?post=336590"},{"taxonomy":"powerkit_post_featured","embeddable":true,"href":"https:\/\/medizinonline.com\/pt-pt\/wp-json\/wp\/v2\/powerkit_post_featured?post=336590"}],"curies":[{"name":"wp","href":"https:\/\/api.w.org\/{rel}","templated":true}]}}