{"id":338700,"date":"2018-01-31T01:00:00","date_gmt":"2018-01-31T00:00:00","guid":{"rendered":"https:\/\/medizinonline.com\/diagnostico-diferencial-da-demencia-estado-da-arte\/"},"modified":"2018-01-31T01:00:00","modified_gmt":"2018-01-31T00:00:00","slug":"diagnostico-diferencial-da-demencia-estado-da-arte","status":"publish","type":"post","link":"https:\/\/medizinonline.com\/pt-pt\/diagnostico-diferencial-da-demencia-estado-da-arte\/","title":{"rendered":"Diagn\u00f3stico diferencial da dem\u00eancia &#8211; Estado da arte"},"content":{"rendered":"<p><strong>Dr. med. Ibach, Frauenfeld, d\u00e1 uma vis\u00e3o geral do exame padronizado dos sintomas da dem\u00eancia e explica aspectos de diagn\u00f3stico diferencial de diferentes dem\u00eancias.<\/strong><\/p>\n<p> <!--more--> <\/p>\n<p><strong>O orador ir\u00e1 cobrir os seguintes t\u00f3picos:<\/strong><\/p>\n<p>Diagn\u00f3stico diferencial cl\u00ednico<\/p>\n<p>Causas comuns e raras<\/p>\n<p>Perspectivas: Biomarcadores para a dem\u00eancia de Alzheimer<\/p>\n<p>&nbsp;<\/p>\n<p>&nbsp;<\/p>\n<p>&nbsp;<\/p>\n<p><iframe frameborder=\"0\" height=\"564\" data-src=\"https:\/\/player.vimeo.com\/video\/247107415\" width=\"640\" src=\"data:image\/svg+xml;base64,PHN2ZyB3aWR0aD0iMSIgaGVpZ2h0PSIxIiB4bWxucz0iaHR0cDovL3d3dy53My5vcmcvMjAwMC9zdmciPjwvc3ZnPg==\" class=\"lazyload\" data-load-mode=\"1\"><\/iframe><\/p>\n<p><strong>Mais v\u00eddeos deste simp\u00f3sio:<\/strong><\/p>\n<p><a href=\"https:\/\/www.medizinonline.com\/artikel\/nicht-medikamentoese-behandlungsmoeglichkeiten-der-behavioralen-und-psychischen-symptome-bei\">Op\u00e7\u00f5es de tratamento de n\u00e3o-medica\u00e7\u00e3o para sintomas comportamentais e psicol\u00f3gicos na dem\u00eancia<\/a><\/p>\n<p><a href=\"https:\/\/www.medizinonline.com\/artikel\/medikamentoese-behandlung-bei-demenzsymptomen-bpsd\">Tratamento de medicamentos para sintomas de dem\u00eancia (BPSD)<\/a><\/p>\n<p><a href=\"https:\/\/www.medizinonline.com\/artikel\/neue-medikamentoese-ansaetze-zur-behandlung-der-alzheimer-demenz-was-bringt-die-zukunft\">Novas abordagens medicamentosas para o tratamento da dem\u00eancia de Alzheimer &#8211; o que \u00e9 que o futuro nos reserva?<\/a><br \/>\n&nbsp;<\/p>\n<p>Ap\u00f3s o v\u00eddeo, clicar em START TEST.<\/p>\n","protected":false},"excerpt":{"rendered":"<p>Dr. med. Ibach, Frauenfeld, d\u00e1 uma vis\u00e3o geral do exame padronizado dos sintomas da dem\u00eancia e explica aspectos de diagn\u00f3stico diferencial de diferentes dem\u00eancias.<\/p>\n","protected":false},"author":7,"featured_media":73511,"comment_status":"closed","ping_status":"","sticky":false,"template":"","format":"standard","meta":{"_acf_changed":false,"pmpro_default_level":"","cat_1_feature_home_top":false,"cat_2_editor_pick":false,"csco_eyebrow_text":"Congresso Anual SGPP 2017, Berna - palestra em v\u00eddeo","footnotes":""},"category":[11697,11481,11529,11551],"tags":[],"powerkit_post_featured":[],"class_list":["post-338700","post","type-post","status-publish","format-standard","has-post-thumbnail","category-formacao-com-parceiro","category-psiquiatria-e-psicoterapia","category-relatorios-do-congresso","category-rx-pt","pmpro-has-access"],"acf":[],"publishpress_future_action":{"enabled":false,"date":"2026-05-04 18:02:08","action":"change-status","newStatus":"draft","terms":[],"taxonomy":"category","extraData":[]},"publishpress_future_workflow_manual_trigger":{"enabledWorkflows":[]},"wpml_current_locale":"pt_PT","wpml_translations":{"es_ES":{"locale":"es_ES","id":338709,"slug":"diagnostico-diferencial-de-la-demencia-estado-de-la-cuestion","post_title":"Diagn\u00f3stico diferencial de la demencia - Estado de la cuesti\u00f3n","href":"https:\/\/medizinonline.com\/es\/diagnostico-diferencial-de-la-demencia-estado-de-la-cuestion\/"}},"_links":{"self":[{"href":"https:\/\/medizinonline.com\/pt-pt\/wp-json\/wp\/v2\/posts\/338700","targetHints":{"allow":["GET"]}}],"collection":[{"href":"https:\/\/medizinonline.com\/pt-pt\/wp-json\/wp\/v2\/posts"}],"about":[{"href":"https:\/\/medizinonline.com\/pt-pt\/wp-json\/wp\/v2\/types\/post"}],"author":[{"embeddable":true,"href":"https:\/\/medizinonline.com\/pt-pt\/wp-json\/wp\/v2\/users\/7"}],"replies":[{"embeddable":true,"href":"https:\/\/medizinonline.com\/pt-pt\/wp-json\/wp\/v2\/comments?post=338700"}],"version-history":[{"count":0,"href":"https:\/\/medizinonline.com\/pt-pt\/wp-json\/wp\/v2\/posts\/338700\/revisions"}],"wp:featuredmedia":[{"embeddable":true,"href":"https:\/\/medizinonline.com\/pt-pt\/wp-json\/wp\/v2\/media\/73511"}],"wp:attachment":[{"href":"https:\/\/medizinonline.com\/pt-pt\/wp-json\/wp\/v2\/media?parent=338700"}],"wp:term":[{"taxonomy":"category","embeddable":true,"href":"https:\/\/medizinonline.com\/pt-pt\/wp-json\/wp\/v2\/category?post=338700"},{"taxonomy":"post_tag","embeddable":true,"href":"https:\/\/medizinonline.com\/pt-pt\/wp-json\/wp\/v2\/tags?post=338700"},{"taxonomy":"powerkit_post_featured","embeddable":true,"href":"https:\/\/medizinonline.com\/pt-pt\/wp-json\/wp\/v2\/powerkit_post_featured?post=338700"}],"curies":[{"name":"wp","href":"https:\/\/api.w.org\/{rel}","templated":true}]}}