{"id":339717,"date":"2017-06-11T02:00:00","date_gmt":"2017-06-11T00:00:00","guid":{"rendered":"https:\/\/medizinonline.com\/risco-de-hemorragia-intracraniana-apesar-da-melhoria-dos-sintomas-clinicos\/"},"modified":"2017-06-11T02:00:00","modified_gmt":"2017-06-11T00:00:00","slug":"risco-de-hemorragia-intracraniana-apesar-da-melhoria-dos-sintomas-clinicos","status":"publish","type":"post","link":"https:\/\/medizinonline.com\/pt-pt\/risco-de-hemorragia-intracraniana-apesar-da-melhoria-dos-sintomas-clinicos\/","title":{"rendered":"Risco de hemorragia intracraniana apesar da melhoria dos sintomas cl\u00ednicos"},"content":{"rendered":"<p><strong>Se for detectada uma f\u00edstula AV dural, \u00e9 importante excluir o poss\u00edvel envolvimento da drenagem venosa do par\u00eanquima cerebral, medula espinal e \u00f3rbita. Isto \u00e9 geralmente conseguido com o exame de RM, que deve incluir uma angiografia por RM. Em alguns casos, contudo, n\u00e3o se pode evitar um exame angiogr\u00e1fico do cateter para esclarecimento.<\/strong><\/p>\n<p> <!--more--> <\/p>\n<p><strong>Relato de caso: <\/strong>Um paciente de 47 anos de idade, do sexo masculino, apresentou com protrus\u00e3o bulbi unilateral e injec\u00e7\u00e3o conjuntival numa cl\u00ednica estrangeira, onde o diagn\u00f3stico da f\u00edstula do seio cavernoso carot\u00eddeo (CCF) foi feito por resson\u00e2ncia magn\u00e9tica (imagens n\u00e3o dispon\u00edveis). Uma consulta oftalmol\u00f3gica tinha sido regular, n\u00e3o tinha havido aumento da press\u00e3o ocular.<\/p>\n<p>O paciente foi aconselhado a uma abordagem conservadora com controlos oftalmol\u00f3gicos regulares. Foi-lhe explicado que a maior parte do CCF fecharia espontaneamente.<\/p>\n<p>Seis meses ap\u00f3s o diagn\u00f3stico inicial, o protrusio bulbi tinha melhorado. No entanto, mais tr\u00eas meses depois, foi detectado um aumento da press\u00e3o ocular. O oftalmologista aconselhou, portanto, a terapia. Neste momento, o paciente apresentou-se \u00e0 nossa cl\u00ednica.<\/p>\n<p>&nbsp;<\/p>\n<p><img fetchpriority=\"high\" decoding=\"async\" class=\" size-full wp-image-8628\" alt=\"\" src=\"https:\/\/medizinonline.com\/wp-content\/uploads\/2017\/06\/abb1_np3_s35.jpg\" style=\"height:580px; width:600px\" width=\"1100\" height=\"1063\"><\/p>\n<p>&nbsp;<\/p>\n<p><strong>Diagn\u00f3stico e terapia:<\/strong> No exame MRI, foi detectada uma f\u00edstula AV no plexo venoso dorsal do clivus. A drenagem venosa foi feita atrav\u00e9s do seio cavernoso e mais para dentro da veia oft\u00e1lmica, bem como retr\u00f3grada atrav\u00e9s do seio laterocavernoso para as veias intracranianas. Havia exophthalmos, n\u00e3o se queixava de vis\u00e3o dupla.<\/p>\n<p>Foi realizada uma angiografia de cateter e fecho endovascular transvenoso da f\u00edstula AV. Aqui, sob anestesia geral e atrav\u00e9s de pun\u00e7\u00f5es femorais, o acesso foi escolhido atrav\u00e9s do seio petrosal inferior \u00e0 esquerda, a fim de alcan\u00e7ar o seio lateralocavernoso \u00e0 direita atrav\u00e9s do seio intercavernosal e de o encher com bobinas de platina, a fim de evitar primeiro a drenagem na direc\u00e7\u00e3o das veias intracranianas. Utilizando outro microcateter atrav\u00e9s da mesma via de acesso, o plexo venoso poderia ser sondado retrogradamente ao longo do clivus e a zona da f\u00edstula alcan\u00e7ada. Este foi fechado ap\u00f3s a inser\u00e7\u00e3o de bobinas de platina com embolia l\u00edquida (Onyx).<\/p>\n<p>&nbsp;<\/p>\n<p><img decoding=\"async\" class=\"size-full wp-image-8629 lazyload\" alt=\"\" data-src=\"https:\/\/medizinonline.com\/wp-content\/uploads\/2017\/06\/abb2-np3_s35.jpg\" style=\"--smush-placeholder-width: 885px; --smush-placeholder-aspect-ratio: 885\/1155;height:522px; width:400px\" width=\"885\" height=\"1155\" src=\"data:image\/svg+xml;base64,PHN2ZyB3aWR0aD0iMSIgaGVpZ2h0PSIxIiB4bWxucz0iaHR0cDovL3d3dy53My5vcmcvMjAwMC9zdmciPjwvc3ZnPg==\"><\/p>\n<p>&nbsp;<\/p>\n<p>O protrusio bulbi regrediu rapidamente. Tr\u00eas meses ap\u00f3s a terapia, a resson\u00e2ncia magn\u00e9tica mostra resultados regulares com encerramento completo da f\u00edstula AV sem evid\u00eancia de recidiva. O calibre das veias e a press\u00e3o ocular normalizaram.<\/p>\n<p><strong>Antecedentes:<\/strong> Hoje em dia, as f\u00edstulas AV dural s\u00e3o vistas como uma consequ\u00eancia da neovasculariza\u00e7\u00e3o patol\u00f3gica de um trombo venoso e surgem em segmentos venosos que t\u00eam uma parede arterializada, em conformidade com a dura\u00e7\u00e3o. A trombose pode certamente ocorrer em liga\u00e7\u00e3o com o trauma. O paciente descrito era um jogador de r\u00e2guebi, pelo que uma g\u00e9nese traum\u00e1tica desta f\u00edstula AV invulgarmente localizada seria inteiramente poss\u00edvel. No entanto, especialmente se a causa n\u00e3o for clara, deve ser realizada uma an\u00e1lise de coagula\u00e7\u00e3o com a quest\u00e3o de uma trombofilia.<\/p>\n<p>&nbsp;<\/p>\n<p><img decoding=\"async\" class=\"size-full wp-image-8630 lazyload\" alt=\"\" data-src=\"https:\/\/medizinonline.com\/wp-content\/uploads\/2017\/06\/abb3_np3_s36.jpg\" style=\"--smush-placeholder-width: 1100px; --smush-placeholder-aspect-ratio: 1100\/732;height:399px; width:600px\" width=\"1100\" height=\"732\" src=\"data:image\/svg+xml;base64,PHN2ZyB3aWR0aD0iMSIgaGVpZ2h0PSIxIiB4bWxucz0iaHR0cDovL3d3dy53My5vcmcvMjAwMC9zdmciPjwvc3ZnPg==\"><\/p>\n<p>&nbsp;<\/p>\n<p>O encerramento espont\u00e2neo de f\u00edstulas AV dural \u00e9 descrito na literatura, mas \u00e9 muito raro. Nestes casos, o volume da f\u00edstula \u00e9 geralmente pequeno e factores adicionais, tais como a press\u00e3o manual sobre o bulbo ocular com fluxo lento na veia oft\u00e1lmica, provocam a oclus\u00e3o. A melhoria provis\u00f3ria do protrusio no nosso paciente poderia ser explicada pelo facto de a drenagem venosa ter mudado. Inicialmente, a sa\u00edda venosa era provavelmente apenas atrav\u00e9s do seio cavernoso para a veia oft\u00e1lmica. &nbsp; Pode assumir-se que um envolvimento posterior do seio lateralocavernoso reduziu o fluxo atrav\u00e9s da \u00f3rbita, uma vez que as veias intracranianas estavam agora tamb\u00e9m envolvidas no fluxo &#8211; uma melhoria cl\u00ednica, portanto, n\u00e3o fala automaticamente por&nbsp; uma redu\u00e7\u00e3o da f\u00edstula AV. Significa, em qualquer caso, que devem ser feitas imagens para garantir que a f\u00edstula n\u00e3o se transformou numa f\u00edstula com drenagem em veias corticais, causando potencialmente danos cerebrais devido ao aumento da press\u00e3o venosa ou mesmo hemorragia intracraniana. H\u00e1 sempre um risco de hemorragia se as veias corticais estiverem envolvidas na drenagem, ainda mais se estiverem dilatadas.<\/p>\n<p>&nbsp;<\/p>\n<p><img decoding=\"async\" class=\"size-full wp-image-8631 lazyload\" alt=\"\" data-src=\"https:\/\/medizinonline.com\/wp-content\/uploads\/2017\/06\/abb4_np3_s36.jpg\" style=\"--smush-placeholder-width: 1100px; --smush-placeholder-aspect-ratio: 1100\/380;height:207px; width:600px\" width=\"1100\" height=\"380\" src=\"data:image\/svg+xml;base64,PHN2ZyB3aWR0aD0iMSIgaGVpZ2h0PSIxIiB4bWxucz0iaHR0cDovL3d3dy53My5vcmcvMjAwMC9zdmciPjwvc3ZnPg==\"><\/p>\n<p>&nbsp;<\/p>\n<p>&nbsp;<\/p>\n<p><img decoding=\"async\" class=\"size-full wp-image-8632 lazyload\" alt=\"\" data-src=\"https:\/\/medizinonline.com\/wp-content\/uploads\/2017\/06\/abb5-np3_s37.jpg\" style=\"--smush-placeholder-width: 1100px; --smush-placeholder-aspect-ratio: 1100\/657;height:358px; width:600px\" width=\"1100\" height=\"657\" src=\"data:image\/svg+xml;base64,PHN2ZyB3aWR0aD0iMSIgaGVpZ2h0PSIxIiB4bWxucz0iaHR0cDovL3d3dy53My5vcmcvMjAwMC9zdmciPjwvc3ZnPg==\"><\/p>\n<p>&nbsp;<\/p>\n<p><strong>Conclus\u00e3o: <\/strong>Se for detectada uma f\u00edstula AV dural, \u00e9 importante excluir o poss\u00edvel envolvimento da drenagem venosa do par\u00eanquima cerebral, da medula espinal e da \u00f3rbita. a ser provado. Isto \u00e9 geralmente conseguido com o exame de RM, que deve incluir uma angiografia por RM. Em alguns casos, contudo, n\u00e3o se pode evitar um exame angiogr\u00e1fico do cateter para esclarecimento.<\/p>\n<p>O tratamento \u00e9 indicado se estiverem presentes sintomas ou se a via de drenagem passar por veias intracranianas corticais ou envolver drenagem venosa da \u00f3rbita. A terapia endovascular geralmente permite o encerramento completo do shunt AV e \u00e9, portanto, a op\u00e7\u00e3o de tratamento de primeira escolha.<\/p>\n<p>&nbsp;<\/p>\n<p>Leitura adicional:<\/p>\n<ul>\n<li>Wanke I, R\u00fcfenacht D: A Dural AV-F\u00edstula (DAVF), a Malforma\u00e7\u00e3o Vascular Mais Frequente Adquirida do Sistema Nervoso Central (SNC). Clin Neuroradiol 2015 Out; 25 Suppl 2: 325-32.<\/li>\n<\/ul>\n<p>&nbsp;<\/p>\n<p><em>InFo NEUROLOGIA &amp; PSYCHIATRY 2017; 15(3): 35-37<\/em><\/p>\n","protected":false},"excerpt":{"rendered":"<p>Se for detectada uma f\u00edstula AV dural, \u00e9 importante excluir o poss\u00edvel envolvimento da drenagem venosa do par\u00eanquima cerebral, medula espinal e \u00f3rbita. Isto \u00e9 geralmente conseguido com o exame&hellip;<\/p>\n","protected":false},"author":7,"featured_media":66413,"comment_status":"closed","ping_status":"","sticky":false,"template":"","format":"standard","meta":{"_acf_changed":false,"pmpro_default_level":"","cat_1_feature_home_top":false,"cat_2_editor_pick":false,"csco_eyebrow_text":"F\u00edstula Dural AV  ","footnotes":""},"category":[11350,11536,11374,11551],"tags":[38221,38214,38209,38218],"powerkit_post_featured":[],"class_list":["post-339717","post","type-post","status-publish","format-standard","has-post-thumbnail","category-angiologia-pt-pt","category-casos-pt-pt","category-neurologia-pt-pt","category-rx-pt","tag-drenagem-venosa","tag-fistula-dural-av","tag-hemorragia-intracraniana","tag-parenquima-cerebral","pmpro-has-access"],"acf":[],"publishpress_future_action":{"enabled":false,"date":"2026-05-05 04:48:31","action":"change-status","newStatus":"draft","terms":[],"taxonomy":"category","extraData":[]},"publishpress_future_workflow_manual_trigger":{"enabledWorkflows":[]},"wpml_current_locale":"pt_PT","wpml_translations":{"es_ES":{"locale":"es_ES","id":339722,"slug":"riesgo-de-hemorragia-intracraneal-a-pesar-de-la-mejoria-de-los-sintomas-clinicos","post_title":"Riesgo de hemorragia intracraneal a pesar de la mejor\u00eda de los s\u00edntomas cl\u00ednicos","href":"https:\/\/medizinonline.com\/es\/riesgo-de-hemorragia-intracraneal-a-pesar-de-la-mejoria-de-los-sintomas-clinicos\/"}},"_links":{"self":[{"href":"https:\/\/medizinonline.com\/pt-pt\/wp-json\/wp\/v2\/posts\/339717","targetHints":{"allow":["GET"]}}],"collection":[{"href":"https:\/\/medizinonline.com\/pt-pt\/wp-json\/wp\/v2\/posts"}],"about":[{"href":"https:\/\/medizinonline.com\/pt-pt\/wp-json\/wp\/v2\/types\/post"}],"author":[{"embeddable":true,"href":"https:\/\/medizinonline.com\/pt-pt\/wp-json\/wp\/v2\/users\/7"}],"replies":[{"embeddable":true,"href":"https:\/\/medizinonline.com\/pt-pt\/wp-json\/wp\/v2\/comments?post=339717"}],"version-history":[{"count":0,"href":"https:\/\/medizinonline.com\/pt-pt\/wp-json\/wp\/v2\/posts\/339717\/revisions"}],"wp:featuredmedia":[{"embeddable":true,"href":"https:\/\/medizinonline.com\/pt-pt\/wp-json\/wp\/v2\/media\/66413"}],"wp:attachment":[{"href":"https:\/\/medizinonline.com\/pt-pt\/wp-json\/wp\/v2\/media?parent=339717"}],"wp:term":[{"taxonomy":"category","embeddable":true,"href":"https:\/\/medizinonline.com\/pt-pt\/wp-json\/wp\/v2\/category?post=339717"},{"taxonomy":"post_tag","embeddable":true,"href":"https:\/\/medizinonline.com\/pt-pt\/wp-json\/wp\/v2\/tags?post=339717"},{"taxonomy":"powerkit_post_featured","embeddable":true,"href":"https:\/\/medizinonline.com\/pt-pt\/wp-json\/wp\/v2\/powerkit_post_featured?post=339717"}],"curies":[{"name":"wp","href":"https:\/\/api.w.org\/{rel}","templated":true}]}}