{"id":340302,"date":"2017-02-10T01:00:00","date_gmt":"2017-02-10T00:00:00","guid":{"rendered":"https:\/\/medizinonline.com\/uma-ume-para-o-centro-de-epilepsia-da-suica-oriental\/"},"modified":"2017-02-10T01:00:00","modified_gmt":"2017-02-10T00:00:00","slug":"uma-ume-para-o-centro-de-epilepsia-da-suica-oriental","status":"publish","type":"post","link":"https:\/\/medizinonline.com\/pt-pt\/uma-ume-para-o-centro-de-epilepsia-da-suica-oriental\/","title":{"rendered":"Uma UME para o Centro de Epilepsia da Su\u00ed\u00e7a Oriental"},"content":{"rendered":"<p><strong>O Centro de Epilepsia do Departamento de Neurologia do Hospital Cantonal St. Gallen oferece cuidados m\u00e9dicos abrangentes para doentes com epilepsia no leste da Su\u00ed\u00e7a. Os EEG a longo prazo podem agora tamb\u00e9m ser registados numa unidade de monitoriza\u00e7\u00e3o de EEG moderna e bem equipada.  <\/strong><\/p>\n<p> <!--more--> <\/p>\n<p>Desde o in\u00edcio do seu trabalho no Hospital Cantonal St. Gallen, a especialista em epilepsia Prof. Dr. med. Barbara Tettenborn tinha o desejo de um centro de epilepsia com uma Unidade de Monitoriza\u00e7\u00e3o de EEG (UME). A abertura das instala\u00e7\u00f5es agora conclu\u00eddas foi a ocasi\u00e3o para uma pequena celebra\u00e7\u00e3o na qual o Prof. Tettenborn, desde 1999 M\u00e9dico Chefe do Departamento de Neurologia, p\u00f4de brindar \u00e0 sua rec\u00e9m-conquistada cidadania su\u00ed\u00e7a com o seu pessoal e convidados. Daniel Germann, MD, Director e Presidente do Conselho Executivo, abriu oficialmente a rec\u00e9m-criada Unidade de Monitoriza\u00e7\u00e3o do EEG.<\/p>\n<p>A deriva\u00e7\u00e3o a longo prazo dos EEG ao longo de v\u00e1rios dias fornece frequentemente as pistas decisivas na clarifica\u00e7\u00e3o diagn\u00f3stica diferencial das crises epil\u00e9pticas e na pr\u00e9-selec\u00e7\u00e3o dos pacientes para uma poss\u00edvel cirurgia de epilepsia. Embora j\u00e1 tenham sido realizados drenos de longo prazo no departamento de neurologia do KSSG, isto pode agora ser feito em dois pacientes ao mesmo tempo nas salas recentemente adaptadas, sob a melhor supervis\u00e3o m\u00e9dica e de enfermagem poss\u00edvel. Na sala de monitoriza\u00e7\u00e3o directamente adjacente aos quartos dos doentes para os especialistas em epilepsia m\u00e9dica e os FND (MTAs especializados), os EEG s\u00e3o registados e avaliados. Na maior das duas salas de monitoriza\u00e7\u00e3o, tamb\u00e9m \u00e9 poss\u00edvel &#8220;dar espa\u00e7o&#8221; se um doente precisar ou quiser cuidados de familiares. Dominique Fl\u00fcgel, MD, e Dominik Zieglg\u00e4nsberger, MD, s\u00e3o respons\u00e1veis pela UEM do lado m\u00e9dico s\u00e9nior, e Michaela Gegusch, MD, trabalhar\u00e1 l\u00e1 como m\u00e9dica assistente s\u00e9nior. Philip Siebel, MD, que fez um trabalho de base organizacional essencial, complementa a equipa.<\/p>\n<p>Uma caracter\u00edstica especial da UEM em St. Gallen \u00e9 que a unidade est\u00e1 directamente ligada atrav\u00e9s de um sistema de telemetria \u00e0 sala de servi\u00e7o da unidade de cuidados intensivos de neurologia, que tamb\u00e9m est\u00e1 localizada no 9\u00ba andar. Isto assegura sempre que os especialistas tenham os pacientes nos dois quartos individuais \u00e0 sua frente. Em caso de complica\u00e7\u00f5es, uma convuls\u00e3o ou outras anomalias, o m\u00e9dico de servi\u00e7o, bem como o FNDS e o pessoal de enfermagem, est\u00e3o imediatamente dispon\u00edveis.<\/p>\n<p><em>Fonte: Inaugura\u00e7\u00e3o da Unidade de Monitoriza\u00e7\u00e3o do EEG no Hospital Cantonal St. Gallen em 24 de Outubro de 2016<\/em><\/p>\n<p>&nbsp;<\/p>\n<p><em>InFo NEUROLOGIA &amp; PSYCHIATRY 2017; 15(1): 40<\/em><\/p>\n","protected":false},"excerpt":{"rendered":"<p>O Centro de Epilepsia do Departamento de Neurologia do Hospital Cantonal St. Gallen oferece cuidados m\u00e9dicos abrangentes para doentes com epilepsia no leste da Su\u00ed\u00e7a. Os EEG a longo prazo&hellip;<\/p>\n","protected":false},"author":7,"featured_media":63771,"comment_status":"closed","ping_status":"","sticky":false,"template":"","format":"standard","meta":{"_acf_changed":false,"pmpro_default_level":"","cat_1_feature_home_top":false,"cat_2_editor_pick":false,"csco_eyebrow_text":"Cuidados aos doentes com epilepsia","footnotes":""},"category":[11374,11517,11529,11551],"tags":[33181,11785,39606],"powerkit_post_featured":[],"class_list":["post-340302","post","type-post","status-publish","format-standard","has-post-thumbnail","category-neurologia-pt-pt","category-noticias-pt-pt","category-relatorios-do-congresso","category-rx-pt","tag-eeg-pt-pt","tag-epilepsia","tag-uem","pmpro-has-access"],"acf":[],"publishpress_future_action":{"enabled":false,"date":"2026-05-06 22:53:52","action":"change-status","newStatus":"draft","terms":[],"taxonomy":"category","extraData":[]},"publishpress_future_workflow_manual_trigger":{"enabledWorkflows":[]},"wpml_current_locale":"pt_PT","wpml_translations":{"es_ES":{"locale":"es_ES","id":340306,"slug":"una-ume-para-el-centro-de-epilepsia-de-suiza-oriental","post_title":"Una UME para el Centro de Epilepsia de Suiza Oriental","href":"https:\/\/medizinonline.com\/es\/una-ume-para-el-centro-de-epilepsia-de-suiza-oriental\/"}},"_links":{"self":[{"href":"https:\/\/medizinonline.com\/pt-pt\/wp-json\/wp\/v2\/posts\/340302","targetHints":{"allow":["GET"]}}],"collection":[{"href":"https:\/\/medizinonline.com\/pt-pt\/wp-json\/wp\/v2\/posts"}],"about":[{"href":"https:\/\/medizinonline.com\/pt-pt\/wp-json\/wp\/v2\/types\/post"}],"author":[{"embeddable":true,"href":"https:\/\/medizinonline.com\/pt-pt\/wp-json\/wp\/v2\/users\/7"}],"replies":[{"embeddable":true,"href":"https:\/\/medizinonline.com\/pt-pt\/wp-json\/wp\/v2\/comments?post=340302"}],"version-history":[{"count":0,"href":"https:\/\/medizinonline.com\/pt-pt\/wp-json\/wp\/v2\/posts\/340302\/revisions"}],"wp:featuredmedia":[{"embeddable":true,"href":"https:\/\/medizinonline.com\/pt-pt\/wp-json\/wp\/v2\/media\/63771"}],"wp:attachment":[{"href":"https:\/\/medizinonline.com\/pt-pt\/wp-json\/wp\/v2\/media?parent=340302"}],"wp:term":[{"taxonomy":"category","embeddable":true,"href":"https:\/\/medizinonline.com\/pt-pt\/wp-json\/wp\/v2\/category?post=340302"},{"taxonomy":"post_tag","embeddable":true,"href":"https:\/\/medizinonline.com\/pt-pt\/wp-json\/wp\/v2\/tags?post=340302"},{"taxonomy":"powerkit_post_featured","embeddable":true,"href":"https:\/\/medizinonline.com\/pt-pt\/wp-json\/wp\/v2\/powerkit_post_featured?post=340302"}],"curies":[{"name":"wp","href":"https:\/\/api.w.org\/{rel}","templated":true}]}}