{"id":340845,"date":"2016-10-10T02:00:00","date_gmt":"2016-10-10T00:00:00","guid":{"rendered":"https:\/\/medizinonline.com\/sera-que-as-benzodiazepinas-aumentam-realmente-o-risco-de-demencia\/"},"modified":"2016-10-10T02:00:00","modified_gmt":"2016-10-10T00:00:00","slug":"sera-que-as-benzodiazepinas-aumentam-realmente-o-risco-de-demencia","status":"publish","type":"post","link":"https:\/\/medizinonline.com\/pt-pt\/sera-que-as-benzodiazepinas-aumentam-realmente-o-risco-de-demencia\/","title":{"rendered":"Ser\u00e1 que as benzodiazepinas aumentam realmente o risco de dem\u00eancia?"},"content":{"rendered":"<p><strong><em>Pergunta: <\/em>O tratamento a longo prazo com benzodiazepinas (BDP) est\u00e1 associado a um aumento do risco de dem\u00eancia em pessoas idosas?<\/strong><\/p>\n<p> <!--more--> <\/p>\n<p><strong>Antecedentes:<\/strong> Os mais velhos s\u00e3o frequentemente tratados com benzodiazepinas. \u00c9 sabido que estes medicamentos podem prejudicar a aten\u00e7\u00e3o e a mem\u00f3ria. Alguns estudos at\u00e9 sugeriram que o tratamento a longo prazo com benzodiazepinas aumenta o risco de dem\u00eancia. No entanto, desde o in\u00edcio da dem\u00eancia pode estar associado a perturba\u00e7\u00f5es do sono, ansiedade e depress\u00e3o &#8211; sintomas que s\u00e3o frequentemente tratados com benzodiazepinas &#8211; estes estudos podem ter sido baseados na causalidade aparente.<\/p>\n<p><strong>Pacientes e m\u00e9todos:<\/strong> 3434 participantes (de Seattle, EUA) foram inclu\u00eddos neste estudo prospectivo de coorte baseado na popula\u00e7\u00e3o e acompanhados durante uma m\u00e9dia de 7,3 anos. Todos tinham pelo menos 65 anos de idade na linha de base e sem sintomas de dem\u00eancia. Todos tinham de ter dados de farm\u00e1cia informatizada sobre receitas de medicamentos dos dez anos anteriores. Os exames (na linha de base e de dois em dois anos) foram realizados com uma entrevista cl\u00ednica normalizada.<\/p>\n<p><strong>Resultados:<\/strong> Durante o per\u00edodo de observa\u00e7\u00e3o (7,3 anos), 23,2% dos participantes desenvolveram dem\u00eancia, a maioria da qual era do tipo Alzheimer. Em rela\u00e7\u00e3o \u00e0 quantidade acumulada de benzodiazepinas consumidas, foi mostrado o seguinte: O risco global de dem\u00eancia foi ligeiramente mas significativamente aumentado a n\u00edveis baixos de BDP (hazard ratio 1,25; 95% CI 1,03-1,51). O mesmo foi v\u00e1lido para o risco de desenvolver especificamente a dem\u00eancia de Alzheimer (HR 1,27; 95% CI 1,03-1,57). Em contraste, n\u00e3o foi encontrado nenhum risco acrescido de dem\u00eancia com um consumo moderado e elevado de BDP.<\/p>\n<p><strong>Conclus\u00f5es dos autores: <\/strong>Nos idosos, n\u00edveis baixos de BDP est\u00e3o associados a um risco ligeiramente aumentado de dem\u00eancia. Esta correla\u00e7\u00e3o baseia-se provavelmente numa causalidade aparente, nomeadamente que as perturba\u00e7\u00f5es do sono &#8211; um sintoma prodromal da dem\u00eancia &#8211; s\u00e3o preferencialmente tratadas com BDP. Os n\u00edveis m\u00e9dios e superiores de BDP n\u00e3o est\u00e3o associados a um risco alterado de dem\u00eancia. Uma rela\u00e7\u00e3o causal entre o uso de BDP e a dem\u00eancia n\u00e3o pode ser substanciada com isto.<\/p>\n<p><strong>Coment\u00e1rio: <\/strong>As benzodiazepinas n\u00e3o s\u00f3 t\u00eam um efeito de al\u00edvio da ansiedade e de promo\u00e7\u00e3o do sono, como por vezes tamb\u00e9m t\u00eam um efeito amn\u00e9sico. Mas ser\u00e1 que isso j\u00e1 os torna &#8220;indutores de dem\u00eancia&#8221;?<br \/>\nUm estudo canadiano de 2014 afirmava isto (ver n\u00famero 4\/2016). A\u00ed tinha sido confirmada a associa\u00e7\u00e3o entre uma elevada dose cumulativa de BDP e um risco acrescido de doen\u00e7a de Alzheimer. Ent\u00e3o, porque n\u00e3o aqui tamb\u00e9m? As defici\u00eancias metodol\u00f3gicas n\u00e3o saltam aos olhos como explica\u00e7\u00e3o. Foi estudado prospectivamente, o n\u00famero de casos era grande e baseado na popula\u00e7\u00e3o, as quantidades de BDP vieram de prescri\u00e7\u00f5es documentadas, os participantes foram seguidos durante um per\u00edodo de tempo suficientemente longo e avaliados para sintomas de dem\u00eancia de dois em dois anos. Foi encontrada uma liga\u00e7\u00e3o onde n\u00e3o era esperada &#8211; nas pequenas quantidades de BDP. Dever-se-ia portanto preferir as grandes quantidades no que diz respeito ao risco de dem\u00eancia? Claro que n\u00e3o! Existem outras raz\u00f5es suficientes para ser cauteloso em rela\u00e7\u00e3o ao BDP.<\/p>\n<p>O presente estudo n\u00e3o encontra qualquer associa\u00e7\u00e3o entre n\u00edveis m\u00e9dios ou elevados de BDP e o risco de desenvolvimento de dem\u00eancia. Isto \u00e9 reconfortante, mas n\u00e3o \u00e9 claro, porque a &#8220;falta de provas&#8221; est\u00e1 longe de ser uma &#8220;prova de falta&#8221;.<\/p>\n<p>&nbsp;<\/p>\n<p><em>InFo NEUROLOGIA &amp; PSYCHIATRY 2016; 14(5): 33<\/em><\/p>\n","protected":false},"excerpt":{"rendered":"<p>Pergunta: O tratamento a longo prazo com benzodiazepinas (BDP) est\u00e1 associado a um aumento do risco de dem\u00eancia em pessoas idosas?<\/p>\n","protected":false},"author":7,"featured_media":60067,"comment_status":"closed","ping_status":"","sticky":false,"template":"","format":"standard","meta":{"_acf_changed":false,"pmpro_default_level":"","cat_1_feature_home_top":false,"cat_2_editor_pick":false,"csco_eyebrow_text":"Estudo de coorte baseado na popula\u00e7\u00e3o","footnotes":""},"category":[11521,11453,11360,11374,11551],"tags":[40837,40833,12159],"powerkit_post_featured":[],"class_list":["post-340845","post","type-post","status-publish","format-standard","has-post-thumbnail","category-estudos","category-farmacologia-e-toxicologia","category-geriatria-pt-pt","category-neurologia-pt-pt","category-rx-pt","tag-bdp-pt-pt","tag-benzodiazepinas","tag-demencia-pt-pt","pmpro-has-access"],"acf":[],"publishpress_future_action":{"enabled":false,"date":"2026-05-05 08:09:23","action":"change-status","newStatus":"draft","terms":[],"taxonomy":"category","extraData":[]},"publishpress_future_workflow_manual_trigger":{"enabledWorkflows":[]},"wpml_current_locale":"pt_PT","wpml_translations":{"es_ES":{"locale":"es_ES","id":340851,"slug":"aumentan-realmente-las-benzodiacepinas-el-riesgo-de-demencia","post_title":"\u00bfAumentan realmente las benzodiacepinas el riesgo de demencia?","href":"https:\/\/medizinonline.com\/es\/aumentan-realmente-las-benzodiacepinas-el-riesgo-de-demencia\/"}},"_links":{"self":[{"href":"https:\/\/medizinonline.com\/pt-pt\/wp-json\/wp\/v2\/posts\/340845","targetHints":{"allow":["GET"]}}],"collection":[{"href":"https:\/\/medizinonline.com\/pt-pt\/wp-json\/wp\/v2\/posts"}],"about":[{"href":"https:\/\/medizinonline.com\/pt-pt\/wp-json\/wp\/v2\/types\/post"}],"author":[{"embeddable":true,"href":"https:\/\/medizinonline.com\/pt-pt\/wp-json\/wp\/v2\/users\/7"}],"replies":[{"embeddable":true,"href":"https:\/\/medizinonline.com\/pt-pt\/wp-json\/wp\/v2\/comments?post=340845"}],"version-history":[{"count":0,"href":"https:\/\/medizinonline.com\/pt-pt\/wp-json\/wp\/v2\/posts\/340845\/revisions"}],"wp:featuredmedia":[{"embeddable":true,"href":"https:\/\/medizinonline.com\/pt-pt\/wp-json\/wp\/v2\/media\/60067"}],"wp:attachment":[{"href":"https:\/\/medizinonline.com\/pt-pt\/wp-json\/wp\/v2\/media?parent=340845"}],"wp:term":[{"taxonomy":"category","embeddable":true,"href":"https:\/\/medizinonline.com\/pt-pt\/wp-json\/wp\/v2\/category?post=340845"},{"taxonomy":"post_tag","embeddable":true,"href":"https:\/\/medizinonline.com\/pt-pt\/wp-json\/wp\/v2\/tags?post=340845"},{"taxonomy":"powerkit_post_featured","embeddable":true,"href":"https:\/\/medizinonline.com\/pt-pt\/wp-json\/wp\/v2\/powerkit_post_featured?post=340845"}],"curies":[{"name":"wp","href":"https:\/\/api.w.org\/{rel}","templated":true}]}}