{"id":340847,"date":"2016-10-05T02:00:00","date_gmt":"2016-10-05T00:00:00","guid":{"rendered":"https:\/\/medizinonline.com\/muito-mito-e-eficacia-comprovada\/"},"modified":"2016-10-05T02:00:00","modified_gmt":"2016-10-05T00:00:00","slug":"muito-mito-e-eficacia-comprovada","status":"publish","type":"post","link":"https:\/\/medizinonline.com\/pt-pt\/muito-mito-e-eficacia-comprovada\/","title":{"rendered":"Muito mito e efic\u00e1cia comprovada"},"content":{"rendered":"<p><strong>O Aloe vera \u00e9 uma planta com propriedades medicinais e cosm\u00e9ticas muito interessantes. Uma vez que estes s\u00e3o frequentemente apresentados de forma unilateral e exagerada na publicidade, muitos especialistas n\u00e3o lidam com as possibilidades documentadas desta planta medicinal. No entanto, vale a pena estudar a literatura existente em pormenor. Existem estudos s\u00e9rios que provam que o uso de prepara\u00e7\u00f5es de alo\u00e9 vera, especialmente g\u00e9is, pode alcan\u00e7ar resultados not\u00e1veis.<\/strong><\/p>\n<p> <!--more--> <\/p>\n<h2 id=\"a-planta-milagrosa\">A &#8220;planta milagrosa<\/h2>\n<p>Na Internet e na comercializa\u00e7\u00e3o de artigos de certas empresas, muitas plantas s\u00e3o apresentadas como &#8220;plantas milagrosas&#8221; ou como plantas com efeitos milagrosos. O Aloe vera \u00e9 uma destas plantas. Declara\u00e7\u00f5es euf\u00f3ricas podem ser lidas na Internet, como esta descri\u00e7\u00e3o escolhida aleatoriamente deixa claro: &#8220;Aloe vera \u00e9 uma planta medicinal com milhares de anos de tradi\u00e7\u00e3o. Seja para tratamento de feridas, doen\u00e7as de pele, queixas gastrointestinais, dores articulares, inflama\u00e7\u00e3o da gengiva ou queimaduras solares: Aloe vera \u00e9 O tudo em naturopatia. Muitos efeitos h\u00e1 muito que foram cientificamente confirmados, de modo que nenhum arm\u00e1rio de medicamentos deveria ficar sem ele&#8221;. (www.zentrum-der-gesundheit.de).<\/p>\n<p>Infelizmente, nos c\u00edrculos profissionais, tais elogios t\u00eam muitas vezes o efeito oposto do que se pretendia fazer. Promessas exageradas de cura, combinadas com refer\u00eancias \u00e0 efic\u00e1cia &#8220;cientificamente confirmada h\u00e1 muito tempo&#8221;, fazem com que muitos profissionais se afastem completamente do assunto. E depois n\u00e3o fazem qualquer esfor\u00e7o para separar o trigo do joio, ou seja, para verificar qual a efic\u00e1cia cientificamente documentada da planta medicinal correspondente e como poderia ser utilizada com sucesso.<\/p>\n<h2 id=\"aloe-vera\">Alo\u00e9 vera<\/h2>\n<p>Mas que tipo de planta \u00e9 o alo\u00e9 vera? E qual \u00e9 a sua efic\u00e1cia clinicamente documentada? &#8211; Algo do &#8220;trigo&#8221; deve ser apresentado aqui. O foco est\u00e1 nas possibilidades cosm\u00e9ticas e aplica\u00e7\u00f5es m\u00e9dicas comprovadas na literatura da investiga\u00e7\u00e3o. Ser\u00e3o apresentados alguns estudos t\u00edpicos, sem poder lidar exaustivamente com a literatura publicada.<\/p>\n<h2 id=\"botanica\">Bot\u00e2nica<\/h2>\n<p>Aloe vera (Aloe barbadensis) \u00e9 uma planta da fam\u00edlia das gram\u00edneas (Xanthorrhoeaceae). A planta tem at\u00e9 16 folhas que crescem at\u00e9 40 a 50&nbsp;cm de comprimento e se deitam em forma de roseta contra o caule<strong> (Fig.&nbsp;1) <\/strong>. A casa original do Alo\u00e9 \u00e9 provavelmente a \u00e1rea em redor da Ar\u00e1bia Saudita e do I\u00e9men, mas a planta cresce agora tamb\u00e9m no sul da Europa e da \u00c1sia. Al\u00e9m disso, existem culturas alo\u00e9s em regi\u00f5es tropicais e subtropicais. Medicamente conhecidos s\u00e3o o Aloe barbadensis, tamb\u00e9m chamado Cura\u00e7ao aloe, bem como o Aloe ferox, que tamb\u00e9m \u00e9 chamado Cabo aloe.<\/p>\n<p><img fetchpriority=\"high\" decoding=\"async\" class=\" size-full wp-image-7759\" alt=\"\" src=\"https:\/\/medizinonline.com\/wp-content\/uploads\/2016\/10\/abb1_hp9_s2.jpg\" style=\"height:750px; width:600px\" width=\"754\" height=\"943\"><\/p>\n<h2 id=\"\">&nbsp;<\/h2>\n<h2 id=\"aplicacoes-medicas\">Aplica\u00e7\u00f5es m\u00e9dicas<\/h2>\n<p>A publicidade relata sobretudo as propriedades ben\u00e9ficas do sumo de alo\u00e9 vera sobre a pele. Quais s\u00e3o as propriedades cosm\u00e9ticas e medicinais?<\/p>\n<p><strong>Utilizado durante s\u00e9culos como laxante: <\/strong>Um efeito indiscut\u00edvel do alo\u00e9 \u00e9 conhecido h\u00e1 s\u00e9culos: Um laxante \u00e9 feito a partir do sumo espesso, que tem um efeito laxante forte e r\u00e1pido devido aos ingredientes da antraquinona. Para al\u00e9m do Aloe barbadensis, o Aloe ferox tamb\u00e9m pode ser utilizado para este fim. O Aloe costumava ser um componente de muitos laxantes. No entanto, os laxantes que cont\u00eam antrachionona foram ent\u00e3o alvo de cr\u00edticas injustificadas devido aos alegados efeitos secund\u00e1rios nocivos para o intestino e um potencial de depend\u00eancia. No entanto, hoje em dia existem apenas alguns medicamentos laxantes que t\u00eam alo\u00e9 como ingrediente.<\/p>\n<p><strong>Efeito antiflog\u00edstico e cura de feridas: <\/strong>Um estudo iraniano relata uma aplica\u00e7\u00e3o da medicina tradicional persa em que queimaduras artificialmente induzidas de segundo grau em ratos eram tratadas com uma mistura de leite, mel e sumo de alo\u00e9 vera e examinadas no primeiro, 14 e 28\u00ba dia ap\u00f3s o evento [1]. Em compara\u00e7\u00e3o com um grupo de controlo, o medicamento em estudo resultou numa melhor cura, acelerando a prolifera\u00e7\u00e3o celular e o encerramento de feridas e levando a uma maior densidade de fibras de colag\u00e9nio. No entanto, a limita\u00e7\u00e3o deste estudo \u00e9 que o sumo de alo\u00e9 vera n\u00e3o foi testado sozinho, mas em combina\u00e7\u00e3o com leite e mel. Assim, os outros dois componentes podem ter contribu\u00eddo significativamente para a cura.<\/p>\n<p><strong>Acne vulgaris: <\/strong>Tamb\u00e9m no Ir\u00e3o, foi realizado um ensaio cl\u00ednico [2] comparando a efic\u00e1cia de uma terapia combinada com tretino\u00edna e alo\u00e9 vera com a efic\u00e1cia da tretino\u00edna sozinha. Neste estudo comparativo aleat\u00f3rio e duplo-cego, 60 indiv\u00edduos com acne vulgaris leve a moderada foram tratados durante oito semanas com uma combina\u00e7\u00e3o de creme de tretino\u00edna (0,05%) juntamente com um gel de alo\u00e9 vera (50%) ou apenas com o creme de tretino\u00edna.<\/p>\n<p>A combina\u00e7\u00e3o de tretino\u00edna e alo\u00e9 vera foi considerada significativamente mais eficaz do que apenas a tretino\u00edna em termos de les\u00f5es cut\u00e2neas inflamat\u00f3rias (p=0,011), n\u00e3o inflamat\u00f3rias (p=0,001) e totais (p=0,003) relacionadas com a acne.<\/p>\n<p>Aplica\u00e7\u00f5es cosm\u00e9ticas: Os comerciais, folhetos promocionais e artigos de marketing disfar\u00e7ados de artigos cient\u00edficos que promovem prepara\u00e7\u00f5es de alo\u00e9 vera referem-se principalmente aos efeitos cosm\u00e9ticos dos g\u00e9is e sumos. Tais g\u00e9is devem alisar a pele e atrasar ou mesmo parar o processo de envelhecimento. H\u00e1 alguns estudos que investigaram estes efeitos cosm\u00e9ticos do alo\u00e9 vera. A maioria das publica\u00e7\u00f5es s\u00e3o estudos farmacol\u00f3gicos realizados in vitro ou in vivo.<\/p>\n<h2 id=\"nanoestruturas\">Nanoestruturas<\/h2>\n<p>As subst\u00e2ncias processadas em nanoestruturas parecem ter um benef\u00edcio adicional para o efeito ben\u00e9fico sobre a pele. Um estudo recentemente publicado descreve este processo em pormenor [3]. O efeito hidratante e suavizante da pele das prepara\u00e7\u00f5es de alo\u00e9 vera est\u00e1 tamb\u00e9m a\u00ed documentado. Quando um gel feito de alo\u00e9 vera \u00e9 incorporado numa nanoestrutura, o seu efeito cosm\u00e9tico aumenta no processo.<\/p>\n<h2 id=\"estimulacao-com-fibroblastos\">Estimula\u00e7\u00e3o com fibroblastos<\/h2>\n<p>Um estudo recente publicado por uma equipa de Taiwan relata o efeito protector do alo\u00e9 sobre o stress oxidativo induzido pelo calor nos fibroblastos [4]. O mesmo efeito do gel de aloe vera \u00e9 relatado por Tanaka et al. que descrevem na sua publica\u00e7\u00e3o [5] uma combina\u00e7\u00e3o de um estudo in vitro com um estudo cl\u00ednico. No estudo in vitro, investigam a capacidade do sumo de alo\u00e9 vera para estimular os fibroblastos da pele humana. Estes aumentaram a forma\u00e7\u00e3o de colag\u00e9nio e \u00e1cido hialur\u00f3nico de uma a duas vezes e meia, devido \u00e0 influ\u00eancia do sumo. O efeito ben\u00e9fico sobre a pele \u00e9 atribu\u00eddo aos seguintes ingredientes no estudo de Tanaka et al: Polissac\u00e1ridos, amino\u00e1cidos, l\u00edpidos, ester\u00f3is e taninos. Acemannan \u00e9  <strong>(Fig.&nbsp;2) <\/strong>\u00e9 o polissac\u00e1rido mais importante de Aloe vera.<\/p>\n<p>&nbsp;<\/p>\n<p><img decoding=\"async\" class=\"size-full wp-image-7760 lazyload\" alt=\"\" data-src=\"https:\/\/medizinonline.com\/wp-content\/uploads\/2016\/10\/abb2_hp9_s2.png\" style=\"--smush-placeholder-width: 1100px; --smush-placeholder-aspect-ratio: 1100\/415;height:302px; width:800px\" width=\"1100\" height=\"415\" src=\"data:image\/svg+xml;base64,PHN2ZyB3aWR0aD0iMSIgaGVpZ2h0PSIxIiB4bWxucz0iaHR0cDovL3d3dy53My5vcmcvMjAwMC9zdmciPjwvc3ZnPg==\"><\/p>\n<p>Na segunda parte do estudo, que foi randomizada, duplo-cega e controlada por placebo, administraram um p\u00f3 de alo\u00e9 vera contendo 40 microgramas de ester\u00f3is de alo\u00e9 mas quase sem antraquinonas a mulheres japonesas com mais de 40 anos de idade todos os dias durante oito semanas. No final do estudo, foi observado um aumento moderado na hidrata\u00e7\u00e3o da pele no grupo verum em compara\u00e7\u00e3o com o grupo placebo. No entanto, a diferen\u00e7a n\u00e3o mostrou qualquer significado. Numa avalia\u00e7\u00e3o de subgrupo, contudo, foi determinada uma diferen\u00e7a significativa no tamanho das dobras cut\u00e2neas a favor do grupo verum.<\/p>\n<p>Um estudo publicado em 2009 mostrou um resultado semelhante [6]. A equipa de investiga\u00e7\u00e3o liderada por Takahashi incorporou sumo de alo\u00e9 vera em lipossomas para aumentar a biodisponibilidade. Estes lipossomas com um di\u00e2metro inferior a 200 nm continham v\u00e1rias concentra\u00e7\u00f5es de gel de alo\u00e9 vera. Foram ent\u00e3o unidos com fibroblastos de pele neonatal para verificar o seu efeito na prolifera\u00e7\u00e3o da s\u00edntese de colag\u00e9nio. Este gel de alo\u00e9 vera lipossomal causou uma taxa de prolifera\u00e7\u00e3o significativamente maior do que o gel de alo\u00e9 vera que n\u00e3o foi incorporado em lipossomas. Os investigadores observaram o mesmo efeito quando examinaram a prolifera\u00e7\u00e3o de queratin\u00f3citos com gel lipossomal, por um lado, e com gel de alo-vera comum, por outro.<\/p>\n<p>&nbsp;<\/p>\n<p><img decoding=\"async\" class=\"size-full wp-image-7761 lazyload\" alt=\"\" data-src=\"https:\/\/medizinonline.com\/wp-content\/uploads\/2016\/10\/tab1_hp9_s3.png\" style=\"--smush-placeholder-width: 1100px; --smush-placeholder-aspect-ratio: 1100\/612;height:445px; width:800px\" width=\"1100\" height=\"612\" src=\"data:image\/svg+xml;base64,PHN2ZyB3aWR0aD0iMSIgaGVpZ2h0PSIxIiB4bWxucz0iaHR0cDovL3d3dy53My5vcmcvMjAwMC9zdmciPjwvc3ZnPg==\"><\/p>\n<h2 id=\"resumo\">Resumo<\/h2>\n<p>Se, apesar da enchente de elogios euf\u00f3ricos, fizer um esfor\u00e7o para encontrar estudos s\u00e9rios sobre a efic\u00e1cia do alo\u00e9 vera, ser\u00e1 recompensado: para al\u00e9m do efeito laxante do alo\u00e9 vera, que \u00e9 conhecido h\u00e1 s\u00e9culos, as propriedades cicatrizantes e anti-inflamat\u00f3rias s\u00e3o consideradas como garantidas; a sua efic\u00e1cia no al\u00edvio da acne vulgaris tamb\u00e9m foi comprovada.<\/p>\n<p>O efeito cosm\u00e9tico do sumo de alo\u00e9 vera, ou prepara\u00e7\u00f5es correspondentes, tamb\u00e9m tem sido documentado em estudos: Quando o alo\u00e9 vera \u00e9 incorporado em lipossomas, que est\u00e3o presentes como nanopart\u00edculas e estimulam os fibroblastos, isto leva a uma melhor hidrata\u00e7\u00e3o da pele e pode suavizar a pele.<\/p>\n<p>&nbsp;<\/p>\n<p>Literatura:<\/p>\n<ol>\n<li>Farzadina P, et al: Actividades Anti-inflamat\u00f3rias e de Cura de Feridas de Aloe vera, Mel e Unguento de Leite em Queimaduras de Segundo Grau em Ratos. Int J Low Extrem Wounds 2016, 23 de Maio. doi: 10.1177\/1534734616645031.  [Epub ahead of print]<\/li>\n<li>Hajhedari Z, et al: Efeito do gel t\u00f3pico Aloe vera combinado com tretino\u00edna no tratamento da acne vulgaris leve e moderada: um ensaio aleat\u00f3rio, duplo-cego, prospectivo. J Deramtol Treat 2014(2); 25: 123-129.<\/li>\n<li>Palanivel G, Dong-Kug C.: Aplica\u00e7\u00e3o actual de nanocosmec\u00eauticos fitocompostos para a beleza e terapia da pele. International Journal of Nanomedicine 2016 11 de Maio; 11: 1987-2007. doi: 10.2147\/IJN.S104701. eCollection 2016.<\/li>\n<li>Liu FW, et al: Aloin Protege os Fibroblastos de Pele contra o Stress-Induced Oxidative Stress Damage atrav\u00e9s da Regula\u00e7\u00e3o do Sistema de Defesa Oxidativa. PLoS One Dec 4; 10(12): e0143528. doi: 10.1371\/journal.pone.0143528. eCollection 2015.<\/li>\n<li>Tanaka M, et al.: Efeitos dos ester\u00f3is vegetais derivados do gel de Alo\u00e9 vera nos fibroblastos d\u00e9rmicos humanos in vitro e no estado da pele nas mulheres japonesas. Dermatologia Cl\u00ednica, Cosm\u00e9tica e Investigacional 2015; 8: 95-104.<\/li>\n<li>Takahashi M, et al: Lipossomas que encapsulam o extracto de gel de folha de Alo\u00e9 vera aumentam significativamente a prolifera\u00e7\u00e3o e s\u00edntese de colag\u00e9nio nas linhas de c\u00e9lulas da pele humana. J Oleo Sci 2009(12); 58: 643-650.<\/li>\n<\/ol>\n<p>&nbsp;<\/p>\n<p><em>PR\u00c1TICA DO GP 2016; 11(9): 2-3<\/em><\/p>\n","protected":false},"excerpt":{"rendered":"<p>O Aloe vera \u00e9 uma planta com propriedades medicinais e cosm\u00e9ticas muito interessantes. Uma vez que estes s\u00e3o frequentemente apresentados de forma unilateral e exagerada na publicidade, muitos especialistas n\u00e3o&hellip;<\/p>\n","protected":false},"author":7,"featured_media":59992,"comment_status":"closed","ping_status":"","sticky":false,"template":"","format":"standard","meta":{"_acf_changed":false,"pmpro_default_level":"","cat_1_feature_home_top":false,"cat_2_editor_pick":false,"csco_eyebrow_text":"Alo\u00e9 vera e a pele","footnotes":""},"category":[11356,11521,11453,11517,11551],"tags":[40840,40845],"powerkit_post_featured":[],"class_list":["post-340847","post","type-post","status-publish","format-standard","has-post-thumbnail","category-dermatologia-e-venereologia-pt-pt","category-estudos","category-farmacologia-e-toxicologia","category-noticias-pt-pt","category-rx-pt","tag-aloe-pt-pt","tag-aloe-vera-pt-pt","pmpro-has-access"],"acf":[],"publishpress_future_action":{"enabled":false,"date":"2026-05-04 14:04:15","action":"change-status","newStatus":"draft","terms":[],"taxonomy":"category","extraData":[]},"publishpress_future_workflow_manual_trigger":{"enabledWorkflows":[]},"wpml_current_locale":"pt_PT","wpml_translations":{"es_ES":{"locale":"es_ES","id":340855,"slug":"mucho-mito-y-eficacia-probada","post_title":"Mucho mito y eficacia probada","href":"https:\/\/medizinonline.com\/es\/mucho-mito-y-eficacia-probada\/"}},"_links":{"self":[{"href":"https:\/\/medizinonline.com\/pt-pt\/wp-json\/wp\/v2\/posts\/340847","targetHints":{"allow":["GET"]}}],"collection":[{"href":"https:\/\/medizinonline.com\/pt-pt\/wp-json\/wp\/v2\/posts"}],"about":[{"href":"https:\/\/medizinonline.com\/pt-pt\/wp-json\/wp\/v2\/types\/post"}],"author":[{"embeddable":true,"href":"https:\/\/medizinonline.com\/pt-pt\/wp-json\/wp\/v2\/users\/7"}],"replies":[{"embeddable":true,"href":"https:\/\/medizinonline.com\/pt-pt\/wp-json\/wp\/v2\/comments?post=340847"}],"version-history":[{"count":0,"href":"https:\/\/medizinonline.com\/pt-pt\/wp-json\/wp\/v2\/posts\/340847\/revisions"}],"wp:featuredmedia":[{"embeddable":true,"href":"https:\/\/medizinonline.com\/pt-pt\/wp-json\/wp\/v2\/media\/59992"}],"wp:attachment":[{"href":"https:\/\/medizinonline.com\/pt-pt\/wp-json\/wp\/v2\/media?parent=340847"}],"wp:term":[{"taxonomy":"category","embeddable":true,"href":"https:\/\/medizinonline.com\/pt-pt\/wp-json\/wp\/v2\/category?post=340847"},{"taxonomy":"post_tag","embeddable":true,"href":"https:\/\/medizinonline.com\/pt-pt\/wp-json\/wp\/v2\/tags?post=340847"},{"taxonomy":"powerkit_post_featured","embeddable":true,"href":"https:\/\/medizinonline.com\/pt-pt\/wp-json\/wp\/v2\/powerkit_post_featured?post=340847"}],"curies":[{"name":"wp","href":"https:\/\/api.w.org\/{rel}","templated":true}]}}