{"id":341104,"date":"2016-07-23T02:00:00","date_gmt":"2016-07-23T00:00:00","guid":{"rendered":"https:\/\/medizinonline.com\/mordida-de-cegonha-e-tufo-de-cabelo-na-parte-de-tras-da-cabeca-num-bebe\/"},"modified":"2016-07-23T02:00:00","modified_gmt":"2016-07-23T00:00:00","slug":"mordida-de-cegonha-e-tufo-de-cabelo-na-parte-de-tras-da-cabeca-num-bebe","status":"publish","type":"post","link":"https:\/\/medizinonline.com\/pt-pt\/mordida-de-cegonha-e-tufo-de-cabelo-na-parte-de-tras-da-cabeca-num-bebe\/","title":{"rendered":"Mordida de cegonha e tufo de cabelo na parte de tr\u00e1s da cabe\u00e7a num beb\u00e9"},"content":{"rendered":"<p><strong><em>Relato de caso: <\/em>Uma menina de seis meses de idade \u00e9 referida devido a uma mudan\u00e7a de pele circunscrita e cicatrizada na parte de tr\u00e1s da cabe\u00e7a que existe desde o nascimento. Al\u00e9m disso, os pais relatam uma vermelhid\u00e3o circular persistente nesta \u00e1rea. A hist\u00f3ria da gravidez n\u00e3o era not\u00e1vel e a crian\u00e7a nasceu na data devida por cesariana.<\/strong><\/p>\n<p> <!--more--> <\/p>\n<p><strong>Quadro cl\u00ednico: <\/strong>Uma les\u00e3o solit\u00e1ria, nitidamente demarcada, oval, eritematosa p\u00e1lida, medindo 5 mm, \u00e9 encontrada no capil\u00edcio occipital na regi\u00e3o da linha m\u00e9dia. m\u00e1cula atr\u00f3fica, sem p\u00ealos, que corresponde a uma membrana fina, semelhante a um pergaminho. A \u00e1rea bem definida \u00e9 rodeada por um anel estreito de cabelo denso e escuro <strong>(Fig. 1)<\/strong>. A crian\u00e7a \u00e9, de resto, saud\u00e1vel e pr\u00f3spera.<\/p>\n<h2 id=\"questionario\">Question\u00e1rio<\/h2>\n<p>Com base nesta informa\u00e7\u00e3o, qual \u00e9 o diagn\u00f3stico mais prov\u00e1vel?<br \/>\n<strong>Uma <\/strong>cicatriz ap\u00f3s o trauma do nascimento<br \/>\n<strong>B Aplasia <\/strong>cutis congenita<br \/>\n<strong>C <\/strong>Nevus de cabelo lanoso<br \/>\n<strong>D<\/strong> Nevus psiloliparus<\/p>\n<p><img fetchpriority=\"high\" decoding=\"async\" class=\" size-full wp-image-7345\" alt=\"\" src=\"https:\/\/medizinonline.com\/wp-content\/uploads\/2016\/07\/abb1_dp3_s25.jpg\" style=\"height:754px; width:800px\" width=\"1100\" height=\"1037\"><\/p>\n<p>\n<strong>Resposta e diagn\u00f3stico correctos: <\/strong>A resposta correcta \u00e9 B. O diagn\u00f3stico \u00e9 aplasia cutis congenita (ACC) com um chamado &#8220;sinal de colarinho de cabelo&#8221;.<\/p>\n<p><strong>Discuss\u00e3o:<\/strong> A apresenta\u00e7\u00e3o no presente caso corresponde a um ACC de membrana tipo 1 de acordo com Frieden [1]. (&#8220;Scalp ACC sem anomalias m\u00faltiplas&#8221;), que \u00e9 o mais comum e est\u00e1 muitas vezes rodeado por uma franja estreita de cabelos espessos e escuros (o chamado &#8220;sinal de colarinho de cabelo&#8221;). Curiosamente, uma malforma\u00e7\u00e3o capilar do tipo nevus simplex (picada de cegonha) \u00e9 geralmente observada perifocamente no mesmo local, como se pode ver claramente nas ilustra\u00e7\u00f5es.<\/p>\n<p>ACC \u00e9 um defeito cut\u00e2neo, geralmente circunscrito, adquirido intra-uterino, caracterizado pela falta de fixa\u00e7\u00e3o da epiderme e derme, e raramente camadas mais profundas, incluindo osso, dura-m\u00e1ter e meninges [1,2]. Factores gen\u00e9ticos, traumas intra-uterinos, infec\u00e7\u00f5es, defeitos amni\u00f3ticos e medicamentos teratog\u00e9nicos s\u00e3o discutidos como causas [1,3]. Seguindo a classifica\u00e7\u00e3o de Frieden [1], s\u00e3o distinguidas nove formas diferentes de ACC. Em cerca de 80% dos casos, o ACC \u00e9 localizado no couro cabeludo. O diagn\u00f3stico de ACC \u00e9 feito principalmente a n\u00edvel cl\u00ednico. Raramente, o ACC ocorre em associa\u00e7\u00e3o com dist\u00farbios sindr\u00f3micos (especialmente s\u00edndrome de Adams Oliver e de Goltz-Gorlin), displasias ectod\u00e9rmicas, nevos epid\u00e9rmicos e organ\u00f3ides, disgrafia craniana, papiroceus fetal, epiderm\u00f3lise bolhosa [1]. A maior parte das vezes uma ocorr\u00eancia espor\u00e1dica, raramente uma heran\u00e7a autoss\u00f3mica dominante. Dependendo do subtipo, a apresenta\u00e7\u00e3o cl\u00ednica do ACC \u00e9 vari\u00e1vel. Em ACC de membrana isolada tipo I, os defeitos de pele s\u00e3o normalmente m\u00e1ximos. 1-2 cm de tamanho [4]. Ap\u00f3s a reepiteliza\u00e7\u00e3o, que pode j\u00e1 ocorrer no \u00fatero, \u00e9 encontrada uma cicatriz atr\u00f3fica e p\u00e1lida; ocasionalmente, v\u00e1rios locais de ACC est\u00e3o presentes adjacentes uns aos outros. \u00c0 nascen\u00e7a, \u00e1reas marcadamente demarcadas, erosivas ou ulceradas ou um defeito cut\u00e2neo circunscrito, sem p\u00ealos, aveludado e avermelhado, coberto por uma membrana fina, semelhante a um pergaminho (ACC membranoso) <strong>(Fig.&nbsp;2)<\/strong> [1,3]. Membranous ACC, que \u00e9 normalmente localizado na \u00e1rea do v\u00e9rtice na vizinhan\u00e7a da v\u00e9rtebra parietal do cabelo, \u00e9 a manifesta\u00e7\u00e3o mais comum. O &#8220;sinal de colarinho de cabelo&#8221; <strong>(Fig.&nbsp;2)<\/strong> \u00e9 considerado por alguns autores como sendo um marcador relativamente espec\u00edfico para a disgrafia do SNC iS. de uma encefalocele subjacente (rudimentar). Contudo, muitos pequenos ACC de membrana isolada s\u00e3o acompanhados por um &#8220;sinal de colarinho de cabelo&#8221; sem encontrar defeitos subjacentes ao SNC. O risco de uma malforma\u00e7\u00e3o correspondente e, portanto, a indica\u00e7\u00e3o de imagens espec\u00edficas (sonografia num beb\u00e9 muito jovem e resson\u00e2ncia magn\u00e9tica) \u00e9 particularmente dada nas seguintes situa\u00e7\u00f5es:<\/p>\n<ul>\n<li>Grande, profundo, defeito irregular (possivelmente com crostas, tecido de granula\u00e7\u00e3o, tipicamente no v\u00e9rtice).<\/li>\n<li>Defeito \u00f3sseo palp\u00e1vel<\/li>\n<li>com <em>sinal de colarinho de cabelo muito vis\u00edvel<\/em> e localiza\u00e7\u00e3o no meio do occipital inferior e occipital alto <strong>(Fig. 2)<\/strong>, bem como acima da coluna vertebral.<br \/>\n\t&nbsp;<\/li>\n<\/ul>\n<p><img decoding=\"async\" class=\"size-full wp-image-7346 lazyload\" alt=\"\" data-src=\"https:\/\/medizinonline.com\/wp-content\/uploads\/2016\/07\/abb2_dp3_s26.jpg\" style=\"--smush-placeholder-width: 851px; --smush-placeholder-aspect-ratio: 851\/755;height:355px; width:400px\" width=\"851\" height=\"755\" src=\"data:image\/svg+xml;base64,PHN2ZyB3aWR0aD0iMSIgaGVpZ2h0PSIxIiB4bWxucz0iaHR0cDovL3d3dy53My5vcmcvMjAwMC9zdmciPjwvc3ZnPg==\"><\/p>\n<p>\nNo nosso paciente, devido \u00e0 apresenta\u00e7\u00e3o globalmente discreta e \u00e0 falta dos crit\u00e9rios acima referidos, n\u00e3o realiz\u00e1mos mais um trabalho de imagem.<\/p>\n<p>O tratamento de pequenos ACC de membrana n\u00e3o \u00e9 obrigat\u00f3rio, mas pode ser realizado no curso por raz\u00f5es est\u00e9ticas e consiste na excis\u00e3o total da descoberta. Para defeitos mais profundos, a cobertura cir\u00fargica com enxertos de pele \u00e9 indicada para evitar complica\u00e7\u00f5es [2].<\/p>\n<p>&nbsp;<\/p>\n<p>Literatura:<\/p>\n<ol>\n<li>Paz IJ. Aplasia cutis congenita: uma revis\u00e3o cl\u00ednica e proposta de classifica\u00e7\u00e3o. J Am Acad Dermatol 1986; 14(4): 646-660.<\/li>\n<li>Maillet-Declerck M, Vinchon M, Guerreschi P et al. Aplasia cutis congenita: revis\u00e3o de 29 casos e proposta de uma estrat\u00e9gia terap\u00eautica. Eur J Pediatr Surg 2013; 23(2): 89-93.<\/li>\n<li>Browning JC. Aplasia cutis congenita: abordagem \u00e0 avalia\u00e7\u00e3o e gest\u00e3o. Dermatol Ther 2013; 26(6): 439-444.<\/li>\n<li>Mesrati H, Amouri M, Chaaben H, Masmoudi A, Boudaya S, Turki H. Aplasia cutis congenita: relat\u00f3rio de 22 casos. Int J Dermatol 2015; 54(12): 1370-1375.<\/li>\n<\/ol>\n<p>\n<em>DERMATOLOGIE PRAXIS 2016; 26(3): 26-27<\/em><\/p>\n","protected":false},"excerpt":{"rendered":"<p>Relato de caso: Uma menina de seis meses de idade \u00e9 referida devido a uma mudan\u00e7a de pele circunscrita e cicatrizada na parte de tr\u00e1s da cabe\u00e7a que existe desde&hellip;<\/p>\n","protected":false},"author":7,"featured_media":57251,"comment_status":"closed","ping_status":"","sticky":false,"template":"","format":"standard","meta":{"_acf_changed":false,"pmpro_default_level":"","cat_1_feature_home_top":false,"cat_2_editor_pick":false,"csco_eyebrow_text":"Canto pedi\u00e1trico","footnotes":""},"category":[11536,11356,11450,11551],"tags":[33942,39352,41442],"powerkit_post_featured":[],"class_list":["post-341104","post","type-post","status-publish","format-standard","has-post-thumbnail","category-casos-pt-pt","category-dermatologia-e-venereologia-pt-pt","category-pediatria-pt-pt","category-rx-pt","tag-acc-pt-pt","tag-nevus-pt-pt","tag-sinal-de-colarinho-de-cabelo","pmpro-has-access"],"acf":[],"publishpress_future_action":{"enabled":false,"date":"2026-05-03 20:44:55","action":"change-status","newStatus":"draft","terms":[],"taxonomy":"category","extraData":[]},"publishpress_future_workflow_manual_trigger":{"enabledWorkflows":[]},"wpml_current_locale":"pt_PT","wpml_translations":{"es_ES":{"locale":"es_ES","id":341111,"slug":"mordedura-de-cigueena-y-mechon-de-pelo-en-la-nuca-en-un-lactante","post_title":"Mordedura de cig\u00fce\u00f1a y mech\u00f3n de pelo en la nuca en un lactante","href":"https:\/\/medizinonline.com\/es\/mordedura-de-cigueena-y-mechon-de-pelo-en-la-nuca-en-un-lactante\/"}},"_links":{"self":[{"href":"https:\/\/medizinonline.com\/pt-pt\/wp-json\/wp\/v2\/posts\/341104","targetHints":{"allow":["GET"]}}],"collection":[{"href":"https:\/\/medizinonline.com\/pt-pt\/wp-json\/wp\/v2\/posts"}],"about":[{"href":"https:\/\/medizinonline.com\/pt-pt\/wp-json\/wp\/v2\/types\/post"}],"author":[{"embeddable":true,"href":"https:\/\/medizinonline.com\/pt-pt\/wp-json\/wp\/v2\/users\/7"}],"replies":[{"embeddable":true,"href":"https:\/\/medizinonline.com\/pt-pt\/wp-json\/wp\/v2\/comments?post=341104"}],"version-history":[{"count":0,"href":"https:\/\/medizinonline.com\/pt-pt\/wp-json\/wp\/v2\/posts\/341104\/revisions"}],"wp:featuredmedia":[{"embeddable":true,"href":"https:\/\/medizinonline.com\/pt-pt\/wp-json\/wp\/v2\/media\/57251"}],"wp:attachment":[{"href":"https:\/\/medizinonline.com\/pt-pt\/wp-json\/wp\/v2\/media?parent=341104"}],"wp:term":[{"taxonomy":"category","embeddable":true,"href":"https:\/\/medizinonline.com\/pt-pt\/wp-json\/wp\/v2\/category?post=341104"},{"taxonomy":"post_tag","embeddable":true,"href":"https:\/\/medizinonline.com\/pt-pt\/wp-json\/wp\/v2\/tags?post=341104"},{"taxonomy":"powerkit_post_featured","embeddable":true,"href":"https:\/\/medizinonline.com\/pt-pt\/wp-json\/wp\/v2\/powerkit_post_featured?post=341104"}],"curies":[{"name":"wp","href":"https:\/\/api.w.org\/{rel}","templated":true}]}}