{"id":342693,"date":"2015-09-22T02:00:00","date_gmt":"2015-09-22T00:00:00","guid":{"rendered":"https:\/\/medizinonline.com\/os-sintomas-nao-motores-nao-devem-ser-esquecidos\/"},"modified":"2015-09-22T02:00:00","modified_gmt":"2015-09-22T00:00:00","slug":"os-sintomas-nao-motores-nao-devem-ser-esquecidos","status":"publish","type":"post","link":"https:\/\/medizinonline.com\/pt-pt\/os-sintomas-nao-motores-nao-devem-ser-esquecidos\/","title":{"rendered":"Os sintomas n\u00e3o-motores n\u00e3o devem ser esquecidos"},"content":{"rendered":"<p><strong>O Prof. Dr. med. J\u00fcrg Kesselring, Cl\u00ednica Valens, falou sobre o tema &#8220;S\u00edndrome de Parkinson&#8221; no Update Refresher in Internal Medicine. Ap\u00f3s uma breve revis\u00e3o hist\u00f3rica dos in\u00edcios e investiga\u00e7\u00e3o deste quadro cl\u00ednico, discutiu os sintomas motores e n\u00e3o motores, entrando em mais pormenores sobre o problema da hipotens\u00e3o ortost\u00e1tica.<\/strong><\/p>\n<p> <!--more--> <\/p>\n<p>O Prof. Dr. med. J\u00fcrg Kesselring, da Cl\u00ednica Valens, deu pela primeira vez uma breve panor\u00e2mica da hist\u00f3ria da s\u00edndrome de Parkinson: foi descrita pela primeira vez em 1817 pelo ep\u00f3nimo James Parkinson, que chamou a doen\u00e7a de &#8220;paralisia aguda&#8221;. \u00c9 acompanhado de tremor involunt\u00e1rio e for\u00e7a muscular reduzida (mesmo com inactividade e apoio). Al\u00e9m disso, h\u00e1 a tend\u00eancia para dobrar o tronco para a frente e mudar de andar para correr. A doen\u00e7a n\u00e3o afecta o intelecto e os sentidos.<\/p>\n<p>Depois, no s\u00e9culo XIX, foi introduzido o termo akinesia. Seguiu-se no final da d\u00e9cada de 1960 o desenvolvimento e aprova\u00e7\u00e3o da levodopa. Uma boa d\u00e9cada mais tarde, apareceram os primeiros agonistas da dopamina e, no final dos anos 80, o inibidor selegilina da MAO.<\/p>\n<p>Mais tarde, apareceram no mercado outros agonistas dopaministas. A defini\u00e7\u00e3o da s\u00edndrome de Parkinson tem sido especificada ao longo do tempo: Bradicinesia, hipocinesia e acinesia incluem dificuldade em iniciar, abrandar e reduzir o intervalo de movimentos, perda de movimentos volunt\u00e1rios e autom\u00e1ticos. O rigor \u00e9 caracterizado, entre outras coisas, pela tens\u00e3o nas extremidades e nas costas, e por aumentos de tom independentes da velocidade. Al\u00e9m disso, ocorrem tremores de repouso, tremores de m\u00e3o assim\u00e9tricos, anomalias posturais (postura s\u00edmia, instabilidade postural, reflexos perturbados) e dist\u00farbios de marcha.<\/p>\n<p>&#8220;Uma parte muito crucial mas muitas vezes negligenciada da doen\u00e7a \u00e9 a disautonomia central&#8221;, disse o orador. A desregula\u00e7\u00e3o aut\u00f3noma, por exemplo com hipersaliva\u00e7\u00e3o, seborreia, hipotens\u00e3o ortost\u00e1tica, micturi\u00e7\u00e3o e disfun\u00e7\u00e3o er\u00e9ctil, \u00e9 um dos sintomas n\u00e3o motores da s\u00edndrome de Parkinson. Al\u00e9m disso, os d\u00e9fices cognitivos (por exemplo, bradifrenia) ocorrem em 5-20% e a depress\u00e3o em cerca de 40%. O sono e dist\u00farbios sensoriais como a anosmia, a dor e a parestesia tamb\u00e9m podem representar um pesado fardo para o doente.<\/p>\n<h2 id=\"epidemiologia-desenvolvimento-diagnosticos\">Epidemiologia, desenvolvimento, diagn\u00f3sticos<\/h2>\n<p>&#8220;A partir dos 60 anos, a incid\u00eancia aumenta (0,2-0,5%), mas em 15% dos casos a doen\u00e7a come\u00e7a antes dos 45 anos de idade. A preval\u00eancia \u00e9 de 200-300\/100.000 habitantes. Aproximadamente 1% das pessoas com mais de 60 e 5% das pessoas com mais de 80 anos s\u00e3o afectadas&#8221;, explicou o Prof. Kesselring.<\/p>\n<p>Fisiopatologicamente, a s\u00edndrome de Parkinson resulta de uma degenera\u00e7\u00e3o progressiva prematura das c\u00e9lulas produtoras de dopamina da pars compacta da substantia nigra (&lt;1% heredit\u00e1ria). Isto resulta numa defici\u00eancia pr\u00e9-sin\u00e1ptica de dopamina no putamen. Os sintomas s\u00f3 se desenvolvem ap\u00f3s mais de 60 por cento de perda de c\u00e9lulas. Se estiverem presentes, o diagn\u00f3stico da s\u00edndrome de Parkinson idiop\u00e1tica \u00e9 feito atrav\u00e9s da detec\u00e7\u00e3o de bradicinesia (arranque lento, amplitude e velocidade de movimentos reduzidas) e pelo menos um dos seguintes sintomas:<\/p>\n<ul>\n<li>Rigor<\/li>\n<li>Tremor de repouso (4-6 Hz)<\/li>\n<li>instabilidade postural.<\/li>\n<\/ul>\n<p>Os crit\u00e9rios de apoio s\u00e3o o in\u00edcio unilateral e\/ou assimetria cont\u00ednua no curso, tremor de repouso, excelente resposta sustentada \u00e0 levodopa, um curso progressivo lento ou discinesias marcadas induzidas pela levodopa. Para al\u00e9m da cl\u00e1ssica postura de Parkinson ligeiramente inclinada para a frente, h\u00e1 tamb\u00e9m a camptocormia (pronunciada inclina\u00e7\u00e3o patol\u00f3gica para a frente do tronco quando em p\u00e9 e a andar), a chamada s\u00edndrome de Pisa (flex\u00e3o lateralmente inclinada do tronco em posi\u00e7\u00e3o sentada ou em p\u00e9) e a ant\u00edcolis (pronunciada flex\u00e3o frontal da cabe\u00e7a).<\/p>\n<h2 id=\"regulacao-da-pressao-sanguinea-na-doenca-de-parkinson\">Regula\u00e7\u00e3o da press\u00e3o sangu\u00ednea na doen\u00e7a de Parkinson<\/h2>\n<p>A doen\u00e7a do sistema nervoso auton\u00f3mico em Parkinson impede o ajuste correcto da press\u00e3o arterial, resultando em cerca de meio litro de &#8220;piscina&#8221; de sangue nos vasos sangu\u00edneos das pernas e da p\u00e9lvis devido \u00e0 gravidade quando o corpo est\u00e1 na posi\u00e7\u00e3o vertical. Estes vasos sangu\u00edneos devem ser apertados imediatamente para que a tens\u00e3o arterial permane\u00e7a est\u00e1vel, mas isto s\u00f3 acontece de forma insuficiente na doen\u00e7a de Parkinson. A press\u00e3o arterial cai na posi\u00e7\u00e3o vertical, o que se chama hipotens\u00e3o ortost\u00e1tica, ou seja, press\u00e3o arterial demasiado baixa quando em p\u00e9.<\/p>\n<p>Os sintomas de hipotens\u00e3o ortost\u00e1tica s\u00f3 ocorrem assim na posi\u00e7\u00e3o vertical e desaparecem rapidamente na posi\u00e7\u00e3o plana. Estes incluem: Tonturas, instabilidade da marcha, perturba\u00e7\u00f5es visuais (vis\u00e3o turva, perda de cor, vis\u00e3o em t\u00fanel), zumbido nos ouvidos, problemas de concentra\u00e7\u00e3o, cansa\u00e7o ou mesmo desmaio. Al\u00e9m disso, pode haver dor, especialmente na zona do ombro e pesco\u00e7o, e possivelmente uma sensa\u00e7\u00e3o de aperto no peito.<\/p>\n<p>Os sintomas s\u00e3o mais pronunciados nas primeiras horas da manh\u00e3 e ap\u00f3s a ingest\u00e3o de alimentos (raz\u00e3o: mic\u00e7\u00e3o frequente durante a noite, recolha de sangue para digest\u00e3o no tracto gastrointestinal). Uma vez que os m\u00fasculos tamb\u00e9m extraem sangue adicional, o esfor\u00e7o f\u00edsico ligeiro tamb\u00e9m contribui para o agravamento dos sintomas, tal como o calor e o \u00e1lcool (os vasos sangu\u00edneos s\u00e3o amolecidos adicionalmente) e, claro, a medica\u00e7\u00e3o (incluindo a medica\u00e7\u00e3o de Parkinson, por exemplo, os agonistas da dopamina).<\/p>\n<p>\n<em>Fonte: &#8220;S\u00edndrome de Parkinson&#8221;, palestra na Update Refresher Internal Medicine, 16-20 de Junho de 2015, Zurique<\/em><\/p>\n<p>\n<em>InFo NEUROLOGIA &amp; PSYCHIATRY 2015; 13(5): 38-39<\/em><\/p>\n","protected":false},"excerpt":{"rendered":"<p>O Prof. Dr. med. J\u00fcrg Kesselring, Cl\u00ednica Valens, falou sobre o tema &#8220;S\u00edndrome de Parkinson&#8221; no Update Refresher in Internal Medicine. Ap\u00f3s uma breve revis\u00e3o hist\u00f3rica dos in\u00edcios e investiga\u00e7\u00e3o&hellip;<\/p>\n","protected":false},"author":7,"featured_media":52578,"comment_status":"closed","ping_status":"","sticky":false,"template":"","format":"standard","meta":{"_acf_changed":false,"pmpro_default_level":"","cat_1_feature_home_top":false,"cat_2_editor_pick":false,"csco_eyebrow_text":"S\u00edndrome de Parkinson","footnotes":""},"category":[11374,11529,11551],"tags":[45017,40569,11755,45010,32990],"powerkit_post_featured":[],"class_list":["post-342693","post","type-post","status-publish","format-standard","has-post-thumbnail","category-neurologia-pt-pt","category-relatorios-do-congresso","category-rx-pt","tag-antagonista-da-dopamina-pt-pt","tag-hipotensao-pt-pt","tag-parkinson-pt-pt","tag-rigor-pt-pt","tag-tremor-pt-pt","pmpro-has-access"],"acf":[],"publishpress_future_action":{"enabled":false,"date":"2026-05-04 14:05:16","action":"change-status","newStatus":"draft","terms":[],"taxonomy":"category","extraData":[]},"publishpress_future_workflow_manual_trigger":{"enabledWorkflows":[]},"wpml_current_locale":"pt_PT","wpml_translations":{"es_ES":{"locale":"es_ES","id":342700,"slug":"no-hay-que-olvidar-los-sintomas-no-motores","post_title":"No hay que olvidar los s\u00edntomas no motores","href":"https:\/\/medizinonline.com\/es\/no-hay-que-olvidar-los-sintomas-no-motores\/"}},"_links":{"self":[{"href":"https:\/\/medizinonline.com\/pt-pt\/wp-json\/wp\/v2\/posts\/342693","targetHints":{"allow":["GET"]}}],"collection":[{"href":"https:\/\/medizinonline.com\/pt-pt\/wp-json\/wp\/v2\/posts"}],"about":[{"href":"https:\/\/medizinonline.com\/pt-pt\/wp-json\/wp\/v2\/types\/post"}],"author":[{"embeddable":true,"href":"https:\/\/medizinonline.com\/pt-pt\/wp-json\/wp\/v2\/users\/7"}],"replies":[{"embeddable":true,"href":"https:\/\/medizinonline.com\/pt-pt\/wp-json\/wp\/v2\/comments?post=342693"}],"version-history":[{"count":0,"href":"https:\/\/medizinonline.com\/pt-pt\/wp-json\/wp\/v2\/posts\/342693\/revisions"}],"wp:featuredmedia":[{"embeddable":true,"href":"https:\/\/medizinonline.com\/pt-pt\/wp-json\/wp\/v2\/media\/52578"}],"wp:attachment":[{"href":"https:\/\/medizinonline.com\/pt-pt\/wp-json\/wp\/v2\/media?parent=342693"}],"wp:term":[{"taxonomy":"category","embeddable":true,"href":"https:\/\/medizinonline.com\/pt-pt\/wp-json\/wp\/v2\/category?post=342693"},{"taxonomy":"post_tag","embeddable":true,"href":"https:\/\/medizinonline.com\/pt-pt\/wp-json\/wp\/v2\/tags?post=342693"},{"taxonomy":"powerkit_post_featured","embeddable":true,"href":"https:\/\/medizinonline.com\/pt-pt\/wp-json\/wp\/v2\/powerkit_post_featured?post=342693"}],"curies":[{"name":"wp","href":"https:\/\/api.w.org\/{rel}","templated":true}]}}