{"id":342928,"date":"2015-08-23T01:00:00","date_gmt":"2015-08-22T23:00:00","guid":{"rendered":"https:\/\/medizinonline.com\/quantos-doentes-renunciam-a-uma-visita-ao-medico-por-razoes-financeiras\/"},"modified":"2015-08-23T01:00:00","modified_gmt":"2015-08-22T23:00:00","slug":"quantos-doentes-renunciam-a-uma-visita-ao-medico-por-razoes-financeiras","status":"publish","type":"post","link":"https:\/\/medizinonline.com\/pt-pt\/quantos-doentes-renunciam-a-uma-visita-ao-medico-por-razoes-financeiras\/","title":{"rendered":"Quantos doentes renunciam a uma visita ao m\u00e9dico por raz\u00f5es financeiras?"},"content":{"rendered":"<p><strong>A 25 de Junho de 2015, foi atribu\u00eddo o Pr\u00e9mio de Investiga\u00e7\u00e3o KHM patrocinado pela Mepha. O vencedor \u00e9 um grupo de investiga\u00e7\u00e3o da Universidade de Lausanne, que investigou at\u00e9 que ponto as motiva\u00e7\u00f5es financeiras desempenham um papel na utiliza\u00e7\u00e3o de uma consulta m\u00e9dica. Surpreendentemente, muitos m\u00e9dicos sobrestimam o estatuto socioecon\u00f3mico dos seus pacientes.<\/strong><\/p>\n<p> <!--more--> <\/p>\n<p>No documento multi-publicado, 10,7% do total de 2026 pacientes inquiridos de 47 cl\u00ednicas de m\u00e9dicos de cl\u00ednica geral declararam que eles pr\u00f3prios ou algu\u00e9m da sua fam\u00edlia tinha renunciado a uma consulta m\u00e9dica no \u00faltimo ano por raz\u00f5es financeiras [1]. Se compararmos os dados com um estudo semelhante de Genebra, os valores coincidem bastante: A\u00ed, tinha sido determinada uma taxa de 14% [2].<\/p>\n<h2 id=\"franquias-altas\">Franquias altas<\/h2>\n<p>As raz\u00f5es s\u00e3o as franquias elevadas e a ren\u00fancia a seguros suplementares, que levam a pr\u00e9mios mais baixos mas rapidamente a custos elevados em caso de doen\u00e7a. Al\u00e9m disso, h\u00e1 servi\u00e7os que n\u00e3o est\u00e3o cobertos pelo seguro b\u00e1sico. Todos os factores que desencorajam os doentes financeiramente piores de visitar o m\u00e9dico.<\/p>\n<p>O estatuto social, econ\u00f3mico e educacional, bem como a priva\u00e7\u00e3o, ou seja, as desvantagens materiais, sociais e m\u00e9dicas dos pacientes, tamb\u00e9m foram inquiridos. A pergunta &#8220;Tiveram dificuldades em pagar as suas contas dom\u00e9sticas nos \u00faltimos doze meses?&#8221; foi mais eficaz na identifica\u00e7\u00e3o de pacientes que prescindiram de aconselhamento m\u00e9dico do que uma combina\u00e7\u00e3o de quatro medidas objectivas de estatuto socioecon\u00f3mico. O valor preditivo negativo foi de 96%.<\/p>\n<p>S\u00f3 esta quest\u00e3o permite ao m\u00e9dico interessado na priva\u00e7\u00e3o fazer uma boa avalia\u00e7\u00e3o inicial do paciente. Naturalmente, a quest\u00e3o s\u00f3 deve ser colocada aos pacientes que j\u00e1 t\u00eam uma suspeita disso.<\/p>\n<h2 id=\"os-medicos-subestimam-a-privacao\">Os m\u00e9dicos subestimam a priva\u00e7\u00e3o<\/h2>\n<p>O que o estudo tamb\u00e9m mostrou: a avalia\u00e7\u00e3o dos m\u00e9dicos s\u00f3 concorda com as declara\u00e7\u00f5es dos pacientes de forma limitada (de acordo com a Escala MacArthur de Estatuto Social Subjectivo 0-10). Os m\u00e9dicos sobrestimaram significativamente o estatuto s\u00f3cio-econ\u00f3mico dos seus visitantes de cl\u00ednica geral [3]. De acordo com os autores do estudo, \u00e9 portanto urgentemente necess\u00e1rio sensibilizar o sector m\u00e9dico.<\/p>\n<p>\nLiteratura:<\/p>\n<ol>\n<li>Bodenmann P, et al: PLoS One 2014 Abr 3; 9(4): e94006.<\/li>\n<li>Guessous I, et al: Prev Med 2012 Nov; 55(5): 521-527.<\/li>\n<li>Chatelard S, et al: PLoS One 2014 Jan 15; 9(1): e84828.<\/li>\n<\/ol>\n<p><em>PR\u00c1TICA DO GP 2015; 10(8): 6<\/em><\/p>\n","protected":false},"excerpt":{"rendered":"<p>A 25 de Junho de 2015, foi atribu\u00eddo o Pr\u00e9mio de Investiga\u00e7\u00e3o KHM patrocinado pela Mepha. O vencedor \u00e9 um grupo de investiga\u00e7\u00e3o da Universidade de Lausanne, que investigou at\u00e9&hellip;<\/p>\n","protected":false},"author":5,"featured_media":51964,"comment_status":"closed","ping_status":"","sticky":false,"template":"","format":"standard","meta":{"_acf_changed":false,"pmpro_default_level":"","cat_1_feature_home_top":false,"cat_2_editor_pick":false,"csco_eyebrow_text":"Pr\u00e9mio de Investiga\u00e7\u00e3o KHM","footnotes":""},"category":[11517,11474,11551],"tags":[29679,17912,45618,45624],"powerkit_post_featured":[],"class_list":["post-342928","post","type-post","status-publish","format-standard","has-post-thumbnail","category-noticias-pt-pt","category-prevencao-e-cuidados-de-saude","category-rx-pt","tag-consulta-pt-pt","tag-custos","tag-financas","tag-visita-ao-medico","pmpro-has-access"],"acf":[],"publishpress_future_action":{"enabled":false,"date":"2026-05-09 03:29:11","action":"change-status","newStatus":"draft","terms":[],"taxonomy":"category","extraData":[]},"publishpress_future_workflow_manual_trigger":{"enabledWorkflows":[]},"wpml_current_locale":"pt_PT","wpml_translations":{"es_ES":{"locale":"es_ES","id":342931,"slug":"cuantos-pacientes-renuncian-a-una-visita-al-medico-por-motivos-economicos","post_title":"\u00bfCu\u00e1ntos pacientes renuncian a una visita al m\u00e9dico por motivos econ\u00f3micos?","href":"https:\/\/medizinonline.com\/es\/cuantos-pacientes-renuncian-a-una-visita-al-medico-por-motivos-economicos\/"}},"_links":{"self":[{"href":"https:\/\/medizinonline.com\/pt-pt\/wp-json\/wp\/v2\/posts\/342928","targetHints":{"allow":["GET"]}}],"collection":[{"href":"https:\/\/medizinonline.com\/pt-pt\/wp-json\/wp\/v2\/posts"}],"about":[{"href":"https:\/\/medizinonline.com\/pt-pt\/wp-json\/wp\/v2\/types\/post"}],"author":[{"embeddable":true,"href":"https:\/\/medizinonline.com\/pt-pt\/wp-json\/wp\/v2\/users\/5"}],"replies":[{"embeddable":true,"href":"https:\/\/medizinonline.com\/pt-pt\/wp-json\/wp\/v2\/comments?post=342928"}],"version-history":[{"count":0,"href":"https:\/\/medizinonline.com\/pt-pt\/wp-json\/wp\/v2\/posts\/342928\/revisions"}],"wp:featuredmedia":[{"embeddable":true,"href":"https:\/\/medizinonline.com\/pt-pt\/wp-json\/wp\/v2\/media\/51964"}],"wp:attachment":[{"href":"https:\/\/medizinonline.com\/pt-pt\/wp-json\/wp\/v2\/media?parent=342928"}],"wp:term":[{"taxonomy":"category","embeddable":true,"href":"https:\/\/medizinonline.com\/pt-pt\/wp-json\/wp\/v2\/category?post=342928"},{"taxonomy":"post_tag","embeddable":true,"href":"https:\/\/medizinonline.com\/pt-pt\/wp-json\/wp\/v2\/tags?post=342928"},{"taxonomy":"powerkit_post_featured","embeddable":true,"href":"https:\/\/medizinonline.com\/pt-pt\/wp-json\/wp\/v2\/powerkit_post_featured?post=342928"}],"curies":[{"name":"wp","href":"https:\/\/api.w.org\/{rel}","templated":true}]}}