{"id":344165,"date":"2014-11-25T01:00:00","date_gmt":"2014-11-25T00:00:00","guid":{"rendered":"https:\/\/medizinonline.com\/deteccao-precoce-de-psicoses-o-que-o-medico-generalista-precisa-de-saber\/"},"modified":"2014-11-25T01:00:00","modified_gmt":"2014-11-25T00:00:00","slug":"deteccao-precoce-de-psicoses-o-que-o-medico-generalista-precisa-de-saber","status":"publish","type":"post","link":"https:\/\/medizinonline.com\/pt-pt\/deteccao-precoce-de-psicoses-o-que-o-medico-generalista-precisa-de-saber\/","title":{"rendered":"Detec\u00e7\u00e3o precoce de psicoses &#8211; o que o m\u00e9dico generalista precisa de saber"},"content":{"rendered":"<p><strong>O reconhecimento precoce do in\u00edcio da psicose \u00e9 de grande import\u00e2ncia, pois a ajuda precoce pode prevenir consequ\u00eancias negativas e at\u00e9 mesmo a cronifica\u00e7\u00e3o da doen\u00e7a. Os centros especializados na detec\u00e7\u00e3o precoce desempenham um papel importante, mas os prestadores de cuidados prim\u00e1rios podem tamb\u00e9m reconhecer os sintomas precoces, reagir a eles em tempo \u00fatil e de forma adequada e, assim, melhorar decisivamente o curso e o progn\u00f3stico.  <\/strong><\/p>\n<p> <!--more--> <\/p>\n<p>As psicoses esquizofr\u00e9nicas s\u00e3o frequentemente caracterizadas por um in\u00edcio gradual e at\u00edpico. O diagn\u00f3stico e o tratamento s\u00e3o muitas vezes adiados at\u00e9 ao in\u00edcio completo dos sintomas. No entanto, graves consequ\u00eancias j\u00e1 ocorrem na fase ainda pr\u00e9-psic\u00f3tica e mesmo antes disso na chamada &#8220;fase prodromal&#8221; ainda n\u00e3o espec\u00edfica. A detec\u00e7\u00e3o precoce e a interven\u00e7\u00e3o precoce no in\u00edcio da psicose ajudam a minimizar as consequ\u00eancias negativas, incluindo as dificuldades pronunciadas nas esferas social e educacional ou ocupacional, bem como o risco de cursos graves e cronicizantes da doen\u00e7a.<\/p>\n<h2 id=\"inicio-gradual-e-atipico\">In\u00edcio gradual e at\u00edpico<\/h2>\n<p>As psicoses esquizofr\u00e9nicas come\u00e7am, em m\u00e9dia, v\u00e1rios anos antes de um primeiro diagn\u00f3stico ser feito. Um desenvolvimento gradual da psicose pode ser observado em cerca de 70% dos doentes com psicoses posteriores [1]: Nos primeiros anos, ocorrem principalmente prodromas ou sintomas prodromatos n\u00e3o caracter\u00edsticos, ou seja, mudan\u00e7as n\u00e3o espec\u00edficas que afectam a natureza, os sentimentos, o comportamento e o desempenho. Isto pode levar a uma perda de energia e interesse, problemas de concentra\u00e7\u00e3o, perturba\u00e7\u00f5es do sono e redu\u00e7\u00e3o da resili\u00eancia: Os doentes sentem-se de pele fina e mais sens\u00edveis do que antes, tudo fica &#8220;debaixo da pele&#8221;, t\u00eam dificuldade em concentrar-se e distraem-se rapidamente. Tamb\u00e9m t\u00eam pouca energia para lidar com a vida quotidiana e o seu interesse diminui, mesmo naquelas coisas que costumavam ser divertidas &#8211; j\u00e1 n\u00e3o s\u00e3o &#8220;simplesmente as mesmas&#8221;. Isto afecta geralmente os jovens que mostram um comportamento &#8220;de alguma forma diferente&#8221;: os afectados t\u00eam cada vez mais dificuldade em cumprir o seu papel anterior na fam\u00edlia, nas rela\u00e7\u00f5es de parceria e no trabalho &#8211; ocorre o t\u00edpico &#8220;torcicolo na linha da vida&#8221;.<\/p>\n<p>Nesta fase, as pessoas afectadas podem notar os chamados &#8220;sintomas b\u00e1sicos&#8221;, ou seja, subjectivamente, as defici\u00eancias de pensamento e fala e as mudan\u00e7as na percep\u00e7\u00e3o. Tais sinais pr\u00f3digos tornam-se frequentemente cada vez mais espec\u00edficos ao longo do tempo. Surge a desconfian\u00e7a e surgem interesses, ideias e percep\u00e7\u00f5es invulgares. Al\u00e9m disso, existem cada vez mais problemas interpessoais que podem levar ao afastamento social (ver estudo de caso).<\/p>\n<p><img fetchpriority=\"high\" decoding=\"async\" class=\" size-full wp-image-4876\" alt=\"\" src=\"https:\/\/medizinonline.com\/wp-content\/uploads\/2014\/11\/fallbeispiel_1.png\" style=\"height:549px; width:600px\" width=\"1100\" height=\"1007\" srcset=\"https:\/\/medizinonline.com\/wp-content\/uploads\/2014\/11\/fallbeispiel_1.png 1100w, https:\/\/medizinonline.com\/wp-content\/uploads\/2014\/11\/fallbeispiel_1-800x732.png 800w, https:\/\/medizinonline.com\/wp-content\/uploads\/2014\/11\/fallbeispiel_1-120x110.png 120w, https:\/\/medizinonline.com\/wp-content\/uploads\/2014\/11\/fallbeispiel_1-90x82.png 90w, https:\/\/medizinonline.com\/wp-content\/uploads\/2014\/11\/fallbeispiel_1-320x293.png 320w, https:\/\/medizinonline.com\/wp-content\/uploads\/2014\/11\/fallbeispiel_1-560x513.png 560w\" sizes=\"(max-width: 1100px) 100vw, 1100px\" \/><\/p>\n<p>\u00c0 medida que a doen\u00e7a progride, os sintomas podem tornar-se mais graves. Ocorrem sintomas psic\u00f3ticos de subthreshold, os chamados sintomas (pr\u00e9-)psic\u00f3ticos atenuados. Tais sintomas s\u00e3o precursores de perturba\u00e7\u00f5es do ego, del\u00edrios ou alucina\u00e7\u00f5es. Os pacientes sentem-se &#8220;como num filme&#8221; ou o seu pr\u00f3prio corpo sente-se de alguma forma estranho. Alguns doentes sentem-se vigiados e perseguidos. Contudo, falta aqui a convic\u00e7\u00e3o ilus\u00f3ria, o que significa que o crit\u00e9rio de ilus\u00e3o no sentido de uma convic\u00e7\u00e3o inalter\u00e1vel n\u00e3o est\u00e1 (ainda) cumprido nesta fase. Alguns pacientes percebem as cores e sons mais intensamente ou relatam outras percep\u00e7\u00f5es sensoriais estranhamente alteradas. No entanto, o crit\u00e9rio de uma alucina\u00e7\u00e3o no sentido de uma percep\u00e7\u00e3o sem uma base real n\u00e3o est\u00e1 (ainda) preenchido. Podem ocorrer alucina\u00e7\u00f5es isoladas breves e tempor\u00e1rias, tais como ouvir o seu pr\u00f3prio nome.<\/p>\n<p>Nesta &#8220;fase pr\u00e9-psic\u00f3tica&#8221;, tamb\u00e9m podem ocorrer sintomas psic\u00f3ticos tempor\u00e1rios, os chamados sintomas psic\u00f3ticos curtos, transit\u00f3rios e intermitentes. As perturba\u00e7\u00f5es do ego, del\u00edrios e alucina\u00e7\u00f5es s\u00e3o aqui apenas de curta dura\u00e7\u00e3o, tempor\u00e1ria (minutos a no m\u00e1ximo uma semana com remiss\u00e3o espont\u00e2nea). Se os sintomas se intensificarem ainda mais, pode ocorrer uma primeira descompensa\u00e7\u00e3o psic\u00f3tica com sintomas agudos persistentes tais como perturba\u00e7\u00f5es do pensamento, del\u00edrios ou alucina\u00e7\u00f5es <strong>(Fig. 1)<\/strong> [2].<\/p>\n<p><img decoding=\"async\" class=\"size-full wp-image-4877 lazyload\" alt=\"\" data-src=\"https:\/\/medizinonline.com\/wp-content\/uploads\/2014\/11\/abb1_hp11_s48.png\" style=\"--smush-placeholder-width: 1100px; --smush-placeholder-aspect-ratio: 1100\/808;height:440px; width:600px\" width=\"1100\" height=\"808\" data-srcset=\"https:\/\/medizinonline.com\/wp-content\/uploads\/2014\/11\/abb1_hp11_s48.png 1100w, https:\/\/medizinonline.com\/wp-content\/uploads\/2014\/11\/abb1_hp11_s48-800x588.png 800w, https:\/\/medizinonline.com\/wp-content\/uploads\/2014\/11\/abb1_hp11_s48-120x88.png 120w, https:\/\/medizinonline.com\/wp-content\/uploads\/2014\/11\/abb1_hp11_s48-90x66.png 90w, https:\/\/medizinonline.com\/wp-content\/uploads\/2014\/11\/abb1_hp11_s48-320x235.png 320w, https:\/\/medizinonline.com\/wp-content\/uploads\/2014\/11\/abb1_hp11_s48-560x411.png 560w\" data-sizes=\"(max-width: 1100px) 100vw, 1100px\" src=\"data:image\/svg+xml;base64,PHN2ZyB3aWR0aD0iMSIgaGVpZ2h0PSIxIiB4bWxucz0iaHR0cDovL3d3dy53My5vcmcvMjAwMC9zdmciPjwvc3ZnPg==\" \/><\/p>\n<h2 id=\"consequencias-de-uma-psicose-incipiente\">Consequ\u00eancias de uma psicose incipiente<\/h2>\n<p>J\u00e1 podem ocorrer consequ\u00eancias graves na fase inicial ainda n\u00e3o diagnosticada de uma doen\u00e7a psic\u00f3tica. Os humores depressivos, a falta de energia e de dinamismo, bem como o pensamento deficiente, a aten\u00e7\u00e3o e a concentra\u00e7\u00e3o conduzem frequentemente a uma diminui\u00e7\u00e3o do desempenho na escola, na universidade ou no trabalho, mesmo nas fases iniciais da psicose. As caracter\u00edsticas s\u00e3o a recep\u00e7\u00e3o e processamento de informa\u00e7\u00e3o frequentemente perturbado e uma maior irritabilidade. Juntamente com uma desconfian\u00e7a devida a doen\u00e7a, isto leva a um afastamento social geral.<\/p>\n<h2 id=\"o-que-faz-a-deteccao-precoce\">O que faz a detec\u00e7\u00e3o precoce?<\/h2>\n<p>Estudos demonstraram que a fase prodromal n\u00e3o espec\u00edfica dura, em m\u00e9dia, dois a cinco anos [3]. Mesmo que os sintomas psic\u00f3ticos j\u00e1 estejam presentes, leva em m\u00e9dia um a tr\u00eas anos at\u00e9 que a psicose seja diagnosticada e tratada. A detec\u00e7\u00e3o precoce permite uma avalia\u00e7\u00e3o atempada de um estado de risco de psicose ou o diagn\u00f3stico de psicose total, mas tamb\u00e9m uma avalia\u00e7\u00e3o diagn\u00f3stica diferencial.<\/p>\n<p>Detec\u00e7\u00e3o precoce em centros de detec\u00e7\u00e3o precoce: Os centros de detec\u00e7\u00e3o precoce, tais como a consulta de detec\u00e7\u00e3o precoce de psicoses (FePsy) nas Cl\u00ednicas Psiqui\u00e1tricas Universit\u00e1rias (UPK) Basileia oferecem avalia\u00e7\u00e3o e aconselhamento abrangente, individual e ambulatorial a pessoas que procuram ajuda [4]. Avalia-se se os sintomas relatados pelos pacientes podem ser os primeiros sinais de uma psicose incipiente ou mesmo se j\u00e1 preenchem os crit\u00e9rios de descompensa\u00e7\u00e3o psic\u00f3tica. Isto tamb\u00e9m tem em conta se existe um risco gen\u00e9tico, ou seja, se um parente pr\u00f3ximo do paciente \u00e9 afectado por uma doen\u00e7a psic\u00f3tica.<\/p>\n<p>Para a entrevista cl\u00ednica, s\u00e3o utilizados procedimentos de diagn\u00f3stico cl\u00ednico especialmente desenvolvidos na consulta FePsy, tais como o &#8220;Basel Screening Instrument for Psychoses&#8221; (BSIP) [5] e a &#8220;Basel Interview for Psychoses&#8221; (BIP) [6].<\/p>\n<p>Atrav\u00e9s de esclarecimentos adicionais (exame psiqui\u00e1trico-psicol\u00f3gico completo incluindo testes neuropsicol\u00f3gicos, EEG, resson\u00e2ncia magn\u00e9tica do c\u00e9rebro, testes laboratoriais), o estado de risco dos pacientes pode ser avaliado de forma mais fi\u00e1vel ou o diagn\u00f3stico feito pode ser confirmado e as poss\u00edveis causas determinadas. Al\u00e9m disso, com a ajuda destes procedimentos de diagn\u00f3stico, outras doen\u00e7as com sintomas semelhantes, tais como TDAH, depress\u00e3o ou epilepsia do l\u00f3bulo temporal, podem ser exclu\u00eddas para o diagn\u00f3stico diferencial. Com base nos resultados dos exames, \u00e9 elaborado um plano de terapia individual para cada paciente e s\u00e3o iniciadas medidas apropriadas &#8211; se desejado, em coopera\u00e7\u00e3o com o m\u00e9dico que o encaminhou.<\/p>\n<p>Detec\u00e7\u00e3o precoce pelo prestador de cuidados prim\u00e1rios: A &#8220;Lista de verifica\u00e7\u00e3o de risco de psicoses&#8221; foi desenvolvida especialmente para prestadores de cuidados prim\u00e1rios como parte da consulta FePsy de Basileia <strong>(Fig. 2)<\/strong> [7].<\/p>\n<p><img decoding=\"async\" class=\"size-full wp-image-4878 lazyload\" alt=\"\" data-src=\"https:\/\/medizinonline.com\/wp-content\/uploads\/2014\/11\/abb2_hp11_s49.png\" style=\"--smush-placeholder-width: 1100px; --smush-placeholder-aspect-ratio: 1100\/1479;height:807px; width:600px\" width=\"1100\" height=\"1479\" data-srcset=\"https:\/\/medizinonline.com\/wp-content\/uploads\/2014\/11\/abb2_hp11_s49.png 1100w, https:\/\/medizinonline.com\/wp-content\/uploads\/2014\/11\/abb2_hp11_s49-800x1076.png 800w, https:\/\/medizinonline.com\/wp-content\/uploads\/2014\/11\/abb2_hp11_s49-120x160.png 120w, https:\/\/medizinonline.com\/wp-content\/uploads\/2014\/11\/abb2_hp11_s49-90x120.png 90w, https:\/\/medizinonline.com\/wp-content\/uploads\/2014\/11\/abb2_hp11_s49-320x430.png 320w, https:\/\/medizinonline.com\/wp-content\/uploads\/2014\/11\/abb2_hp11_s49-560x753.png 560w\" data-sizes=\"(max-width: 1100px) 100vw, 1100px\" src=\"data:image\/svg+xml;base64,PHN2ZyB3aWR0aD0iMSIgaGVpZ2h0PSIxIiB4bWxucz0iaHR0cDovL3d3dy53My5vcmcvMjAwMC9zdmciPjwvc3ZnPg==\" \/><\/p>\n<p>Este question\u00e1rio permite uma avalia\u00e7\u00e3o simples e r\u00e1pida na pr\u00e1tica do m\u00e9dico de fam\u00edlia se existe um risco de psicose e \u00e9 indicado um encaminhamento para uma consulta de rastreio. Existe tamb\u00e9m uma ferramenta de auto-avalia\u00e7\u00e3o correspondente, a &#8220;s\u00edndrome do ecr\u00e3 autom\u00e1tico&#8221; <strong>(Fig. 3)<\/strong> [8]. Estes question\u00e1rios ajudam a evitar que os sintomas dos adolescentes sejam erradamente descartados como uma &#8220;crise adolescente&#8221; ou &#8211; mesmo em adultos &#8211; sejam diagnosticados superficialmente apenas como depress\u00e3o.<\/p>\n<p><img decoding=\"async\" class=\"size-full wp-image-4879 lazyload\" alt=\"\" data-src=\"https:\/\/medizinonline.com\/wp-content\/uploads\/2014\/11\/abb3_hp11_s50.png\" style=\"--smush-placeholder-width: 1100px; --smush-placeholder-aspect-ratio: 1100\/1500;height:818px; width:600px\" width=\"1100\" height=\"1500\" data-srcset=\"https:\/\/medizinonline.com\/wp-content\/uploads\/2014\/11\/abb3_hp11_s50.png 1100w, https:\/\/medizinonline.com\/wp-content\/uploads\/2014\/11\/abb3_hp11_s50-800x1091.png 800w, https:\/\/medizinonline.com\/wp-content\/uploads\/2014\/11\/abb3_hp11_s50-120x164.png 120w, https:\/\/medizinonline.com\/wp-content\/uploads\/2014\/11\/abb3_hp11_s50-90x123.png 90w, https:\/\/medizinonline.com\/wp-content\/uploads\/2014\/11\/abb3_hp11_s50-320x436.png 320w, https:\/\/medizinonline.com\/wp-content\/uploads\/2014\/11\/abb3_hp11_s50-560x764.png 560w\" data-sizes=\"(max-width: 1100px) 100vw, 1100px\" src=\"data:image\/svg+xml;base64,PHN2ZyB3aWR0aD0iMSIgaGVpZ2h0PSIxIiB4bWxucz0iaHR0cDovL3d3dy53My5vcmcvMjAwMC9zdmciPjwvc3ZnPg==\" \/><\/p>\n<h2 id=\"intervencao-precoce\">Interven\u00e7\u00e3o precoce<\/h2>\n<p>De acordo com as \u00faltimas descobertas, \u00e9 oferecido um tratamento espec\u00edfico por fases no \u00e2mbito de programas de interven\u00e7\u00e3o precoce. Deve ser feita uma distin\u00e7\u00e3o entre o tratamento de pacientes com um primeiro epis\u00f3dio psic\u00f3tico completo e interven\u00e7\u00f5es para pacientes em risco numa fase potencialmente pr\u00f3droma.<\/p>\n<p>Interven\u00e7\u00e3o precoce em doentes em risco: As interven\u00e7\u00f5es para pessoas em risco acrescido de desenvolver psicose devem ser feitas com muito cuidado e n\u00e3o devem (ainda) incluir medica\u00e7\u00e3o antipsic\u00f3tica com neurol\u00e9pticos [9]. O estabelecimento de uma rela\u00e7\u00e3o terap\u00eautica sustent\u00e1vel, assist\u00eancia com problemas agudos de sa\u00fade mental (por exemplo, medidas para reduzir o stress e apoio dos assistentes sociais) e, sobretudo, uma muito boa psicoeduca\u00e7\u00e3o e, se necess\u00e1rio, uma gest\u00e3o de casos cognitivo-comportamentais deve estar em primeiro plano. Qualquer medica\u00e7\u00e3o deve ser orientada para os sintomas, por exemplo, antidepressivos para estados de humor depressivos ou dist\u00farbios do sono.<\/p>\n<p>Interven\u00e7\u00e3o precoce para quem sofre de psicose pela primeira vez: No caso de uma descompensa\u00e7\u00e3o psic\u00f3tica claramente diagnosticada, \u00e9 indicado o uso precoce de neurol\u00e9pticos. Conversas de apoio, psicoeduca\u00e7\u00e3o, programas de treino neuropsicol\u00f3gico e, se poss\u00edvel, terapia cognitiva comportamental espec\u00edfica para os que sofrem pela primeira vez, devem ser utilizadas como acompanhamento. Tamb\u00e9m aqui, uma rela\u00e7\u00e3o terap\u00eautica est\u00e1vel com o paciente e os seus familiares \u00e9 de import\u00e2ncia central, sobretudo para assegurar a conformidade com os medicamentos e para reduzir o risco de reca\u00edda.<\/p>\n<h2 id=\"conclusoes\">Conclus\u00f5es<\/h2>\n<p>As psicoses esquizofr\u00e9nicas s\u00e3o doen\u00e7as mentais potencialmente graves, mas agora s\u00e3o relativamente control\u00e1veis se detectadas precocemente e tratadas adequadamente. Nestas condi\u00e7\u00f5es, muitas pessoas afectadas podem voltar a levar uma vida &#8220;normal&#8221; e cumprir os seus v\u00e1rios pap\u00e9is sociais. Um acompanhamento terap\u00eautico mais longo \u00e9 de grande import\u00e2ncia para uma reentrada t\u00e3o bem sucedida na vida.<\/p>\n<p>Este artigo \u00e9 baseado em Riecher-R\u00f6ssler (2014) [10].<\/p>\n<p><strong>Prof. Dra. med. Anita Riecher-R\u00f6ssler<br \/>\nMSc Fabienne Soguel-dit-Piquard<\/strong><\/p>\n<p>\n<em>Literatura:<\/em><\/p>\n<ol>\n<li>Klosterk\u00f6tter J, et al: Diagnosticar esquizofrenia na fase prodr\u00f3mica inicial. Arch Gen Psychiatry 2001; 58: 158-164.<\/li>\n<li>Borgwardt S, et al.: Early detection and early treatment of psychoses: Preventing serious consequences of the disease. INFO Neurologia &amp; Psiquiatria 2010; 8: 6-10.<\/li>\n<li>Riecher-R\u00f6ssler A, et al: Detec\u00e7\u00e3o e tratamento precoces da esquizofrenia: qu\u00e3o cedo? Acta Psychiatr Scand 2006; 113 (Suppl 429): 73-80.<\/li>\n<li>Riecher-R\u00f6ssler A, et al.: Predi\u00e7\u00e3o de psicoses por avalia\u00e7\u00e3o passo a passo a v\u00e1rios n\u00edveis &#8211; O Projecto Fepsy de Basileia. Fortschr Neurol Psychiatr 2013; 81(5): 265-275.<\/li>\n<li>Riecher-R\u00f6ssler A, et al.: The Basel Screening Instrument for Psychosis (BSIP): desenvolvimento, estrutura, fiabilidade e validade. Fortschr Neurol Psiquiatra 2008; 76(4): 207-216.<\/li>\n<li>Riecher-R\u00f6ssler A, et al: The Basel Interview for Psychosis: estrutura, fiabilidade e validade. Schizophr Res 2014; 153 (Suppl 1): S128.<\/li>\n<li>Aston J, Gschwandtner U, Riecher-R\u00f6ssler A: Rastreio para a detec\u00e7\u00e3o precoce de psicoses esquizofr\u00e9nicas na pr\u00e1tica geral. Swiss Med Forum 2002; 41: 971-974.<\/li>\n<li>Kammermann J, Stieglietz RD, Riecher-R\u00f6ssler A: &#8220;S\u00edndrome de auto-avalia\u00e7\u00e3o&#8221; &#8211; Uma ferramenta de auto-avalia\u00e7\u00e3o para a detec\u00e7\u00e3o precoce de doen\u00e7as mentais e psicose. Fortschr Neurol Psiquiatra 2009; 77: 278-284.<\/li>\n<li>Fusar-Poli P, et al: The psychosis high-risk state: a comprehensive state-of-the-art-review. JAMA Psychiatry 2013; 70(1): 107-120.<\/li>\n<li>Riecher-R\u00f6ssler A: Detec\u00e7\u00e3o precoce e interven\u00e7\u00e3o precoce em psicoses incipientes. NeuroTransmitter [im Druck].<\/li>\n<\/ol>\n<p>&nbsp;<\/p>\n<p><strong>CONCLUS\u00c3O PARA A PR\u00c1TICA<\/strong><\/p>\n<ul>\n<li>As psicoses mostram frequentemente um in\u00edcio insidioso com sintomas n\u00e3o espec\u00edficos.<\/li>\n<li>As graves consequ\u00eancias j\u00e1 ocorrem nas fases iniciais.<\/li>\n<li>A detec\u00e7\u00e3o precoce ajuda a prevenir a descompensa\u00e7\u00e3o psic\u00f3tica ou a cronicidade da doen\u00e7a.<\/li>\n<li>As listas de controlo de risco ajudam na detec\u00e7\u00e3o precoce.<\/li>\n<li>A interven\u00e7\u00e3o precoce permite \u00e0s pessoas encontrar o seu caminho de volta a uma vida normal.<\/li>\n<\/ul>\n<p>\n<strong><em>UM RETENIR<\/em><\/strong><\/p>\n<ul>\n<li><em>Les psychoses pr\u00e9sentent souvent un d\u00e9but insidieux avec des sympt\u00f4mes non sp\u00e9cifiques.<\/em><\/li>\n<li><em>Les cons\u00e9quences n\u00e9fastes apparaissent d\u00e8s la phase initiale.<\/em><\/li>\n<li><em>Le diagnostique pr\u00e9coce contribue \u00e0 la pr\u00e9vention d&#8217;une d\u00e9compensation psychotique ou d&#8217;une chronicisation de la maladie.<\/em><\/li>\n<li><em>Les check-lists des risques aident au diagnostic pr\u00e9coce.<\/em><\/li>\n<li><em>Une intervention pr\u00e9coce permet de retrouver une vie normale.<\/em><\/li>\n<\/ul>\n<p>&nbsp;<\/p>\n<p><em>PR\u00c1TICA DO GP 2014; 9(11): 47-52<\/em><\/p>\n","protected":false},"excerpt":{"rendered":"<p>O reconhecimento precoce do in\u00edcio da psicose \u00e9 de grande import\u00e2ncia, pois a ajuda precoce pode prevenir consequ\u00eancias negativas e at\u00e9 mesmo a cronifica\u00e7\u00e3o da doen\u00e7a. Os centros especializados na&hellip;<\/p>\n","protected":false},"author":7,"featured_media":47847,"comment_status":"closed","ping_status":"","sticky":false,"template":"","format":"standard","meta":{"_acf_changed":false,"pmpro_default_level":"","cat_1_feature_home_top":false,"cat_2_editor_pick":false,"csco_eyebrow_text":"Decisivo para o curso e progn\u00f3stico de doen\u00e7as psic\u00f3ticas","footnotes":""},"category":[11524,11481,11551],"tags":[],"powerkit_post_featured":[],"class_list":["post-344165","post","type-post","status-publish","format-standard","has-post-thumbnail","category-formacao-continua","category-psiquiatria-e-psicoterapia","category-rx-pt","pmpro-has-access"],"acf":[],"publishpress_future_action":{"enabled":false,"date":"2026-05-05 09:17:38","action":"change-status","newStatus":"draft","terms":[],"taxonomy":"category","extraData":[]},"publishpress_future_workflow_manual_trigger":{"enabledWorkflows":[]},"wpml_current_locale":"pt_PT","wpml_translations":{"es_ES":{"locale":"es_ES","id":344169,"slug":"deteccion-precoz-de-las-psicosis-lo-que-el-medico-general-debe-saber","post_title":"Detecci\u00f3n precoz de las psicosis: lo que el m\u00e9dico general debe saber","href":"https:\/\/medizinonline.com\/es\/deteccion-precoz-de-las-psicosis-lo-que-el-medico-general-debe-saber\/"}},"_links":{"self":[{"href":"https:\/\/medizinonline.com\/pt-pt\/wp-json\/wp\/v2\/posts\/344165","targetHints":{"allow":["GET"]}}],"collection":[{"href":"https:\/\/medizinonline.com\/pt-pt\/wp-json\/wp\/v2\/posts"}],"about":[{"href":"https:\/\/medizinonline.com\/pt-pt\/wp-json\/wp\/v2\/types\/post"}],"author":[{"embeddable":true,"href":"https:\/\/medizinonline.com\/pt-pt\/wp-json\/wp\/v2\/users\/7"}],"replies":[{"embeddable":true,"href":"https:\/\/medizinonline.com\/pt-pt\/wp-json\/wp\/v2\/comments?post=344165"}],"version-history":[{"count":0,"href":"https:\/\/medizinonline.com\/pt-pt\/wp-json\/wp\/v2\/posts\/344165\/revisions"}],"wp:featuredmedia":[{"embeddable":true,"href":"https:\/\/medizinonline.com\/pt-pt\/wp-json\/wp\/v2\/media\/47847"}],"wp:attachment":[{"href":"https:\/\/medizinonline.com\/pt-pt\/wp-json\/wp\/v2\/media?parent=344165"}],"wp:term":[{"taxonomy":"category","embeddable":true,"href":"https:\/\/medizinonline.com\/pt-pt\/wp-json\/wp\/v2\/category?post=344165"},{"taxonomy":"post_tag","embeddable":true,"href":"https:\/\/medizinonline.com\/pt-pt\/wp-json\/wp\/v2\/tags?post=344165"},{"taxonomy":"powerkit_post_featured","embeddable":true,"href":"https:\/\/medizinonline.com\/pt-pt\/wp-json\/wp\/v2\/powerkit_post_featured?post=344165"}],"curies":[{"name":"wp","href":"https:\/\/api.w.org\/{rel}","templated":true}]}}