{"id":344833,"date":"2014-09-11T10:40:10","date_gmt":"2014-09-11T08:40:10","guid":{"rendered":"https:\/\/medizinonline.com\/areata-alopecia-temporal\/"},"modified":"2014-09-11T10:40:10","modified_gmt":"2014-09-11T08:40:10","slug":"areata-alopecia-temporal","status":"publish","type":"post","link":"https:\/\/medizinonline.com\/pt-pt\/areata-alopecia-temporal\/","title":{"rendered":"Areata alopecia temporal?"},"content":{"rendered":"<p><strong><em>Relato de caso: <\/em>Aos dois anos de idade, os pais da menina de agora dez anos de idade notaram pela primeira vez uma \u00e1rea sem cabelo temporalmente no lado esquerdo. No in\u00edcio, este ponto careca tinha aumentado ligeiramente, mas depois cresceu sempre proporcionalmente \u00e0 medida que avan\u00e7ava. N\u00e3o houve comich\u00e3o, descama\u00e7\u00e3o ou vermelhid\u00e3o do couro cabeludo em nenhum momento. A rapariga \u00e9 saud\u00e1vel, mas agora sente-se cada vez mais perturbada pela \u00e1rea sem cabelo. O exame mostra uma alopecia oval de 3,5 \u00d7 1,5 cm no lado temporal esquerdo (Fig. 1a). Na dermoscopia, foram detectadas aberturas inconsp\u00edcuas de fol\u00edculos capilares com numerosos p\u00ealos v\u00e9licos (Fig. 1b). A \u00e1rea alop\u00e9cica est\u00e1 rodeada por cabelos terminais normais.<\/strong><\/p>\n<p> <!--more--> <\/p>\n<p><img fetchpriority=\"high\" decoding=\"async\" class=\" size-full wp-image-4395\" alt=\"\" src=\"https:\/\/medizinonline.com\/wp-content\/uploads\/2014\/09\/abb1_dp4_s20.png\" style=\"height:305px; width:600px\" width=\"1100\" height=\"559\" srcset=\"https:\/\/medizinonline.com\/wp-content\/uploads\/2014\/09\/abb1_dp4_s20.png 1100w, https:\/\/medizinonline.com\/wp-content\/uploads\/2014\/09\/abb1_dp4_s20-800x407.png 800w, https:\/\/medizinonline.com\/wp-content\/uploads\/2014\/09\/abb1_dp4_s20-120x61.png 120w, https:\/\/medizinonline.com\/wp-content\/uploads\/2014\/09\/abb1_dp4_s20-90x46.png 90w, https:\/\/medizinonline.com\/wp-content\/uploads\/2014\/09\/abb1_dp4_s20-320x163.png 320w, https:\/\/medizinonline.com\/wp-content\/uploads\/2014\/09\/abb1_dp4_s20-560x285.png 560w\" sizes=\"(max-width: 1100px) 100vw, 1100px\" \/><\/p>\n<p><strong>Question\u00e1rio:<\/strong><br \/>\nCom base nesta informa\u00e7\u00e3o, qual \u00e9 o diagn\u00f3stico mais prov\u00e1vel?<br \/>\nA&nbsp; Alopecia areata<br \/>\nB&nbsp; Morfema linear (&#8220;en coup de sabre&#8221;)<br \/>\nC&nbsp; Alopecia triangularis congenita<br \/>\nD&nbsp; Trichotillomania<\/p>\n<p><strong>Diagn\u00f3stico e discuss\u00e3o:<\/strong> O paciente apresenta os resultados t\u00edpicos da alopecia triangularis congenita (ATC, &#8220;alopecia triangular temporal&#8221;). A primeira manifesta\u00e7\u00e3o na inf\u00e2ncia, a localiza\u00e7\u00e3o caracter\u00edstica lateral aos cantos da linha do cabelo recuado com uma forma triangular sugerida sem evid\u00eancia de atrofia ou envolvimento epid\u00e9rmico s\u00e3o indicativas. O ATC \u00e9 raro mas provavelmente subdiagnosticado e, embora cong\u00e9nito, muitas vezes s\u00f3 \u00e9 notado quando o p\u00ealo da crian\u00e7a muda para p\u00ealo terminal entre os dois e os quatro anos de idade [1]. O diagn\u00f3stico pode ser confirmado dermatoscopicamente e diferenciado dos diagn\u00f3sticos diferenciais acima mencionados. O ATC \u00e9 caracterizado por fol\u00edculos preservados com p\u00ealos exclusivamente v\u00e9licos [2]. Sinais de cicatrizes, como os encontrados em aplasia cutis congenita ou morphea, est\u00e3o ausentes. Do mesmo modo, n\u00e3o h\u00e1 evid\u00eancia de ponto de exclama\u00e7\u00e3o ou p\u00ealos de cad\u00e1veres como em alopecia areata ou p\u00ealos partidos como em trichotillomania ou alopecia de trac\u00e7\u00e3o.<\/p>\n<p>Tal como no nosso paciente, um contorno oval, triangular ou em forma de lanceta da alopecia aparece no couro cabeludo temporal, geralmente unilateralmente, raramente bilateralmente, que cresce proporcionalmente com a crian\u00e7a e persiste ao longo da vida [3]. Ocasionalmente, \u00e9 encontrado um tufo central de cabelo (&#8220;tufo central de cabelo&#8221;).  <img decoding=\"async\" class=\"size-full wp-image-4396 lazyload\" alt=\"\" data-src=\"https:\/\/medizinonline.com\/wp-content\/uploads\/2014\/09\/abb2_dp4_s21.png\" style=\"--smush-placeholder-width: 600px; --smush-placeholder-aspect-ratio: 600\/524;height:524px; width:600px\" width=\"600\" height=\"524\" data-srcset=\"https:\/\/medizinonline.com\/wp-content\/uploads\/2014\/09\/abb2_dp4_s21.png 600w, https:\/\/medizinonline.com\/wp-content\/uploads\/2014\/09\/abb2_dp4_s21-120x105.png 120w, https:\/\/medizinonline.com\/wp-content\/uploads\/2014\/09\/abb2_dp4_s21-90x79.png 90w, https:\/\/medizinonline.com\/wp-content\/uploads\/2014\/09\/abb2_dp4_s21-320x279.png 320w, https:\/\/medizinonline.com\/wp-content\/uploads\/2014\/09\/abb2_dp4_s21-560x489.png 560w\" data-sizes=\"(max-width: 600px) 100vw, 600px\" src=\"data:image\/svg+xml;base64,PHN2ZyB3aWR0aD0iMSIgaGVpZ2h0PSIxIiB4bWxucz0iaHR0cDovL3d3dy53My5vcmcvMjAwMC9zdmciPjwvc3ZnPg==\" \/><\/p>\n<p>O ATC foi descrito pela primeira vez por Sabouraud em 1905 [5]. A etiologia permanece desconhecida; suspeita-se de um mosaico cut\u00e2neo com interac\u00e7\u00e3o epitelial-mesquimal anormal [3]. Com poucas excep\u00e7\u00f5es, o ATC ocorre esporadicamente. Raparigas e rapazes s\u00e3o afectados com igual frequ\u00eancia [1].<\/p>\n<p>Em crian\u00e7as com alopecia local cong\u00e9nita com cr\u00e2nio curto (braquicefalia) e possivelmente acompanhadas de anomalias neurol\u00f3gicas (disfun\u00e7\u00e3o cerebelar, anestesia do trig\u00e9meo com aus\u00eancia de reflexo da c\u00f3rnea, perturba\u00e7\u00f5es do desenvolvimento), o raro diagn\u00f3stico diferencial da s\u00edndrome de Gomez-Lopez-Hernandez (displasia d\u00e9rmica cerebelo-trig\u00e9mica com rhombencefalosinapse) tamb\u00e9m deve ser considerado [6].<\/p>\n<p>Se o tratamento for desejado, um procedimento cir\u00fargico pl\u00e1stico com excis\u00e3o ou transplante capilar pode ser considerado terapeuticamente para o ATC.<br \/>\nO conhecimento desta forma caracter\u00edstica de alopecia localizada contribui decisivamente para tranquilizar os doentes afectados e as suas fam\u00edlias e para evitar terapias desnecess\u00e1rias.<\/p>\n<p><em><strong>Alexandra Smith<br \/>\nMartin Theiler, MD<br \/>\nRegula W\u00e4lchli, MD<br \/>\nLisa Weibel, MD<\/strong><\/em><\/p>\n<h5 id=\"literatura\"><strong>Literatura:<\/strong><\/h5>\n<ol>\n<li>Lacarrubba F, Micali G: Alopecia triangular cong\u00e9nita. Relat\u00f3rios de casos BMJ 2014; 2014.<\/li>\n<li>Inui S, Nakajima T, Itami S: Alopecia triangular temporal: diagn\u00f3stico tricosc\u00f3pico. The Journal of Dermatology 2012; 39: 572-574.<\/li>\n<li>Yamazaki M, Irisawa R, Tsuboi R: Alopecia triangular temporal e uma revis\u00e3o de 52 casos passados. The Journal of Dermatology 2010; 37: 360-362.<\/li>\n<li>Assouly P, Happle R: Um paradoxo cabeludo: alopecia triangular cong\u00e9nita com um tufo central de cabelo. Dermatologia 2010; 221: 107-109.<\/li>\n<li>Sabouraud R: Manuel \u00c9l\u00e9mentaire de Dematologie Topographique R\u00e9gionale. Paris 1905.<\/li>\n<li>Purvis DJ, et al: s\u00edndrome de Gomez-Lopez-Hernandez: outra considera\u00e7\u00e3o na alopecia cong\u00e9nita focal. The British journal of Dermatology 2007; 157: 196-198.<\/li>\n<\/ol>\n<h5 id=\"dermatologie-praxis-2014-244-20-21\"><em>DERMATOLOGIE PRAXIS 2014; 24(4): 20-21<\/em><\/h5>\n","protected":false},"excerpt":{"rendered":"<p>Relato de caso: Aos dois anos de idade, os pais da menina de agora dez anos de idade notaram pela primeira vez uma \u00e1rea sem cabelo temporalmente no lado esquerdo.&hellip;<\/p>\n","protected":false},"author":7,"featured_media":46082,"comment_status":"closed","ping_status":"","sticky":false,"template":"","format":"standard","meta":{"_acf_changed":false,"pmpro_default_level":"","cat_1_feature_home_top":false,"cat_2_editor_pick":false,"csco_eyebrow_text":"\u00c1rea sem cabelos numa menina de dez anos","footnotes":""},"category":[11356,11524,11450,11551],"tags":[19942,51439,51448,12265],"powerkit_post_featured":[],"class_list":["post-344833","post","type-post","status-publish","format-standard","has-post-thumbnail","category-dermatologia-e-venereologia-pt-pt","category-formacao-continua","category-pediatria-pt-pt","category-rx-pt","tag-alopecia-pt-pt-2","tag-alopecia-areata-pt-pt","tag-atc-pt-pt","tag-queda-de-cabelo","pmpro-has-access"],"acf":[],"publishpress_future_action":{"enabled":false,"date":"2026-05-08 11:11:50","action":"change-status","newStatus":"draft","terms":[],"taxonomy":"category","extraData":[]},"publishpress_future_workflow_manual_trigger":{"enabledWorkflows":[]},"wpml_current_locale":"pt_PT","wpml_translations":{"es_ES":{"locale":"es_ES","id":344840,"slug":"alopecia-areata-temporal","post_title":"\u00bfAlopecia areata temporal?","href":"https:\/\/medizinonline.com\/es\/alopecia-areata-temporal\/"}},"_links":{"self":[{"href":"https:\/\/medizinonline.com\/pt-pt\/wp-json\/wp\/v2\/posts\/344833","targetHints":{"allow":["GET"]}}],"collection":[{"href":"https:\/\/medizinonline.com\/pt-pt\/wp-json\/wp\/v2\/posts"}],"about":[{"href":"https:\/\/medizinonline.com\/pt-pt\/wp-json\/wp\/v2\/types\/post"}],"author":[{"embeddable":true,"href":"https:\/\/medizinonline.com\/pt-pt\/wp-json\/wp\/v2\/users\/7"}],"replies":[{"embeddable":true,"href":"https:\/\/medizinonline.com\/pt-pt\/wp-json\/wp\/v2\/comments?post=344833"}],"version-history":[{"count":0,"href":"https:\/\/medizinonline.com\/pt-pt\/wp-json\/wp\/v2\/posts\/344833\/revisions"}],"wp:featuredmedia":[{"embeddable":true,"href":"https:\/\/medizinonline.com\/pt-pt\/wp-json\/wp\/v2\/media\/46082"}],"wp:attachment":[{"href":"https:\/\/medizinonline.com\/pt-pt\/wp-json\/wp\/v2\/media?parent=344833"}],"wp:term":[{"taxonomy":"category","embeddable":true,"href":"https:\/\/medizinonline.com\/pt-pt\/wp-json\/wp\/v2\/category?post=344833"},{"taxonomy":"post_tag","embeddable":true,"href":"https:\/\/medizinonline.com\/pt-pt\/wp-json\/wp\/v2\/tags?post=344833"},{"taxonomy":"powerkit_post_featured","embeddable":true,"href":"https:\/\/medizinonline.com\/pt-pt\/wp-json\/wp\/v2\/powerkit_post_featured?post=344833"}],"curies":[{"name":"wp","href":"https:\/\/api.w.org\/{rel}","templated":true}]}}