{"id":344977,"date":"2014-06-27T00:00:00","date_gmt":"2014-06-26T22:00:00","guid":{"rendered":"https:\/\/medizinonline.com\/o-que-e-importante-no-diagnostico-e-tratamento-das-crises-epilepticas\/"},"modified":"2014-06-27T00:00:00","modified_gmt":"2014-06-26T22:00:00","slug":"o-que-e-importante-no-diagnostico-e-tratamento-das-crises-epilepticas","status":"publish","type":"post","link":"https:\/\/medizinonline.com\/pt-pt\/o-que-e-importante-no-diagnostico-e-tratamento-das-crises-epilepticas\/","title":{"rendered":"O que \u00e9 importante no diagn\u00f3stico e tratamento das crises epil\u00e9pticas?"},"content":{"rendered":"<p><strong>Cerca de 5% de todas as pessoas sofrem uma convuls\u00e3o epil\u00e9ptica durante a sua vida. Pouco menos de 1% da popula\u00e7\u00e3o desenvolve epilepsia no decurso das suas vidas. Na Su\u00ed\u00e7a, esta popula\u00e7\u00e3o \u00e9 de cerca de 70.000 pessoas, com a incid\u00eancia a aumentar com a idade.<\/strong><\/p>\n<p> <!--more--> <\/p>\n<p>Para um diagn\u00f3stico correcto, uma imagem adequada &#8211; excepto em algumas epilepsia idiop\u00e1tica generalizada da inf\u00e2ncia &#8211; \u00e9 crucial. Especialmente no caso de epilepsia focal dif\u00edcil de controlar com medica\u00e7\u00e3o, que representa cerca de um ter\u00e7o de todas as epilepsia, os diagn\u00f3sticos de resson\u00e2ncia magn\u00e9tica de alta resolu\u00e7\u00e3o s\u00e3o extremamente importantes e formam a base para decidir se a cirurgia de epilepsia deve ou n\u00e3o ser considerada. O protocolo de RM recomendado pela Sec\u00e7\u00e3o Alem\u00e3 da Liga Internacional contra a Epilepsia \u00e9 uma base muito \u00fatil para detectar as les\u00f5es muitas vezes muito pequenas e \u00e9 apresentado pelo PD Dr. Stephan Meckel e colegas de Friburgo.&nbsp;<\/p>\n<p>O objectivo do tratamento moderno da epilepsia \u00e9 manter o paciente livre de convuls\u00f5es, sem preju\u00edzo significativo da qualidade de vida devido a efeitos secund\u00e1rios. Uma epilepsia \u00e9 considerada refract\u00e1ria quando uma tentativa adequada de terapia com dois medicamentos antiepil\u00e9pticos tolerados e adequadamente seleccionados n\u00e3o resultou em liberdade duradoura contra convuls\u00f5es. A conformidade do paciente \u00e9 muito importante para avaliar a efic\u00e1cia da terapia medicamentosa. A fim de alcan\u00e7ar o maior cumprimento poss\u00edvel, \u00e9 necess\u00e1ria informa\u00e7\u00e3o abrangente e envolvimento activo do paciente nos processos de tomada de decis\u00f5es terap\u00eauticas, que se reflectem nos mais recentes termos de ades\u00e3o e concord\u00e2ncia na terapia de epilepsia. O trabalho do Dr. med. Thomas Dorn trata da terminologia bem como do seu significado em termos de conte\u00fado. Em caso de suspeita de defici\u00eancias de conformidade e ader\u00eancia, a determina\u00e7\u00e3o das concentra\u00e7\u00f5es s\u00e9ricas dos anticonvulsivos pode ser \u00fatil antes de um medicamento ser classificado como ineficaz. Se for encontrada uma les\u00e3o na epilepsia focal durante o diagn\u00f3stico de resson\u00e2ncia magn\u00e9tica de alta resolu\u00e7\u00e3o e n\u00e3o for poss\u00edvel obter liberdade de convuls\u00f5es com medicamentos, n\u00e3o \u00e9 aconselh\u00e1vel esperar muito tempo antes de encaminhar o paciente para um centro de cirurgia de epilepsia para esclarecimento de uma poss\u00edvel terapia de epilepsia cir\u00fargica.<\/p>\n<p><em><strong>Prof. Dr. med. Barbara Tettenborn<\/strong><\/em><\/p>\n<p><em>InFo NEUROLOGIA &amp; PSYCHIATRY 2014; 12(4): 1<\/em><\/p>\n","protected":false},"excerpt":{"rendered":"<p>Cerca de 5% de todas as pessoas sofrem uma convuls\u00e3o epil\u00e9ptica durante a sua vida. Pouco menos de 1% da popula\u00e7\u00e3o desenvolve epilepsia no decurso das suas vidas. Na Su\u00ed\u00e7a,&hellip;<\/p>\n","protected":false},"author":4,"featured_media":45332,"comment_status":"closed","ping_status":"","sticky":false,"template":"","format":"standard","meta":{"_acf_changed":false,"pmpro_default_level":"","cat_1_feature_home_top":false,"cat_2_editor_pick":false,"csco_eyebrow_text":"Ataques epil\u00e9pticos - uma vis\u00e3o geral","footnotes":""},"category":[11524,11374,11551],"tags":[15736,25836,51940,51946,11785,27354],"powerkit_post_featured":[],"class_list":["post-344977","post","type-post","status-publish","format-standard","has-post-thumbnail","category-formacao-continua","category-neurologia-pt-pt","category-rx-pt","tag-acumulacao","tag-anticonvulsivantes","tag-crise-de-epilepsia","tag-diagnosticos-de-apreensao","tag-epilepsia","tag-mri-pt-pt-2","pmpro-has-access"],"acf":[],"publishpress_future_action":{"enabled":false,"date":"2026-05-04 05:55:45","action":"change-status","newStatus":"draft","terms":[],"taxonomy":"category","extraData":[]},"publishpress_future_workflow_manual_trigger":{"enabledWorkflows":[]},"wpml_current_locale":"pt_PT","wpml_translations":{"es_ES":{"locale":"es_ES","id":344983,"slug":"que-es-importante-en-el-diagnostico-y-el-tratamiento-de-las-crisis-epilepticas","post_title":"\u00bfQu\u00e9 es importante en el diagn\u00f3stico y el tratamiento de las crisis epil\u00e9pticas?","href":"https:\/\/medizinonline.com\/es\/que-es-importante-en-el-diagnostico-y-el-tratamiento-de-las-crisis-epilepticas\/"}},"_links":{"self":[{"href":"https:\/\/medizinonline.com\/pt-pt\/wp-json\/wp\/v2\/posts\/344977","targetHints":{"allow":["GET"]}}],"collection":[{"href":"https:\/\/medizinonline.com\/pt-pt\/wp-json\/wp\/v2\/posts"}],"about":[{"href":"https:\/\/medizinonline.com\/pt-pt\/wp-json\/wp\/v2\/types\/post"}],"author":[{"embeddable":true,"href":"https:\/\/medizinonline.com\/pt-pt\/wp-json\/wp\/v2\/users\/4"}],"replies":[{"embeddable":true,"href":"https:\/\/medizinonline.com\/pt-pt\/wp-json\/wp\/v2\/comments?post=344977"}],"version-history":[{"count":0,"href":"https:\/\/medizinonline.com\/pt-pt\/wp-json\/wp\/v2\/posts\/344977\/revisions"}],"wp:featuredmedia":[{"embeddable":true,"href":"https:\/\/medizinonline.com\/pt-pt\/wp-json\/wp\/v2\/media\/45332"}],"wp:attachment":[{"href":"https:\/\/medizinonline.com\/pt-pt\/wp-json\/wp\/v2\/media?parent=344977"}],"wp:term":[{"taxonomy":"category","embeddable":true,"href":"https:\/\/medizinonline.com\/pt-pt\/wp-json\/wp\/v2\/category?post=344977"},{"taxonomy":"post_tag","embeddable":true,"href":"https:\/\/medizinonline.com\/pt-pt\/wp-json\/wp\/v2\/tags?post=344977"},{"taxonomy":"powerkit_post_featured","embeddable":true,"href":"https:\/\/medizinonline.com\/pt-pt\/wp-json\/wp\/v2\/powerkit_post_featured?post=344977"}],"curies":[{"name":"wp","href":"https:\/\/api.w.org\/{rel}","templated":true}]}}