{"id":345085,"date":"2014-06-13T00:00:00","date_gmt":"2014-06-12T22:00:00","guid":{"rendered":"https:\/\/medizinonline.com\/com-rebocos-contra-placas-de-psoriase\/"},"modified":"2014-06-13T00:00:00","modified_gmt":"2014-06-12T22:00:00","slug":"com-rebocos-contra-placas-de-psoriase","status":"publish","type":"post","link":"https:\/\/medizinonline.com\/pt-pt\/com-rebocos-contra-placas-de-psoriase\/","title":{"rendered":"Com rebocos contra placas de psor\u00edase"},"content":{"rendered":"<p><strong>Os ester\u00f3ides t\u00f3picos s\u00e3o as drogas de elei\u00e7\u00e3o para as formas mais suaves de psor\u00edase. Para al\u00e9m dos cremes convencionais, est\u00e3o tamb\u00e9m dispon\u00edveis manchas contendo ingredientes activos para tratamento. Uma vantagem importante dos remendos oclusivos \u00e9 o melhor humedecimento dos locais de predilec\u00e7\u00e3o.<\/strong><\/p>\n<p> <!--more--> <\/p>\n<p>Cerca de 80% das 150.000 pessoas que sofrem de psor\u00edase na Su\u00ed\u00e7a t\u00eam uma forma suave e localizada de psor\u00edase chamada psor\u00edase em placas. O tratamento \u00e9 efectuado com v\u00e1rias subst\u00e2ncias t\u00f3picas, sendo os corticoster\u00f3ides t\u00f3picos (classe III-IV). &#8220;Estes s\u00e3o utilizados como terapia \u00fanica ou em combina\u00e7\u00e3o com o calcipotriol anal\u00f3gico de vitamina D3&#8221;, explicou o Prof. Ralph Tr\u00fceb, MD, Dermatological Practice and Hair Centre, Wallisellen, no Update de Medicina Interna Refresher no Technopark Zurique em Maio. Os ester\u00f3ides t\u00f3picos s\u00e3o usados uma vez por dia como monoterapia para pequenas \u00e1reas de psor\u00edase. A dura\u00e7\u00e3o m\u00e1xima de tratamento de seis semanas n\u00e3o deve ser excedida. &#8220;Para \u00e1reas maiores, a dura\u00e7\u00e3o do tratamento deve ser limitada a duas semanas devido ao risco de supress\u00e3o da cortical adrenal&#8221;, recomenda o especialista.<\/p>\n<h2 id=\"tratamento-elaborado\">Tratamento elaborado<\/h2>\n<p>Retin\u00f3ides (tazaroteno), ditranol (antralina) e alcatr\u00e3o de carv\u00e3o, bem como subst\u00e2ncias queratinol\u00edticas (\u00e1cido salic\u00edlico e ureia) s\u00e3o utilizados para apoiar o tratamento anti-inflamat\u00f3rio e anti-proliferativo com ester\u00f3ides. O tratamento \u00e9 complexo: Algumas das subst\u00e2ncias t\u00eam de ser aplicadas v\u00e1rias vezes ao dia. Como resultado, pode ocorrer irrita\u00e7\u00e3o e descolora\u00e7\u00e3o da pele do vestu\u00e1rio.<\/p>\n<p>Com terapias t\u00f3picas, fototerapia e biol\u00f3gicas, existem terapias eficazes para os v\u00e1rios graus de severidade da psor\u00edase. No entanto, muitos sofredores est\u00e3o frustrados com o tratamento.<\/p>\n<p>Uma raz\u00e3o importante \u00e9 a enorme quantidade de tratamento necess\u00e1rio. &#8220;Isto pode ter um impacto t\u00e3o negativo na qualidade de vida como a pr\u00f3pria doen\u00e7a&#8221;, disse o Professor Tr\u00fceb. O PASI por si s\u00f3 n\u00e3o \u00e9 suficiente para avaliar a gravidade da doen\u00e7a. &#8220;Al\u00e9m disso, a qualidade de vida das pessoas afectadas deve ser sempre avaliada utilizando o DLQI (&#8220;Dermatology Life Quality Index&#8221;)&#8221;, diz o especialista.<\/p>\n<h2 id=\"rebocos-contendo-bmv\">Rebocos contendo BMV<\/h2>\n<p>Como alternativa ao creme contendo cortisona, podem tamb\u00e9m ser utilizados remendos contendo betametasona valerate (BMV) (Betesil\u00ae). &#8220;Estes foram desenvolvidos com o objectivo de simplificar e intensificar o tratamento da psor\u00edase&#8221;, disse o Prof. Tr\u00fceb. As manchas oclusivas s\u00e3o aplicadas directamente nas les\u00f5es psori\u00e1sicas afectadas e devem ser renovadas de 24 em 24 horas.<\/p>\n<p>Um estudo de efic\u00e1cia e seguran\u00e7a mostrou que o penso BMV (0,1%) levou a uma redu\u00e7\u00e3o de 75% na pontua\u00e7\u00e3o inicial do PASI (&#8220;Psoriasis Area and Severity Index&#8221;) em 38% das pessoas ap\u00f3s o per\u00edodo de tratamento de quatro semanas, em compara\u00e7\u00e3o com 11,9% (p=0,011) com tratamento convencional com creme BMV (0,12%) [1]. Os par\u00e2metros utilizados para avaliar as les\u00f5es \u00fanicas, tais como descama\u00e7\u00e3o, infiltra\u00e7\u00e3o e eritema, melhoraram acentuadamente em compara\u00e7\u00e3o com o creme que cont\u00e9m cortisona. Al\u00e9m disso, a hidrata\u00e7\u00e3o da pele aumentou significativamente sob a mancha oclusiva. &#8220;Isto \u00e9 importante porque a secura da pele leva a uma recorr\u00eancia da psor\u00edase mais rapidamente&#8221;, disse o Prof. Tr\u00fceb. Uma boa hidrata\u00e7\u00e3o \u00e9, portanto, um elemento terap\u00eautico essencial do penso oclusivo.<\/p>\n<p>Ambas as terapias, o adesivo BMV e o creme, foram bem toleradas pelos pacientes. Nenhum dos pacientes mostrou sinais de supress\u00e3o do eixo hipot\u00e1lamo-hip\u00f3fise-adrenocortical.<\/p>\n<p><em>&#8220;Tratar com sucesso a psor\u00edase na pr\u00e1tica&#8221;, Simp\u00f3sio Sat\u00e9lite IBSA Institut Biochimique SA no F\u00f3rum para a Educa\u00e7\u00e3o M\u00e9dica Continuada, 10 de Maio de 2014, Zurique<\/em><\/p>\n<h3 id=\"literatura\">Literatura:<\/h3>\n<ol>\n<li>Pacifico A, Daidone R, Peris K: J Eur Acad Dermatol Venereol 2006 Fev; 20(2): 153-157.<\/li>\n<\/ol>\n<p>\n<em>PR\u00c1TICA DA DERMATOLOGIA 2014; 24(3): 40-41<\/em><\/p>\n","protected":false},"excerpt":{"rendered":"<p>Os ester\u00f3ides t\u00f3picos s\u00e3o as drogas de elei\u00e7\u00e3o para as formas mais suaves de psor\u00edase. Para al\u00e9m dos cremes convencionais, est\u00e3o tamb\u00e9m dispon\u00edveis manchas contendo ingredientes activos para tratamento. Uma&hellip;<\/p>\n","protected":false},"author":4,"featured_media":44812,"comment_status":"closed","ping_status":"","sticky":false,"template":"","format":"standard","meta":{"_acf_changed":false,"pmpro_default_level":"","cat_1_feature_home_top":false,"cat_2_editor_pick":false,"csco_eyebrow_text":"Tratar a psor\u00edase na pr\u00e1tica","footnotes":""},"category":[11344,11356,11421,11529,11551],"tags":[52371,18637,17567,51356,22130,12886,13978,52362],"powerkit_post_featured":[],"class_list":["post-345085","post","type-post","status-publish","format-standard","has-post-thumbnail","category-alergologia-e-imunologia-clinica","category-dermatologia-e-venereologia-pt-pt","category-infecciologia","category-relatorios-do-congresso","category-rx-pt","tag-cortex-adrenal","tag-dlqi-pt-pt","tag-esteroides-topicos","tag-estuque","tag-pasi-pt-pt","tag-psoriase","tag-psoriase-pt-pt","tag-remendos-oclusivos","pmpro-has-access"],"acf":[],"publishpress_future_action":{"enabled":false,"date":"2026-05-04 03:22:49","action":"change-status","newStatus":"draft","terms":[],"taxonomy":"category","extraData":[]},"publishpress_future_workflow_manual_trigger":{"enabledWorkflows":[]},"wpml_current_locale":"pt_PT","wpml_translations":{"es_ES":{"locale":"es_ES","id":345093,"slug":"con-emplastos-contra-las-placas-de-psoriasis","post_title":"Con emplastos contra las placas de psoriasis","href":"https:\/\/medizinonline.com\/es\/con-emplastos-contra-las-placas-de-psoriasis\/"}},"_links":{"self":[{"href":"https:\/\/medizinonline.com\/pt-pt\/wp-json\/wp\/v2\/posts\/345085","targetHints":{"allow":["GET"]}}],"collection":[{"href":"https:\/\/medizinonline.com\/pt-pt\/wp-json\/wp\/v2\/posts"}],"about":[{"href":"https:\/\/medizinonline.com\/pt-pt\/wp-json\/wp\/v2\/types\/post"}],"author":[{"embeddable":true,"href":"https:\/\/medizinonline.com\/pt-pt\/wp-json\/wp\/v2\/users\/4"}],"replies":[{"embeddable":true,"href":"https:\/\/medizinonline.com\/pt-pt\/wp-json\/wp\/v2\/comments?post=345085"}],"version-history":[{"count":0,"href":"https:\/\/medizinonline.com\/pt-pt\/wp-json\/wp\/v2\/posts\/345085\/revisions"}],"wp:featuredmedia":[{"embeddable":true,"href":"https:\/\/medizinonline.com\/pt-pt\/wp-json\/wp\/v2\/media\/44812"}],"wp:attachment":[{"href":"https:\/\/medizinonline.com\/pt-pt\/wp-json\/wp\/v2\/media?parent=345085"}],"wp:term":[{"taxonomy":"category","embeddable":true,"href":"https:\/\/medizinonline.com\/pt-pt\/wp-json\/wp\/v2\/category?post=345085"},{"taxonomy":"post_tag","embeddable":true,"href":"https:\/\/medizinonline.com\/pt-pt\/wp-json\/wp\/v2\/tags?post=345085"},{"taxonomy":"powerkit_post_featured","embeddable":true,"href":"https:\/\/medizinonline.com\/pt-pt\/wp-json\/wp\/v2\/powerkit_post_featured?post=345085"}],"curies":[{"name":"wp","href":"https:\/\/api.w.org\/{rel}","templated":true}]}}