{"id":345086,"date":"2014-06-13T00:00:00","date_gmt":"2014-06-12T22:00:00","guid":{"rendered":"https:\/\/medizinonline.com\/febre-do-feno-nova-esperanca-contra-a-doenca-subestimada-generalizada\/"},"modified":"2014-06-13T00:00:00","modified_gmt":"2014-06-12T22:00:00","slug":"febre-do-feno-nova-esperanca-contra-a-doenca-subestimada-generalizada","status":"publish","type":"post","link":"https:\/\/medizinonline.com\/pt-pt\/febre-do-feno-nova-esperanca-contra-a-doenca-subestimada-generalizada\/","title":{"rendered":"Febre do feno &#8211; nova esperan\u00e7a contra a doen\u00e7a subestimada generalizada?"},"content":{"rendered":"<p><strong>Nem todas as pessoas anseiam por dias ensolarados e quentes j\u00e1 na Primavera. Muitos sofrem de febre dos fenos, uma doen\u00e7a comum frequentemente subestimada. Os pacientes gravemente afectados sofrem de desempenho reduzido e por vezes sentem-se severamente restringidos pelo p\u00f3len que gira, mesmo nas suas actividades de lazer. Com o <sup>Dymista\u00ae<\/sup>, os m\u00e9dicos t\u00eam uma nova op\u00e7\u00e3o terap\u00eautica cujos resultados de estudo s\u00e3o muito promissores.<\/strong><\/p>\n<p> <!--more--> <\/p>\n<p><em>(lg)  <\/em>Se for afectado pela febre dos fenos, fadiga, uma sensa\u00e7\u00e3o quase permanente de doen\u00e7a e uma &#8220;pequena farm\u00e1cia&#8221; s\u00e3o companheiros constantes na Primavera ou no Ver\u00e3o. Muitas pessoas conhecem esta condi\u00e7\u00e3o e quanto maior for o n\u00famero de doentes a quem os p\u00f3lenes s\u00e3o al\u00e9rgicos, mais tempo a condi\u00e7\u00e3o dura durante o Ver\u00e3o. Na confer\u00eancia de imprensa em Zurique, o Prof. Dr. med Peter Schmid-Grendelmeier, Zurique, e o Prof. Dr. med Claus Bachert, Gent (B\u00e9lgica), falaram sobre a nova aprova\u00e7\u00e3o da Dymista, cujos resultados do estudo d\u00e3o motivos de esperan\u00e7a.<\/p>\n<h2 id=\"doencas-consequentes-devido-a-febre-dos-fenos-subestimada\">Doen\u00e7as consequentes devido \u00e0 febre dos fenos subestimada<\/h2>\n<p>Cerca de um quinto da popula\u00e7\u00e3o su\u00ed\u00e7a sofre de febre dos fenos, dos quais quase metade dos doentes tomam dois ou mesmo mais medicamentos. Uma vez que muitos sofrem de uma variedade de sintomas, \u00e9 utilizada uma prepara\u00e7\u00e3o diferente contra cada um dos sintomas que ocorrem. No entanto, controlar os sintomas \u00e9 tudo menos f\u00e1cil. Se o tratamento for aplicado demasiado tarde ou incorrectamente, o resultado pode ser doen\u00e7as graves. &#8220;\u00c9 importante proteger os doentes de doen\u00e7as secund\u00e1rias, porque cada terceiro doente com febre dos fenos desenvolve asma al\u00e9rgica. Isto pode ent\u00e3o ocorrer n\u00e3o s\u00f3 sazonalmente, mas durante todo o ano&#8221;, diz o Prof. Schmid-Grendelmeier sobre a import\u00e2ncia da terapia certa.<\/p>\n<p>A primeira fase da terapia envolve evitar o alerg\u00e9nio, os doentes devem ser encorajados a lavar o cabelo frequentemente e a evitar gram\u00edneas e p\u00f3len. O segundo passo \u00e9 tratar os sintomas com medicamentos, e o terceiro \u00e9 a dessensibiliza\u00e7\u00e3o, que se destina a criar toler\u00e2ncia aos alerg\u00e9nios em quest\u00e3o. No entanto, a terapia revela-se frequentemente dif\u00edcil na pr\u00e1tica, uma vez que cada paciente apresenta sintomas diferentes e \u00e9 frequentemente al\u00e9rgico a v\u00e1rios grupos de p\u00f3lenes e gram\u00edneas.<\/p>\n<h2 id=\"a-preparacao-combinada-convence-nos-estudos\">A prepara\u00e7\u00e3o combinada convence nos estudos<\/h2>\n<p>Com a Dymista, uma nova combina\u00e7\u00e3o de ingredientes activos foi agora aprovada para o mercado su\u00ed\u00e7o. Consiste num anti-histam\u00ednico e numa cortisona local, que \u00e9 utilizada na sua forma actual como um spray nasal. A vantagem: O composto desenvolve o seu efeito muito rapidamente, a &#8220;farm\u00e1cia&#8221; que tem de ser transportada pelos doentes \u00e9 reduzida a uma prepara\u00e7\u00e3o, pois de acordo com os resultados do estudo tamb\u00e9m pode aliviar os sintomas oculares. Bachert fala de &#8220;um verdadeiro efeito aditivo&#8221; que o spray nasal oferece com esta combina\u00e7\u00e3o de medicamentos: &#8220;O medicamento foi testado no total em cerca de 4500 pacientes n\u00e3o s\u00f3 contra placebo, mas tamb\u00e9m directamente contra corticoster\u00f3ides intranasais. Aqui, demonstrou ser duas vezes mais eficaz na sintomatologia global da rinite al\u00e9rgica sazonal. Isto d\u00e1 a muitos pacientes uma nova esperan\u00e7a&#8221;. Os pacientes citam frequentemente a congest\u00e3o nasal como o sintoma mais inc\u00f3modo, que tamb\u00e9m foi significativamente aliviado pela terapia com Dymista em compara\u00e7\u00e3o com os corticoster\u00f3ides intranasais.<\/p>\n<p>A utiliza\u00e7\u00e3o correcta do spray nasal \u00e9 essencial. O GP \u00e9 encorajado a ensinar a utiliza\u00e7\u00e3o correcta. A cabe\u00e7a deve ser ligeiramente dobrada para baixo e o spray deve ser pulverizado na narina direita com a m\u00e3o esquerda e vice-versa, de acordo com as instru\u00e7\u00f5es precisas do Prof. Bachert. &#8220;Na pr\u00e1tica, vemos que o medicamento \u00e9 bem aceite pelos pacientes, uma vez que os sintomas melhoram rapidamente. Em cerca de quatro dias em vez de dez dias at\u00e9 agora, o complexo global de sintomas melhora, o que tamb\u00e9m pode melhorar a ades\u00e3o&#8221; \u00e9 a avalia\u00e7\u00e3o do Prof. Schmid-Grendelmeier.<\/p>\n<p><img fetchpriority=\"high\" decoding=\"async\" class=\" size-full wp-image-4098\" src=\"https:\/\/medizinonline.com\/wp-content\/uploads\/2014\/06\/Schmid-Grendelmeier_DP3_s48.png_2251.png\" width=\"864\" height=\"877\" srcset=\"https:\/\/medizinonline.com\/wp-content\/uploads\/2014\/06\/Schmid-Grendelmeier_DP3_s48.png_2251.png 864w, https:\/\/medizinonline.com\/wp-content\/uploads\/2014\/06\/Schmid-Grendelmeier_DP3_s48.png_2251-800x812.png 800w, https:\/\/medizinonline.com\/wp-content\/uploads\/2014\/06\/Schmid-Grendelmeier_DP3_s48.png_2251-80x80.png 80w, https:\/\/medizinonline.com\/wp-content\/uploads\/2014\/06\/Schmid-Grendelmeier_DP3_s48.png_2251-120x122.png 120w, https:\/\/medizinonline.com\/wp-content\/uploads\/2014\/06\/Schmid-Grendelmeier_DP3_s48.png_2251-90x90.png 90w, https:\/\/medizinonline.com\/wp-content\/uploads\/2014\/06\/Schmid-Grendelmeier_DP3_s48.png_2251-320x325.png 320w, https:\/\/medizinonline.com\/wp-content\/uploads\/2014\/06\/Schmid-Grendelmeier_DP3_s48.png_2251-560x568.png 560w\" sizes=\"(max-width: 864px) 100vw, 864px\" \/><\/p>\n<p>Se o uso de Dymista tamb\u00e9m tem um efeito positivo na asma al\u00e9rgica ainda n\u00e3o pode ser avaliado de forma conclusiva. No entanto, investiga\u00e7\u00f5es e estudos correspondentes est\u00e3o actualmente a ser realizados. O medicamento \u00e9 aprovado na Su\u00ed\u00e7a para doentes com mais de 12 anos de idade que sofrem de rinite al\u00e9rgica sazonal e rinoconcunctivite. A droga mostrou boa tolerabilidade no uso a longo prazo ao longo de um ano. Um pequeno grupo de doentes experimentou perturba\u00e7\u00f5es do paladar quando utilizou o spray nasal. Este foi o efeito secund\u00e1rio mais comum (2,5%), seguido de hemorragias nasais (1,2%), dores de cabe\u00e7a e tosse (1% cada).<\/p>\n<p><em>Fonte: &#8220;Febre do feno &#8211; uma doen\u00e7a subestimada generalizada &#8211; uma nova terapia d\u00e1 esperan\u00e7a&#8221;, confer\u00eancia de imprensa MEDA, 19 de Mar\u00e7o de 2014, Zurique<\/em><\/p>\n<p><em>PR\u00c1TICA DA DERMATOLOGIA 2014; 24(3): 47-48<\/em><\/p>\n","protected":false},"excerpt":{"rendered":"<p>Nem todas as pessoas anseiam por dias ensolarados e quentes j\u00e1 na Primavera. Muitos sofrem de febre dos fenos, uma doen\u00e7a comum frequentemente subestimada. Os pacientes gravemente afectados sofrem de&hellip;<\/p>\n","protected":false},"author":4,"featured_media":44857,"comment_status":"closed","ping_status":"","sticky":false,"template":"","format":"standard","meta":{"_acf_changed":false,"pmpro_default_level":"","cat_1_feature_home_top":false,"cat_2_editor_pick":false,"csco_eyebrow_text":"Nova op\u00e7\u00e3o terap\u00eautica","footnotes":""},"category":[11344,11356,11529,11551],"tags":[12897,24875,52364,13334,44076,52370,23169,13775],"powerkit_post_featured":[],"class_list":["post-345086","post","type-post","status-publish","format-standard","has-post-thumbnail","category-alergologia-e-imunologia-clinica","category-dermatologia-e-venereologia-pt-pt","category-relatorios-do-congresso","category-rx-pt","tag-alergia","tag-dor-de-cabeca-pt-pt","tag-dymista-pt-pt","tag-febre-do-feno","tag-nosebleed","tag-perturbacao-do-paladar","tag-spray-nasal-pt-pt","tag-tosse-pt-pt","pmpro-has-access"],"acf":[],"publishpress_future_action":{"enabled":false,"date":"2026-05-03 23:47:58","action":"change-status","newStatus":"draft","terms":[],"taxonomy":"category","extraData":[]},"publishpress_future_workflow_manual_trigger":{"enabledWorkflows":[]},"wpml_current_locale":"pt_PT","wpml_translations":{"es_ES":{"locale":"es_ES","id":345094,"slug":"fiebre-del-heno-nueva-esperanza-contra-la-subestimada-enfermedad-generalizada","post_title":"Fiebre del heno: \u00bfnueva esperanza contra la subestimada enfermedad generalizada?","href":"https:\/\/medizinonline.com\/es\/fiebre-del-heno-nueva-esperanza-contra-la-subestimada-enfermedad-generalizada\/"}},"_links":{"self":[{"href":"https:\/\/medizinonline.com\/pt-pt\/wp-json\/wp\/v2\/posts\/345086","targetHints":{"allow":["GET"]}}],"collection":[{"href":"https:\/\/medizinonline.com\/pt-pt\/wp-json\/wp\/v2\/posts"}],"about":[{"href":"https:\/\/medizinonline.com\/pt-pt\/wp-json\/wp\/v2\/types\/post"}],"author":[{"embeddable":true,"href":"https:\/\/medizinonline.com\/pt-pt\/wp-json\/wp\/v2\/users\/4"}],"replies":[{"embeddable":true,"href":"https:\/\/medizinonline.com\/pt-pt\/wp-json\/wp\/v2\/comments?post=345086"}],"version-history":[{"count":0,"href":"https:\/\/medizinonline.com\/pt-pt\/wp-json\/wp\/v2\/posts\/345086\/revisions"}],"wp:featuredmedia":[{"embeddable":true,"href":"https:\/\/medizinonline.com\/pt-pt\/wp-json\/wp\/v2\/media\/44857"}],"wp:attachment":[{"href":"https:\/\/medizinonline.com\/pt-pt\/wp-json\/wp\/v2\/media?parent=345086"}],"wp:term":[{"taxonomy":"category","embeddable":true,"href":"https:\/\/medizinonline.com\/pt-pt\/wp-json\/wp\/v2\/category?post=345086"},{"taxonomy":"post_tag","embeddable":true,"href":"https:\/\/medizinonline.com\/pt-pt\/wp-json\/wp\/v2\/tags?post=345086"},{"taxonomy":"powerkit_post_featured","embeddable":true,"href":"https:\/\/medizinonline.com\/pt-pt\/wp-json\/wp\/v2\/powerkit_post_featured?post=345086"}],"curies":[{"name":"wp","href":"https:\/\/api.w.org\/{rel}","templated":true}]}}