{"id":345357,"date":"2014-05-09T00:00:00","date_gmt":"2014-05-08T22:00:00","guid":{"rendered":"https:\/\/medizinonline.com\/modelos-matematicos-para-a-identificacao-de-subtipos-de-esquizofrenia\/"},"modified":"2014-05-09T00:00:00","modified_gmt":"2014-05-08T22:00:00","slug":"modelos-matematicos-para-a-identificacao-de-subtipos-de-esquizofrenia","status":"publish","type":"post","link":"https:\/\/medizinonline.com\/pt-pt\/modelos-matematicos-para-a-identificacao-de-subtipos-de-esquizofrenia\/","title":{"rendered":"Modelos matem\u00e1ticos para a identifica\u00e7\u00e3o de subtipos de esquizofrenia"},"content":{"rendered":"<p><strong>Os investigadores da ETH e da Universidade de Zurique conseguiram identificar diferentes subtipos de esquizofrenia utilizando modelos matem\u00e1ticos que analisam imagens fMRI do c\u00e9rebro activo. Isto abre o caminho para diagn\u00f3sticos mais precisos e, portanto, op\u00e7\u00f5es terap\u00eauticas mais direccionadas?<\/strong><\/p>\n<p> <!--more--> <\/p>\n<p><em>(ag) <\/em>Como \u00e9 que as doen\u00e7as mentais podem ser diagnosticadas com maior precis\u00e3o no futuro? Cientistas do Instituto de Engenharia Biom\u00e9dica da ETH, em coopera\u00e7\u00e3o com a Charit\u00e9 de Berlim, apresentaram uma abordagem que permite transferir imagens de actividade cerebral de sujeitos de teste para um modelo matem\u00e1tico que depois indica se estes t\u00eam esquizofrenia ou n\u00e3o. No caso de resultados positivos, h\u00e1 uma maior diferencia\u00e7\u00e3o em subgrupos. Especificamente, o modelo &#8220;simples&#8221;, de acordo com os investigadores, calcula a for\u00e7a de acoplamento entre tr\u00eas regi\u00f5es cerebrais seleccionadas. Verifica qu\u00e3o forte \u00e9 a comunica\u00e7\u00e3o entre estas \u00e1reas e permite assim tirar conclus\u00f5es sobre a gravidade e o tipo de doen\u00e7a dos doentes esquizofr\u00e9nicos.<\/p>\n<h2 id=\"estudo-sobre-83-pessoas-do-teste\">Estudo sobre 83 pessoas do teste<\/h2>\n<p>O modelo j\u00e1 foi testado em 41 pacientes com esquizofrenia e 42 participantes saud\u00e1veis. Tiveram de olhar e recordar imagens (a mem\u00f3ria de trabalho \u00e9 frequentemente prejudicada em esquizofr\u00e9nicos) enquanto a sua actividade cerebral era registada. A for\u00e7a de acoplamento das tr\u00eas \u00e1reas cerebrais n\u00e3o s\u00f3 diferiu significativamente entre os grupos de doentes e de controlo, mas tamb\u00e9m dentro do pr\u00f3prio grupo da esquizofrenia. Tr\u00eas subgrupos com diferentes padr\u00f5es de actividade cerebral surgiram, que correspondiam ou representavam a respectiva gravidade da esquizofrenia quando comparados com os sintomas cl\u00ednicos.<\/p>\n<p>Claro que, de acordo com os investigadores, o modelo, embora encorajador, est\u00e1 longe de estar pronto para ser utilizado na pr\u00e1tica. Em particular, seria interessante estudar pacientes n\u00e3o tratados ao longo do tempo para ver se o modelo pode ser utilizado para confirmar as previs\u00f5es de progress\u00e3o sobre a doen\u00e7a.<\/p>\n<p><em>Fonte: Comunicado de imprensa de 7 de Janeiro de 2014, Schaffner M: Utiliza\u00e7\u00e3o de modelos matem\u00e1ticos para detectar esquizofrenia. ETH Life 7 de Janeiro de 2014.<\/em><\/p>\n<p>Literatura:<\/p>\n<ol>\n<li>Brodersen KH, et al: Disseca\u00e7\u00e3o de perturba\u00e7\u00f5es do espectro psiqui\u00e1trico por incorpora\u00e7\u00e3o generativa. NeuroImage: Clinical 2014; 4: 98-111. doi:10.1016\/j.nicl.2013.11.002.<\/li>\n<\/ol>\n<p><em>InFo NEUROLOGIA &amp; PSYCHIATRY 2014; 12(3): 38<\/em><\/p>\n","protected":false},"excerpt":{"rendered":"<p>Os investigadores da ETH e da Universidade de Zurique conseguiram identificar diferentes subtipos de esquizofrenia utilizando modelos matem\u00e1ticos que analisam imagens fMRI do c\u00e9rebro activo. Isto abre o caminho para&hellip;<\/p>\n","protected":false},"author":4,"featured_media":43682,"comment_status":"closed","ping_status":"","sticky":false,"template":"","format":"standard","meta":{"_acf_changed":false,"pmpro_default_level":"","cat_1_feature_home_top":false,"cat_2_editor_pick":false,"csco_eyebrow_text":"Esquizofrenia","footnotes":""},"category":[11517,11481,11551],"tags":[11863,53320,32116,53316,50071],"powerkit_post_featured":[],"class_list":["post-345357","post","type-post","status-publish","format-standard","has-post-thumbnail","category-noticias-pt-pt","category-psiquiatria-e-psicoterapia","category-rx-pt","tag-esquizofrenia","tag-eth-pt-pt","tag-fmri-pt-pt","tag-subtipo","tag-universidade-de-zurique","pmpro-has-access"],"acf":[],"publishpress_future_action":{"enabled":false,"date":"2026-05-03 23:42:39","action":"change-status","newStatus":"draft","terms":[],"taxonomy":"category","extraData":[]},"publishpress_future_workflow_manual_trigger":{"enabledWorkflows":[]},"wpml_current_locale":"pt_PT","wpml_translations":{"es_ES":{"locale":"es_ES","id":345364,"slug":"modelos-matematicos-para-la-identificacion-de-subtipos-de-esquizofrenia","post_title":"Modelos matem\u00e1ticos para la identificaci\u00f3n de subtipos de esquizofrenia","href":"https:\/\/medizinonline.com\/es\/modelos-matematicos-para-la-identificacion-de-subtipos-de-esquizofrenia\/"}},"_links":{"self":[{"href":"https:\/\/medizinonline.com\/pt-pt\/wp-json\/wp\/v2\/posts\/345357","targetHints":{"allow":["GET"]}}],"collection":[{"href":"https:\/\/medizinonline.com\/pt-pt\/wp-json\/wp\/v2\/posts"}],"about":[{"href":"https:\/\/medizinonline.com\/pt-pt\/wp-json\/wp\/v2\/types\/post"}],"author":[{"embeddable":true,"href":"https:\/\/medizinonline.com\/pt-pt\/wp-json\/wp\/v2\/users\/4"}],"replies":[{"embeddable":true,"href":"https:\/\/medizinonline.com\/pt-pt\/wp-json\/wp\/v2\/comments?post=345357"}],"version-history":[{"count":0,"href":"https:\/\/medizinonline.com\/pt-pt\/wp-json\/wp\/v2\/posts\/345357\/revisions"}],"wp:featuredmedia":[{"embeddable":true,"href":"https:\/\/medizinonline.com\/pt-pt\/wp-json\/wp\/v2\/media\/43682"}],"wp:attachment":[{"href":"https:\/\/medizinonline.com\/pt-pt\/wp-json\/wp\/v2\/media?parent=345357"}],"wp:term":[{"taxonomy":"category","embeddable":true,"href":"https:\/\/medizinonline.com\/pt-pt\/wp-json\/wp\/v2\/category?post=345357"},{"taxonomy":"post_tag","embeddable":true,"href":"https:\/\/medizinonline.com\/pt-pt\/wp-json\/wp\/v2\/tags?post=345357"},{"taxonomy":"powerkit_post_featured","embeddable":true,"href":"https:\/\/medizinonline.com\/pt-pt\/wp-json\/wp\/v2\/powerkit_post_featured?post=345357"}],"curies":[{"name":"wp","href":"https:\/\/api.w.org\/{rel}","templated":true}]}}