{"id":345516,"date":"2014-04-17T00:00:00","date_gmt":"2014-04-16T22:00:00","guid":{"rendered":"https:\/\/medizinonline.com\/medidas-contra-a-anafilaxia\/"},"modified":"2014-04-17T00:00:00","modified_gmt":"2014-04-16T22:00:00","slug":"medidas-contra-a-anafilaxia","status":"publish","type":"post","link":"https:\/\/medizinonline.com\/pt-pt\/medidas-contra-a-anafilaxia\/","title":{"rendered":"Medidas contra a anafilaxia"},"content":{"rendered":"<p><strong>A Semana Mundial das Alergias, organizada anualmente pela Organiza\u00e7\u00e3o Mundial das Alergias (WAO) juntamente com 95 sociedades nacionais membros, ter\u00e1 lugar de novo a 7-13 de Abril.&nbsp; O tema deste ano: &#8220;Anafilaxia &#8211; Quando as alergias se tornam graves e fatais&#8221;.<\/strong><\/p>\n<p> <!--more--> <\/p>\n<p><em>(ag) <\/em>Os est\u00edmulos mais comuns da anafilaxia s\u00e3o os alimentos, os medicamentos e as picadas de insectos. A menos que a reac\u00e7\u00e3o sist\u00e9mica, que pode consistir, por exemplo, em sintomas de pele e mucosas, sintomas respirat\u00f3rios ou cardiovasculares, bem como problemas abdominais, seja devidamente abordada, o pior cen\u00e1rio \u00e9 a morte [1,2].<\/p>\n<h2 id=\"a-informacao-e-crucial\">A informa\u00e7\u00e3o \u00e9 crucial<\/h2>\n<p>Segundo Lanny Rosenwasser, Presidente da WAO, a anafilaxia n\u00e3o tem de ser fatal, desde que as pessoas afectadas e as pessoas \u00e0 sua volta saibam como reagir em tal emerg\u00eancia. Os profissionais m\u00e9dicos devem, portanto, estar bem informados sobre os poss\u00edveis sintomas, o posicionamento do paciente e a administra\u00e7\u00e3o de adrenalina. &#8220;As pessoas com hipersensibilidade aos alerg\u00e9nios devem tamb\u00e9m consultar regularmente o seu alergologista sobre o risco de anafilaxia e obter informa\u00e7\u00f5es sobre como agir em tal caso (por exemplo, auto-injec\u00e7\u00f5es)&#8221;, diz Rosenwasser. Em particular, as pessoas com elevado risco de formas graves de anafilaxia, por exemplo devido a asma, doen\u00e7a coron\u00e1ria, ou problemas de tens\u00e3o arterial, precisam de discutir com o seu m\u00e9dico&nbsp; potenciais desencadeadores, bem como estrat\u00e9gias de estilo de vida para reduzir o risco.<\/p>\n<h2 id=\"uma-semana-para-aumentar-a-sensibilizacao\">Uma semana para aumentar a sensibiliza\u00e7\u00e3o<\/h2>\n<p>A WAO est\u00e1 portanto empenhada em fornecer recursos de informa\u00e7\u00e3o, conhecimento e preven\u00e7\u00e3o na \u00e1rea terap\u00eautica da anafilaxia. Muitas das sociedades membros nacionais da OMA est\u00e3o a organizar eventos e actividades locais para abordar a quest\u00e3o durante a Semana Mundial das Alergias de 2014. Destinam-se \u00e0s pessoas afectadas, mas tamb\u00e9m aos profissionais m\u00e9dicos. Todas as partes interessadas podem participar, contactando as suas sociedades nacionais de alergia.<\/p>\n<p>Todas as actividades e mais informa\u00e7\u00f5es em <a href=\"http:\/\/www.worldallergyweek.org\" target=\"_blank\" rel=\"noopener\">www.worldallergyweek.org<\/a><\/p>\n<p><em>Fonte: Comunicado de imprensa de 19 de Mar\u00e7o de 2014<\/em><\/p>\n<h3 id=\"literatura\">Literatura:<\/h3>\n<ol>\n<li>Simons FER, et al: Directrizes da Organiza\u00e7\u00e3o Mundial de Alergias para a Avalia\u00e7\u00e3o e Gest\u00e3o da Anafilaxia. Jornal da Organiza\u00e7\u00e3o Mundial das Alergias 2011; 4: 13-17.<\/li>\n<li>Lockey RF, et al: &#8220;Anaphylaxis&#8221;, Section 2.5 in WAO White Book on Allergy Update 2013, Pawankar R, et al. (eds.) Organiza\u00e7\u00e3o Mundial das Alergias, 2013; 48-53.<\/li>\n<\/ol>\n<p><em>PR\u00c1TICA DA DERMATOLOGIA 2014; 24(2): 41<\/em><\/p>\n","protected":false},"excerpt":{"rendered":"<p>A Semana Mundial das Alergias, organizada anualmente pela Organiza\u00e7\u00e3o Mundial das Alergias (WAO) juntamente com 95 sociedades nacionais membros, ter\u00e1 lugar de novo a 7-13 de Abril.&nbsp; O tema deste&hellip;<\/p>\n","protected":false},"author":4,"featured_media":43092,"comment_status":"closed","ping_status":"","sticky":false,"template":"","format":"standard","meta":{"_acf_changed":false,"pmpro_default_level":"","cat_1_feature_home_top":false,"cat_2_editor_pick":false,"csco_eyebrow_text":"Semana Mundial das Alergias 2014  ","footnotes":""},"category":[11344,11529,11551],"tags":[15044,15427,53734,53746,53740],"powerkit_post_featured":[],"class_list":["post-345516","post","type-post","status-publish","format-standard","has-post-thumbnail","category-alergologia-e-imunologia-clinica","category-relatorios-do-congresso","category-rx-pt","tag-anaphylaxis-pt-pt","tag-consciencia","tag-organizacao-mundial-das-alergias","tag-semana-mundial-das-alergias","tag-wao-pt-pt","pmpro-has-access"],"acf":[],"publishpress_future_action":{"enabled":false,"date":"2026-05-08 00:35:37","action":"change-status","newStatus":"draft","terms":[],"taxonomy":"category","extraData":[]},"publishpress_future_workflow_manual_trigger":{"enabledWorkflows":[]},"wpml_current_locale":"pt_PT","wpml_translations":{"es_ES":{"locale":"es_ES","id":345524,"slug":"medidas-contra-la-anafilaxia","post_title":"Medidas contra la anafilaxia","href":"https:\/\/medizinonline.com\/es\/medidas-contra-la-anafilaxia\/"}},"_links":{"self":[{"href":"https:\/\/medizinonline.com\/pt-pt\/wp-json\/wp\/v2\/posts\/345516","targetHints":{"allow":["GET"]}}],"collection":[{"href":"https:\/\/medizinonline.com\/pt-pt\/wp-json\/wp\/v2\/posts"}],"about":[{"href":"https:\/\/medizinonline.com\/pt-pt\/wp-json\/wp\/v2\/types\/post"}],"author":[{"embeddable":true,"href":"https:\/\/medizinonline.com\/pt-pt\/wp-json\/wp\/v2\/users\/4"}],"replies":[{"embeddable":true,"href":"https:\/\/medizinonline.com\/pt-pt\/wp-json\/wp\/v2\/comments?post=345516"}],"version-history":[{"count":0,"href":"https:\/\/medizinonline.com\/pt-pt\/wp-json\/wp\/v2\/posts\/345516\/revisions"}],"wp:featuredmedia":[{"embeddable":true,"href":"https:\/\/medizinonline.com\/pt-pt\/wp-json\/wp\/v2\/media\/43092"}],"wp:attachment":[{"href":"https:\/\/medizinonline.com\/pt-pt\/wp-json\/wp\/v2\/media?parent=345516"}],"wp:term":[{"taxonomy":"category","embeddable":true,"href":"https:\/\/medizinonline.com\/pt-pt\/wp-json\/wp\/v2\/category?post=345516"},{"taxonomy":"post_tag","embeddable":true,"href":"https:\/\/medizinonline.com\/pt-pt\/wp-json\/wp\/v2\/tags?post=345516"},{"taxonomy":"powerkit_post_featured","embeddable":true,"href":"https:\/\/medizinonline.com\/pt-pt\/wp-json\/wp\/v2\/powerkit_post_featured?post=345516"}],"curies":[{"name":"wp","href":"https:\/\/api.w.org\/{rel}","templated":true}]}}