{"id":346000,"date":"2014-01-24T00:00:00","date_gmt":"2014-01-23T23:00:00","guid":{"rendered":"https:\/\/medizinonline.com\/novo-algoritmo-ajuda-a-distinguir-as-dores-de-garganta-virais-e-bacterianas\/"},"modified":"2014-01-24T00:00:00","modified_gmt":"2014-01-23T23:00:00","slug":"novo-algoritmo-ajuda-a-distinguir-as-dores-de-garganta-virais-e-bacterianas","status":"publish","type":"post","link":"https:\/\/medizinonline.com\/pt-pt\/novo-algoritmo-ajuda-a-distinguir-as-dores-de-garganta-virais-e-bacterianas\/","title":{"rendered":"Novo algoritmo ajuda a distinguir as dores de garganta virais e bacterianas"},"content":{"rendered":"<p><strong>O Sr. e a Sra. su\u00ed\u00e7o engolem dores de garganta todos os anos a um custo de v\u00e1rios milh\u00f5es de francos su\u00ed\u00e7os. Tratam frequentemente a dor com antibi\u00f3ticos, ainda que at\u00e9 80% das dores de garganta sejam virais. Por esta raz\u00e3o, peritos em farm\u00e1cia e medicina reuniram-se no grupo NEXT (&#8220;New Expert Strategy for the Therapy of Sore Throat&#8221;) e desenvolveram uma estrat\u00e9gia para refrear o uso inadequado de antibi\u00f3ticos.<\/strong><\/p>\n<p> <!--more--> <\/p>\n<p>&#8220;As dores de garganta s\u00e3o normalmente auto-limitadas, seguem o seu curso sem complica\u00e7\u00f5es e diminuem ap\u00f3s dois a tr\u00eas dias&#8221;, diz o Dr. Hans-Ulrich Kull, K\u00fcsnacht, na conversa \u00e0 lareira em Zurique. O Dr. Lorenz Schmid, farmac\u00eautico em Zurique, sabe por experi\u00eancia que &#8220;quando se trata de dores de garganta, o primeiro lugar onde os doentes normalmente v\u00e3o em busca de al\u00edvio da dor \u00e9 a farm\u00e1cia. Aqui, os farmac\u00eauticos s\u00e3o confrontados com a quest\u00e3o de saber se a dor de garganta \u00e9 causada por v\u00edrus ou bact\u00e9rias. Enviamos clientes com infec\u00e7\u00f5es bacterianas para o m\u00e9dico&#8221;. Como ajuda \u00e0 tomada de decis\u00f5es, o Grupo NEXT compilou um fluxograma para diferenciar entre dores de garganta virais e bacterianas na farm\u00e1cia. Uma coisa \u00e9 certa: no caso de uma infec\u00e7\u00e3o bacteriana, os rem\u00e9dios para a garganta que cont\u00eam antibi\u00f3ticos n\u00e3o t\u00eam qualquer utilidade &#8211; neste caso, a pessoa afectada necessita de antibi\u00f3ticos do m\u00e9dico. O Dr. Dr. Med. Stefan Zimmerli, Berna, chamou a aten\u00e7\u00e3o para este facto. O problema aqui \u00e9 n\u00e3o s\u00f3 que tal tratamento com antibi\u00f3ticos superficialmente aplicados n\u00e3o tem qualquer utilidade, mas tamb\u00e9m que qualquer uso impr\u00f3prio de antibi\u00f3ticos contribui, em \u00faltima an\u00e1lise, para a promo\u00e7\u00e3o da resist\u00eancia. A resist\u00eancia antibi\u00f3tica tem um impacto negativo tanto sobre os indiv\u00edduos como sobre a sociedade. As bact\u00e9rias resistentes podem permanecer no corpo durante muito tempo e tornar-se respons\u00e1veis por uma infec\u00e7\u00e3o que j\u00e1 n\u00e3o pode ser combatida com uma terapia antibi\u00f3tica comum. As bact\u00e9rias resistentes s\u00e3o inevitavelmente transmitidas para o ambiente ou para outros seres humanos. Al\u00e9m disso, a resist\u00eancia pode ser transferida para outras esp\u00e9cies bacterianas. Ambos podem levar a uma propaga\u00e7\u00e3o incontrol\u00e1vel de bact\u00e9rias resistentes. Tudo isto contribui para o facto de que as melhores armas contra bact\u00e9rias se est\u00e3o a tornar gradualmente rombas e in\u00fateis &#8211; e isto com um n\u00famero cada vez menor de novos antibi\u00f3ticos no mercado. Hoje em dia, as infec\u00e7\u00f5es devem, portanto, ser cada vez mais tratadas com antibi\u00f3ticos de reserva devido \u00e0 resist\u00eancia.<\/p>\n<h2 id=\"o-que-e-o-algoritmo-next\">O que \u00e9 o algoritmo NEXT?<\/h2>\n<p>O algoritmo NEXT para a gest\u00e3o da dor de garganta em farm\u00e1cia (aceite para publica\u00e7\u00e3o pela Pharmajournal) baseia-se na pontua\u00e7\u00e3o CENTOR internacionalmente reconhecida <strong>(Tab. 1),<\/strong> que avalia os sintomas principais mais importantes da dor de garganta e indica a probabilidade de infec\u00e7\u00e3o bacteriana.<\/p>\n<p><img fetchpriority=\"high\" decoding=\"async\" class=\" size-full wp-image-2956\" src=\"https:\/\/medizinonline.com\/wp-content\/uploads\/2014\/01\/Tab1_Hp1_s5.jpg-f0e3b2_1465.jpg\" width=\"708\" height=\"901\" srcset=\"https:\/\/medizinonline.com\/wp-content\/uploads\/2014\/01\/Tab1_Hp1_s5.jpg-f0e3b2_1465.jpg 708w, https:\/\/medizinonline.com\/wp-content\/uploads\/2014\/01\/Tab1_Hp1_s5.jpg-f0e3b2_1465-120x153.jpg 120w, https:\/\/medizinonline.com\/wp-content\/uploads\/2014\/01\/Tab1_Hp1_s5.jpg-f0e3b2_1465-90x115.jpg 90w, https:\/\/medizinonline.com\/wp-content\/uploads\/2014\/01\/Tab1_Hp1_s5.jpg-f0e3b2_1465-320x407.jpg 320w, https:\/\/medizinonline.com\/wp-content\/uploads\/2014\/01\/Tab1_Hp1_s5.jpg-f0e3b2_1465-560x713.jpg 560w\" sizes=\"(max-width: 708px) 100vw, 708px\" \/><\/p>\n<p>PR\u00d3XIMO completa esta avalia\u00e7\u00e3o com sugest\u00f5es concretas para lidar com a dor de garganta na farm\u00e1cia. O algoritmo pode tranquilizar tanto o paciente como o profissional sobre o curso de ac\u00e7\u00e3o correcto. Ele contribui para reduzir o uso desnecess\u00e1rio de antibi\u00f3ticos para a dor de garganta, visando tratar a dor de garganta de acordo com o desejo prim\u00e1rio do paciente, o al\u00edvio da dor.<\/p>\n<p><em><strong>S\u00e9verine Bonini<\/strong><\/em><\/p>\n<p><em>Fonte: Fireside chat on European Antibiotics Day: &#8220;Antibiotic resistance in Switzerland &#8211; the alarmante truth&#8221;, Zurique, 14 de Novembro de 2013.<\/em><\/p>\n<p><em>PR\u00c1TICA DO GP 2014; 9(1): 5-6<\/em><\/p>\n","protected":false},"excerpt":{"rendered":"<p>O Sr. e a Sra. su\u00ed\u00e7o engolem dores de garganta todos os anos a um custo de v\u00e1rios milh\u00f5es de francos su\u00ed\u00e7os. Tratam frequentemente a dor com antibi\u00f3ticos, ainda que&hellip;<\/p>\n","protected":false},"author":4,"featured_media":40179,"comment_status":"closed","ping_status":"","sticky":false,"template":"","format":"standard","meta":{"_acf_changed":false,"pmpro_default_level":"","cat_1_feature_home_top":false,"cat_2_editor_pick":false,"csco_eyebrow_text":"No Dia Europeu do Antibi\u00f3tico","footnotes":""},"category":[11344,11421,11529,11551],"tags":[34471,12260,13628,20220,55524,12263],"powerkit_post_featured":[],"class_list":["post-346000","post","type-post","status-publish","format-standard","has-post-thumbnail","category-alergologia-e-imunologia-clinica","category-infecciologia","category-relatorios-do-congresso","category-rx-pt","tag-algoritmo-pt-pt","tag-antibioticos","tag-bacterias","tag-infeccao-pt-pt","tag-proximo-grupo","tag-resistencia","pmpro-has-access"],"acf":[],"publishpress_future_action":{"enabled":false,"date":"2026-05-03 14:10:53","action":"change-status","newStatus":"draft","terms":[],"taxonomy":"category","extraData":[]},"publishpress_future_workflow_manual_trigger":{"enabledWorkflows":[]},"wpml_current_locale":"pt_PT","wpml_translations":{"es_ES":{"locale":"es_ES","id":346004,"slug":"un-nuevo-algoritmo-ayuda-a-distinguir-los-dolores-de-garganta-viricos-de-los-bacterianos","post_title":"Un nuevo algoritmo ayuda a distinguir los dolores de garganta v\u00edricos de los bacterianos","href":"https:\/\/medizinonline.com\/es\/un-nuevo-algoritmo-ayuda-a-distinguir-los-dolores-de-garganta-viricos-de-los-bacterianos\/"}},"_links":{"self":[{"href":"https:\/\/medizinonline.com\/pt-pt\/wp-json\/wp\/v2\/posts\/346000","targetHints":{"allow":["GET"]}}],"collection":[{"href":"https:\/\/medizinonline.com\/pt-pt\/wp-json\/wp\/v2\/posts"}],"about":[{"href":"https:\/\/medizinonline.com\/pt-pt\/wp-json\/wp\/v2\/types\/post"}],"author":[{"embeddable":true,"href":"https:\/\/medizinonline.com\/pt-pt\/wp-json\/wp\/v2\/users\/4"}],"replies":[{"embeddable":true,"href":"https:\/\/medizinonline.com\/pt-pt\/wp-json\/wp\/v2\/comments?post=346000"}],"version-history":[{"count":0,"href":"https:\/\/medizinonline.com\/pt-pt\/wp-json\/wp\/v2\/posts\/346000\/revisions"}],"wp:featuredmedia":[{"embeddable":true,"href":"https:\/\/medizinonline.com\/pt-pt\/wp-json\/wp\/v2\/media\/40179"}],"wp:attachment":[{"href":"https:\/\/medizinonline.com\/pt-pt\/wp-json\/wp\/v2\/media?parent=346000"}],"wp:term":[{"taxonomy":"category","embeddable":true,"href":"https:\/\/medizinonline.com\/pt-pt\/wp-json\/wp\/v2\/category?post=346000"},{"taxonomy":"post_tag","embeddable":true,"href":"https:\/\/medizinonline.com\/pt-pt\/wp-json\/wp\/v2\/tags?post=346000"},{"taxonomy":"powerkit_post_featured","embeddable":true,"href":"https:\/\/medizinonline.com\/pt-pt\/wp-json\/wp\/v2\/powerkit_post_featured?post=346000"}],"curies":[{"name":"wp","href":"https:\/\/api.w.org\/{rel}","templated":true}]}}