{"id":346020,"date":"2014-01-24T00:00:00","date_gmt":"2014-01-23T23:00:00","guid":{"rendered":"https:\/\/medizinonline.com\/mepha-reestrutura-e-aguarda-2014-com-esperanca\/"},"modified":"2014-01-24T00:00:00","modified_gmt":"2014-01-23T23:00:00","slug":"mepha-reestrutura-e-aguarda-2014-com-esperanca","status":"publish","type":"post","link":"https:\/\/medizinonline.com\/pt-pt\/mepha-reestrutura-e-aguarda-2014-com-esperanca\/","title":{"rendered":"Mepha reestrutura e aguarda 2014 com esperan\u00e7a"},"content":{"rendered":"<p><strong>O sistema de sa\u00fade n\u00e3o est\u00e1 apenas sob constante press\u00e3o de desempenho, mas tamb\u00e9m sob uma press\u00e3o de custos cada vez maior. Isto tamb\u00e9m se aplica \u00e0s empresas de medicamentos gen\u00e9ricos na Su\u00ed\u00e7a. No entanto, Mepha sente que pode lidar com a press\u00e3o e obter um equil\u00edbrio positivo.<\/strong><\/p>\n<p> <!--more--> <\/p>\n<p>A 20 de Novembro, em Zurique, o enfoque foi tanto no mercado su\u00ed\u00e7o de gen\u00e9ricos em geral como no desenvolvimento da Mepha em particular. H\u00e1 quatro anos, ap\u00f3s dificuldades financeiras por parte do principal accionista financeiro, a Merck na Alemanha, amanheceu um per\u00edodo turbulento para Mepha. Ap\u00f3s a aquisi\u00e7\u00e3o pela Cephalon, juntou-se ao Grupo internacional Teva. Em 2012, as sec\u00e7\u00f5es de produ\u00e7\u00e3o e investiga\u00e7\u00e3o e desenvolvimento foram vendidas e a sede da empresa foi deslocada de Aesch para Basileia.<\/p>\n<p>A actual estrutura da empresa pode ser dividida nas subdivis\u00f5es Teva Pharma AG (comercializa\u00e7\u00e3o de produtos originais) e Mepha Pharma AG (comercializa\u00e7\u00e3o da gama de produtos gen\u00e9ricos). Ambos ser\u00e3o combinados sob o guarda-chuva da Mepha Schweiz AG. Outro desenvolvimento \u00e9 o estabelecimento de uma joint-venture com a Proctor &amp; Gamble. &#8220;A comercializa\u00e7\u00e3o de produtos com receita m\u00e9dica ainda constitui o neg\u00f3cio principal da Mepha com mais de 90%&#8221;, diz Andreas Bosshard, Director Geral da Mepha Schweiz AG em Zurique.<br \/>\nEmbora a Mepha tenha lan\u00e7ado 11 gen\u00e9ricos no ano corrente, o crescimento no sector dos gen\u00e9ricos manteve-se bastante abaixo do crescimento global do mercado su\u00ed\u00e7o de gen\u00e9ricos de 7,8%, com um aumento de 5,9%. A Bosshard v\u00ea a raz\u00e3o disto no facto de que cada vez mais empresas originais tamb\u00e9m entram no mercado quando as grandes patentes expiram e oferecem o seu pr\u00f3prio produto gen\u00e9rico.<\/p>\n<h2 id=\"expansao-da-carteira\">Expans\u00e3o da carteira<\/h2>\n<p>A estrat\u00e9gia de expans\u00e3o da carteira de produtos inclui tamb\u00e9m a \u00e1rea das especialidades. Aqui, por exemplo, o Grupo Teva \u00e9 j\u00e1 o l\u00edder mundial do mercado com <sup>Copaxone\u00ae<\/sup>, uma terap\u00eautica para reduzir as reac\u00e7\u00f5es inflamat\u00f3rias no SNC na esclerose m\u00faltipla (EM). &#8220;Temos outro medicamento em prepara\u00e7\u00e3o para o tratamento da EM e, no futuro, iremos tamb\u00e9m concentrar-nos nos nossos pr\u00f3prios novos desenvolvimentos na terapia do cancro, doen\u00e7as respirat\u00f3rias e biossimilares&#8221;, disse o Dr. Lars Thiele, Chefe de Medicamentos de Especialidade da Teva Pharma AG. Espera-se muito de Laquinimod, em particular. A terapia da EM destina-se a retardar a progress\u00e3o da incapacidade de forma precoce e significativa, mas a subst\u00e2ncia ainda n\u00e3o foi aprovada. Em ensaios cl\u00ednicos at\u00e9 \u00e0 data, houve uma melhoria confirmada de 36% com laquinimod 0,6 mg [1].<\/p>\n<h2 id=\"os-medicamentos-sao-apenas-uma-parte-dos-custos-totais-de-saude\">Os medicamentos s\u00e3o apenas uma parte dos custos totais de sa\u00fade<\/h2>\n<p>Como apresenta\u00e7\u00e3o final, o Dr Peter Huber, Director Geral da Intergenerika, falou sobre a situa\u00e7\u00e3o geral dos fabricantes de gen\u00e9ricos:<br \/>\n&#8220;Na Su\u00ed\u00e7a, menos de 10% dos custos dos cuidados de sa\u00fade s\u00e3o atribu\u00edveis aos medicamentos. No entanto, os pre\u00e7os dos medicamentos s\u00e3o muitas vezes vistos como factores de custo e pilhados&#8221;. Isto \u00e9 injustificado, especialmente no que diz respeito ao mercado gen\u00e9rico, uma vez que estes s\u00e3o em m\u00e9dia cerca de 30% mais baratos do que os produtos originais. Isto alivia os custos dos cuidados de sa\u00fade n\u00e3o s\u00f3 directamente atrav\u00e9s do pre\u00e7o mais baixo, mas tamb\u00e9m indirectamente atrav\u00e9s da concorr\u00eancia com os fabricantes originais. Desta forma, mais de mil milh\u00f5es de francos su\u00ed\u00e7os podem ser poupados por ano na Su\u00ed\u00e7a. A avalia\u00e7\u00e3o do Dr Huber sobre o mercado de gen\u00e9ricos su\u00ed\u00e7os \u00e9 fundamentalmente positiva: &#8220;Os gen\u00e9ricos su\u00ed\u00e7os s\u00e3o de muito alta qualidade e n\u00e3o s\u00e3o de forma alguma inferiores aos originais. \u00c9 igualmente importante que, por lei, todos os tamanhos de embalagens e dosagens devem ser oferecidos na Su\u00ed\u00e7a, correspondendo aos originais. Por esta raz\u00e3o, a associa\u00e7\u00e3o \u00e9 tamb\u00e9m contra o princ\u00edpio mais barato. Isto levou a consequ\u00eancias extremamente negativas noutros pa\u00edses como a Alemanha, Holanda ou Dinamarca. Por exemplo, na Holanda, onde o modelo de prefer\u00eancia foi introduzido: Aqui, os novos medicamentos s\u00e3o adquiridos de duas em duas semanas atrav\u00e9s de um processo de concurso. Isto levou a que os pacientes tomassem os seus medicamentos incorrectamente 500.000 vezes por ano. A raz\u00e3o para isto \u00e9 que os doentes por vezes recebem embalagens com textos em l\u00ednguas estrangeiras ou falta o folheto informativo, uma vez que as bolhas individuais s\u00e3o preenchidas em saquetas neutras. Um problema adicional \u00e9 que os pacientes t\u00eam de mudar constantemente para novas prepara\u00e7\u00f5es devido \u00e0s cont\u00ednuas altera\u00e7\u00f5es de pre\u00e7os dos medicamentos individuais. Isto torna o cumprimento mais dif\u00edcil e pode tamb\u00e9m abalar a confian\u00e7a na terapia.<\/p>\n<p><em>Fonte: Evento de m\u00eddia &#8220;Mepha and the Swiss generics market&#8221;, 20 de Novembro de 2013, Zurique.<\/em><\/p>\n<h3 id=\"literatura\">Literatura:<\/h3>\n<ol>\n<li>Comi G et al: Apresentado em: <sup>63\u00aa<\/sup> Reuni\u00e3o Anual da Academia Americana de Neurologia; 9-6 de Abril de 2011 Honolulu, HI. Neurologia 2011; 76(14).<\/li>\n<\/ol>\n<p><em>PR\u00c1TICA DO GP 2014; 9(1): 7-8<\/em><\/p>\n","protected":false},"excerpt":{"rendered":"<p>O sistema de sa\u00fade n\u00e3o est\u00e1 apenas sob constante press\u00e3o de desempenho, mas tamb\u00e9m sob uma press\u00e3o de custos cada vez maior. Isto tamb\u00e9m se aplica \u00e0s empresas de medicamentos&hellip;<\/p>\n","protected":false},"author":4,"featured_media":40199,"comment_status":"closed","ping_status":"","sticky":false,"template":"","format":"standard","meta":{"_acf_changed":false,"pmpro_default_level":"","cat_1_feature_home_top":false,"cat_2_editor_pick":false,"csco_eyebrow_text":"Mercado de gen\u00e9ricos na Su\u00ed\u00e7a","footnotes":""},"category":[11474,11529,11551],"tags":[55621,15594,38676,55599,55613,55608,55602,31377,55626,15667,28745],"powerkit_post_featured":[],"class_list":["post-346020","post","type-post","status-publish","format-standard","has-post-thumbnail","category-prevencao-e-cuidados-de-saude","category-relatorios-do-congresso","category-rx-pt","tag-biosimilar-pt-pt","tag-cuidados-de-saude","tag-custos-de-saude","tag-genericos","tag-mepha-pt-pt","tag-mercado","tag-patente","tag-preco","tag-produto-original","tag-suica","tag-teva-pharma-pt-pt","pmpro-has-access"],"acf":[],"publishpress_future_action":{"enabled":false,"date":"2026-05-04 08:09:43","action":"change-status","newStatus":"draft","terms":[],"taxonomy":"category","extraData":[]},"publishpress_future_workflow_manual_trigger":{"enabledWorkflows":[]},"wpml_current_locale":"pt_PT","wpml_translations":{"es_ES":{"locale":"es_ES","id":346027,"slug":"mepha-se-reestructura-y-afronta-2014-con-esperanza","post_title":"Mepha se reestructura y afronta 2014 con esperanza","href":"https:\/\/medizinonline.com\/es\/mepha-se-reestructura-y-afronta-2014-con-esperanza\/"}},"_links":{"self":[{"href":"https:\/\/medizinonline.com\/pt-pt\/wp-json\/wp\/v2\/posts\/346020","targetHints":{"allow":["GET"]}}],"collection":[{"href":"https:\/\/medizinonline.com\/pt-pt\/wp-json\/wp\/v2\/posts"}],"about":[{"href":"https:\/\/medizinonline.com\/pt-pt\/wp-json\/wp\/v2\/types\/post"}],"author":[{"embeddable":true,"href":"https:\/\/medizinonline.com\/pt-pt\/wp-json\/wp\/v2\/users\/4"}],"replies":[{"embeddable":true,"href":"https:\/\/medizinonline.com\/pt-pt\/wp-json\/wp\/v2\/comments?post=346020"}],"version-history":[{"count":0,"href":"https:\/\/medizinonline.com\/pt-pt\/wp-json\/wp\/v2\/posts\/346020\/revisions"}],"wp:featuredmedia":[{"embeddable":true,"href":"https:\/\/medizinonline.com\/pt-pt\/wp-json\/wp\/v2\/media\/40199"}],"wp:attachment":[{"href":"https:\/\/medizinonline.com\/pt-pt\/wp-json\/wp\/v2\/media?parent=346020"}],"wp:term":[{"taxonomy":"category","embeddable":true,"href":"https:\/\/medizinonline.com\/pt-pt\/wp-json\/wp\/v2\/category?post=346020"},{"taxonomy":"post_tag","embeddable":true,"href":"https:\/\/medizinonline.com\/pt-pt\/wp-json\/wp\/v2\/tags?post=346020"},{"taxonomy":"powerkit_post_featured","embeddable":true,"href":"https:\/\/medizinonline.com\/pt-pt\/wp-json\/wp\/v2\/powerkit_post_featured?post=346020"}],"curies":[{"name":"wp","href":"https:\/\/api.w.org\/{rel}","templated":true}]}}