{"id":346407,"date":"2014-01-24T00:00:00","date_gmt":"2014-01-23T23:00:00","guid":{"rendered":"https:\/\/medizinonline.com\/medicina-desportiva-quo-vadis\/"},"modified":"2014-01-24T00:00:00","modified_gmt":"2014-01-23T23:00:00","slug":"medicina-desportiva-quo-vadis","status":"publish","type":"post","link":"https:\/\/medizinonline.com\/pt-pt\/medicina-desportiva-quo-vadis\/","title":{"rendered":"Medicina desportiva, quo vadis?"},"content":{"rendered":"<p><strong>A medicina desportiva est\u00e1 a tornar-se cada vez mais importante na pr\u00e1tica familiar, mas geralmente falta uma forma\u00e7\u00e3o b\u00e1sica adequada. A fim de colmatar esta lacuna de conhecimento, o Dr Peter Jenoure, MD, antigo presidente e membro honor\u00e1rio da Sociedade Su\u00ed\u00e7a de Medicina Desportiva (SGSM) e membro do conselho editorial da HAUSARZT PRAXIS, apresentar\u00e1 doravante nesta sec\u00e7\u00e3o t\u00f3picos de medicina desportiva relevantes para o praticante.<\/strong><\/p>\n<p> <!--more--> <\/p>\n<p>Dificilmente passa uma semana sem que os meios de comunica\u00e7\u00e3o social mencionem insistentemente que a Sra. e o Sr. su\u00ed\u00e7o s\u00e3o demasiado gordos e n\u00e3o fazem exerc\u00edcio suficiente. Os jovens n\u00e3o se d\u00e3o melhor, e ouvimos mesmo do meio m\u00e9dico especializado que j\u00e1 t\u00eam dist\u00farbios de sa\u00fade que normalmente s\u00f3 s\u00e3o encontrados em adultos mais velhos.<\/p>\n<p>V\u00e1rios especialistas e agora tamb\u00e9m a OMS afirmam que a inactividade f\u00edsica pode tornar-se um dos maiores desafios do s\u00e9culo XXI devido \u00e0s suas consequ\u00eancias para a sa\u00fade. O m\u00e9dico no consult\u00f3rio \u00e9 duplamente desafiado aqui: Deve reconhecer os diversos fen\u00f3menos patol\u00f3gicos, mas tamb\u00e9m prescrever o tratamento correcto, nomeadamente o exerc\u00edcio em toda a sua diversidade. E devidamente doseado, controlado e sem as frequentes desvantagens das formas convencionais de terapia.<\/p>\n<p>Sempre da mesma imprensa leiga, tamb\u00e9m se ouve dizer regularmente que as actividades desportivas causam cerca de 300.000 v\u00edtimas ano ap\u00f3s ano s\u00f3 na Su\u00ed\u00e7a. Mesmo que a maioria destes acidentes desportivos sejam de natureza benigna, produzem muito sofrimento, perda de tempo de trabalho e custos acumulados. E mais uma vez, o m\u00e9dico est\u00e1 na primeira fila quando se trata de ajudar estas v\u00edtimas na sua busca de uma recupera\u00e7\u00e3o mais r\u00e1pida.<\/p>\n<p>Assim, quer os seus pacientes fa\u00e7am muito pouco ou muito desporto, o m\u00e9dico de cuidados prim\u00e1rios \u00e9 confrontado com ambas as situa\u00e7\u00f5es, cuja avalia\u00e7\u00e3o n\u00e3o \u00e9 tarefa f\u00e1cil: ele deve saltar constantemente das quest\u00f5es m\u00e9dicas mais internas para as claramente mais cir\u00fargicas, em parte como instrutor desportivo, depois como motivador, mas sempre como m\u00e9dico. E esta n\u00e3o \u00e9 certamente uma tarefa f\u00e1cil com uma forma\u00e7\u00e3o b\u00e1sica em medicina desportiva que ainda falta na sua maioria.<\/p>\n<p>A fim de colmatar a lacuna de conhecimentos, informaremos regularmente sobre quest\u00f5es de medicina desportiva, come\u00e7ando com esta edi\u00e7\u00e3o do HAUSARZT PRAXIS. Esperamos que goste de o ler e aguardamos o seu feedback atrav\u00e9s de <a href=\"mailto:sb@primemedic.ch?subject=Feedback\">lg@primemedic.ch<\/a>.<\/p>\n<p><strong>Os editores<\/strong><\/p>\n<p><em>PR\u00c1TICA DO GP 2014; 9(1): 4<\/em><\/p>\n","protected":false},"excerpt":{"rendered":"<p>A medicina desportiva est\u00e1 a tornar-se cada vez mais importante na pr\u00e1tica familiar, mas geralmente falta uma forma\u00e7\u00e3o b\u00e1sica adequada. A fim de colmatar esta lacuna de conhecimento, o Dr&hellip;<\/p>\n","protected":false},"author":4,"featured_media":40159,"comment_status":"closed","ping_status":"","sticky":false,"template":"","format":"standard","meta":{"_acf_changed":false,"pmpro_default_level":"","cat_1_feature_home_top":false,"cat_2_editor_pick":false,"csco_eyebrow_text":"Nova s\u00e9rie","footnotes":""},"category":[11320,11517,11445,11474,11551],"tags":[58292,14702,58285,19465,58277],"powerkit_post_featured":[],"class_list":["post-346407","post","type-post","status-publish","format-standard","has-post-thumbnail","category-medicina-desportiva","category-noticias-pt-pt","category-ortopedia-pt-pt","category-prevencao-e-cuidados-de-saude","category-rx-pt","tag-acidentes-desportivos","tag-medicina-desportiva","tag-movimento-pt-pt","tag-oms-pt-pt","tag-sgsm-pt-pt","pmpro-has-access"],"acf":[],"publishpress_future_action":{"enabled":false,"date":"2026-05-04 04:23:12","action":"change-status","newStatus":"draft","terms":[],"taxonomy":"category","extraData":[]},"publishpress_future_workflow_manual_trigger":{"enabledWorkflows":[]},"wpml_current_locale":"pt_PT","wpml_translations":{"es_ES":{"locale":"es_ES","id":346414,"slug":"medicina-deportiva-quo-vadis","post_title":"Medicina deportiva, quo vadis?","href":"https:\/\/medizinonline.com\/es\/medicina-deportiva-quo-vadis\/"}},"_links":{"self":[{"href":"https:\/\/medizinonline.com\/pt-pt\/wp-json\/wp\/v2\/posts\/346407","targetHints":{"allow":["GET"]}}],"collection":[{"href":"https:\/\/medizinonline.com\/pt-pt\/wp-json\/wp\/v2\/posts"}],"about":[{"href":"https:\/\/medizinonline.com\/pt-pt\/wp-json\/wp\/v2\/types\/post"}],"author":[{"embeddable":true,"href":"https:\/\/medizinonline.com\/pt-pt\/wp-json\/wp\/v2\/users\/4"}],"replies":[{"embeddable":true,"href":"https:\/\/medizinonline.com\/pt-pt\/wp-json\/wp\/v2\/comments?post=346407"}],"version-history":[{"count":0,"href":"https:\/\/medizinonline.com\/pt-pt\/wp-json\/wp\/v2\/posts\/346407\/revisions"}],"wp:featuredmedia":[{"embeddable":true,"href":"https:\/\/medizinonline.com\/pt-pt\/wp-json\/wp\/v2\/media\/40159"}],"wp:attachment":[{"href":"https:\/\/medizinonline.com\/pt-pt\/wp-json\/wp\/v2\/media?parent=346407"}],"wp:term":[{"taxonomy":"category","embeddable":true,"href":"https:\/\/medizinonline.com\/pt-pt\/wp-json\/wp\/v2\/category?post=346407"},{"taxonomy":"post_tag","embeddable":true,"href":"https:\/\/medizinonline.com\/pt-pt\/wp-json\/wp\/v2\/tags?post=346407"},{"taxonomy":"powerkit_post_featured","embeddable":true,"href":"https:\/\/medizinonline.com\/pt-pt\/wp-json\/wp\/v2\/powerkit_post_featured?post=346407"}],"curies":[{"name":"wp","href":"https:\/\/api.w.org\/{rel}","templated":true}]}}