{"id":346944,"date":"2013-09-20T00:00:00","date_gmt":"2013-09-19T22:00:00","guid":{"rendered":"https:\/\/medizinonline.com\/a-terapia-interdisciplinar-traz-o-sucesso-desejado\/"},"modified":"2013-09-20T00:00:00","modified_gmt":"2013-09-19T22:00:00","slug":"a-terapia-interdisciplinar-traz-o-sucesso-desejado","status":"publish","type":"post","link":"https:\/\/medizinonline.com\/pt-pt\/a-terapia-interdisciplinar-traz-o-sucesso-desejado\/","title":{"rendered":"A terapia interdisciplinar traz o sucesso desejado"},"content":{"rendered":"<p><strong>Basicamente, a dor nas costas n\u00e3o espec\u00edfica \u00e9 uma condi\u00e7\u00e3o benigna, mas \u00e9 muito comum nos pa\u00edses industrializados e tem, portanto, um grande impacto socioecon\u00f3mico. Os fundamentos do diagn\u00f3stico s\u00e3o uma hist\u00f3ria m\u00e9dica detalhada e um exame cl\u00ednico completo. Para avaliar a probabilidade de cronicidade da dor, devem ser tidos em conta os factores de risco psicossociais, as chamadas &#8220;bandeiras amarelas&#8221;. A terapia de escolha para as dores cr\u00f3nicas n\u00e3o espec\u00edficas das costas \u00e9 um tratamento multimodal e interdisciplinar que \u00e9 uma combina\u00e7\u00e3o de movimento e terapia comportamental (apoiada por t\u00e9cnicas de relaxamento e educa\u00e7\u00e3o).<\/strong><\/p>\n<p> <!--more--> <\/p>\n<p>O termo &#8220;dor nas costas n\u00e3o espec\u00edfica&#8221; descreve uma condi\u00e7\u00e3o basicamente benigna. Em contraste com a dor espec\u00edfica, onde existe uma causa diagnostic\u00e1vel para a dor (por exemplo, tumor, infec\u00e7\u00e3o, fractura, disco escorregadio, etc.), n\u00e3o se podem obter indica\u00e7\u00f5es claras de uma causa espec\u00edfica para a dor n\u00e3o espec\u00edfica. As dores lombares inespec\u00edficas n\u00e3o devem portanto ser consideradas como uma desordem local de um ou mais segmentos de movimento, mas como uma s\u00edndrome complexa de dor e desconforto [1].<\/p>\n<p>Normalmente, as dores nas costas s\u00e3o auto-limitadas. A taxa de recupera\u00e7\u00e3o de dores agudas nas costas \u00e9 de 90%. Em cerca de 5% dos casos, existe um curso ligeiramente mais longo, e 2-7% dos doentes desenvolvem dor cr\u00f3nica [2].<\/p>\n<p>No contexto das dores nas costas, o termo &#8220;cr\u00f3nicas&#8221; descreve muito mais do que a mera dura\u00e7\u00e3o das queixas. Pelo contr\u00e1rio, as dores cr\u00f3nicas nas costas desenvolvem-se lenta e progressivamente na maioria dos casos, sem que uma causa desencadeante seja identific\u00e1vel. Ao longo do tempo, a cronifica\u00e7\u00e3o conduz a um quadro cl\u00ednico independente, caracterizado por stress psicol\u00f3gico, sintomas depressivos e falta de mecanismos de processamento [3].<\/p>\n<h2 id=\"epidemiologia-e-consequencias-socioeconomicas\">Epidemiologia e consequ\u00eancias socioecon\u00f3micas<\/h2>\n<p>A epidemiologia das dores lombares \u00e9 bem estudada em muitos estudos internacionais e nacionais. A preval\u00eancia de pontos situa-se entre 12 e 33%, a preval\u00eancia de um ano entre 22 e 65% [4]. Al\u00e9m do g\u00e9nero (as mulheres s\u00e3o mais frequentemente afectadas do que os homens), o n\u00edvel de educa\u00e7\u00e3o \u00e9 um factor de risco importante para a ocorr\u00eancia de dores nas costas [5].<\/p>\n<p>As dores nas costas causam custos consider\u00e1veis, \u00e9 uma das doen\u00e7as mais caras nos pa\u00edses industrializados. O custo total das dores cr\u00f3nicas nas costas \u00e9 reportado como sendo de 0,7-1,7% do produto interno bruto [6, 7]. Dos custos incorridos, 15% s\u00e3o custos directos para o sistema de sa\u00fade, 85% dos custos resultam da perda de produtividade devido \u00e0 incapacidade de trabalhar [8].<\/p>\n<h2 id=\"gestao-de-lombalgias-cronicas-nao-especificas\">Gest\u00e3o de lombalgias cr\u00f3nicas&nbsp;n\u00e3o espec\u00edficas<\/h2>\n<p>O tratamento \u00f3ptimo das dores cr\u00f3nicas n\u00e3o espec\u00edficas das costas consiste num diagn\u00f3stico exaustivo, bem como numa terapia multimodal. O objectivo do tratamento \u00e9 excluir doen\u00e7as espec\u00edficas que precisam de ser tratadas, para promover a compreens\u00e3o da doen\u00e7a e para prevenir comportamentos nocivos. Na melhor das hip\u00f3teses, a introdu\u00e7\u00e3o atempada de medidas som\u00e1ticas, psicoterap\u00eauticas e de terapia do movimento pode manter ou restaurar a capacidade de trabalhar e prevenir ou reduzir a defici\u00eancia.<\/p>\n<h2 id=\"diagnosticos\">Diagn\u00f3sticos<\/h2>\n<p>Uma hist\u00f3ria m\u00e9dica detalhada e um exame cl\u00ednico abrangente s\u00e3o as pedras angulares do diagn\u00f3stico. A anamnese deve incluir informa\u00e7\u00f5es sobre as caracter\u00edsticas da dor, tais como localiza\u00e7\u00e3o e radia\u00e7\u00e3o da dor, in\u00edcio das queixas, desencadeamento, agravamento ou al\u00edvio de factores, o decurso do dia, grau de defici\u00eancia no desempenho das actividades di\u00e1rias, bem como indica\u00e7\u00f5es de factores de risco psicossociais. \u00c9 importante encontrar sinais de aviso para uma doen\u00e7a espec\u00edfica trat\u00e1vel, as chamadas &#8220;bandeiras vermelhas&#8221;<strong>(Tab. 1<\/strong>).<\/p>\n<p><img fetchpriority=\"high\" decoding=\"async\" class=\" size-full wp-image-2268\" src=\"https:\/\/medizinonline.com\/wp-content\/uploads\/2013\/09\/tzu1.jpg-107697_845.jpg\" width=\"1100\" height=\"394\" srcset=\"https:\/\/medizinonline.com\/wp-content\/uploads\/2013\/09\/tzu1.jpg-107697_845.jpg 1100w, https:\/\/medizinonline.com\/wp-content\/uploads\/2013\/09\/tzu1.jpg-107697_845-800x287.jpg 800w, https:\/\/medizinonline.com\/wp-content\/uploads\/2013\/09\/tzu1.jpg-107697_845-120x43.jpg 120w, https:\/\/medizinonline.com\/wp-content\/uploads\/2013\/09\/tzu1.jpg-107697_845-90x32.jpg 90w, https:\/\/medizinonline.com\/wp-content\/uploads\/2013\/09\/tzu1.jpg-107697_845-320x115.jpg 320w, https:\/\/medizinonline.com\/wp-content\/uploads\/2013\/09\/tzu1.jpg-107697_845-560x201.jpg 560w\" sizes=\"(max-width: 1100px) 100vw, 1100px\" \/><\/p>\n<p>O diagn\u00f3stico serve tamb\u00e9m para objectivar as queixas e as perturba\u00e7\u00f5es funcionais resultantes como base para o controlo do curso da doen\u00e7a. A utiliza\u00e7\u00e3o de question\u00e1rios e\/ou formul\u00e1rios de documenta\u00e7\u00e3o normalizados pode ser \u00fatil para este fim. O terceiro objectivo do diagn\u00f3stico \u00e9 identificar os factores que representam um risco de cronicidade da dor, as chamadas &#8220;bandeiras amarelas&#8221; <strong>(Tab. 2<\/strong>).<\/p>\n<p><img decoding=\"async\" class=\"size-full wp-image-2269 lazyload\" data-src=\"https:\/\/medizinonline.com\/wp-content\/uploads\/2013\/09\/tzu2.jpg-113b85_846.jpg\" width=\"1100\" height=\"259\" data-srcset=\"https:\/\/medizinonline.com\/wp-content\/uploads\/2013\/09\/tzu2.jpg-113b85_846.jpg 1100w, https:\/\/medizinonline.com\/wp-content\/uploads\/2013\/09\/tzu2.jpg-113b85_846-800x188.jpg 800w, https:\/\/medizinonline.com\/wp-content\/uploads\/2013\/09\/tzu2.jpg-113b85_846-120x28.jpg 120w, https:\/\/medizinonline.com\/wp-content\/uploads\/2013\/09\/tzu2.jpg-113b85_846-90x21.jpg 90w, https:\/\/medizinonline.com\/wp-content\/uploads\/2013\/09\/tzu2.jpg-113b85_846-320x75.jpg 320w, https:\/\/medizinonline.com\/wp-content\/uploads\/2013\/09\/tzu2.jpg-113b85_846-560x132.jpg 560w\" data-sizes=\"(max-width: 1100px) 100vw, 1100px\" src=\"data:image\/svg+xml;base64,PHN2ZyB3aWR0aD0iMSIgaGVpZ2h0PSIxIiB4bWxucz0iaHR0cDovL3d3dy53My5vcmcvMjAwMC9zdmciPjwvc3ZnPg==\" style=\"--smush-placeholder-width: 1100px; --smush-placeholder-aspect-ratio: 1100\/259;\" \/><\/p>\n<p>Se n\u00e3o houver indica\u00e7\u00f5es de cursos perigosos e outras patologias graves atrav\u00e9s da cuidadosa anamnese e exame cl\u00ednico, n\u00e3o s\u00e3o inicialmente necess\u00e1rias outras medidas de diagn\u00f3stico.<\/p>\n<h2 id=\"terapia\">Terapia<\/h2>\n<p>A terapia das dores cr\u00f3nicas n\u00e3o espec\u00edficas das costas \u00e9 orientada, por um lado, para a dor e, por outro lado, para a limita\u00e7\u00e3o funcional do paciente. O enfoque est\u00e1 na activa\u00e7\u00e3o das pessoas afectadas. Em particular, deve ser prestada aten\u00e7\u00e3o \u00e0 presen\u00e7a de factores de risco para a cronifica\u00e7\u00e3o de dores lombares agudas (&#8220;bandeiras amarelas&#8221;). O tratamento multimodal e interdisciplinar deve ser iniciado o mais cedo poss\u00edvel, uma vez que os conceitos de tratamento monomodal s\u00f3 s\u00e3o indicados para dor aguda e subaguda [9, 10].<\/p>\n<p>A um n\u00edvel som\u00e1tico, a melhor evid\u00eancia existe para a terapia de exerc\u00edcio de qualquer forma. N\u00e3o foi encontrado nenhum tipo espec\u00edfico de exerc\u00edcio que tenha vantagem sobre qualquer outro tipo (exerc\u00edcio aer\u00f3bico, treino muscular, exerc\u00edcios de alongamento, etc.). Por este motivo, o tipo de exerc\u00edcio deve depender das prefer\u00eancias do paciente [11, 12]. A manipula\u00e7\u00e3o\/mobiliza\u00e7\u00e3o pode ser ben\u00e9fica em casos individuais para apoiar a terapia de movimento [13]. N\u00e3o podem ser recomendados procedimentos n\u00e3o medicamentosos, tais como prescri\u00e7\u00e3o de repouso na cama, massagem, terapia de interfer\u00eancia, terapia laser, terapia de campo magn\u00e9tico ou terapia ocupacional. Em particular, nenhum procedimento invasivo, percut\u00e2neo ou cir\u00fargico, foi capaz de mostrar uma melhoria nas dores lombares n\u00e3o espec\u00edficas.<\/p>\n<p>Para apoiar o tratamento, pode ser \u00fatil utilizar a acupunctura e a terapia TENS como m\u00e9todos adicionais n\u00e3o medicamentosos.<\/p>\n<p>A indica\u00e7\u00e3o de terapia medicamentosa em dores cr\u00f3nicas n\u00e3o espec\u00edficas das costas \u00e9 uma utiliza\u00e7\u00e3o tempor\u00e1ria na fase em que as medidas terap\u00eauticas de activa\u00e7\u00e3o s\u00e3o implementadas. Neste caso, os analg\u00e9sicos (tanto os n\u00e3o opi\u00f3ides e opi\u00f3ides como os relaxantes musculares) devem ser tomados de acordo com um hor\u00e1rio fixo, e a necessidade de terapia deve ser verificada interrompendo a administra\u00e7\u00e3o ap\u00f3s apenas alguns dias. Os opi\u00e1ceos s\u00f3 devem ser considerados se os doentes n\u00e3o responderem aos n\u00e3o opi\u00e1ceos. No caso de relaxantes musculares (especialmente benzodiazepinas), deve ser dada especial aten\u00e7\u00e3o ao consider\u00e1vel potencial de depend\u00eancia; a utiliza\u00e7\u00e3o cr\u00f3nica de uma benzodiazepina pode tamb\u00e9m tornar a terapia multimodal activa consideravelmente mais dif\u00edcil.<\/p>\n<p>Os antidepressivos (especialmente os antidepressivos tric\u00edclicos) s\u00e3o tamb\u00e9m utilizados para a terapia da dor. No entanto, as prepara\u00e7\u00f5es desta classe de subst\u00e2ncias n\u00e3o demonstraram ser mais eficazes do que placebo em termos de al\u00edvio da dor, melhoria da defici\u00eancia funcional e depress\u00e3o [14].<\/p>\n<p>A n\u00edvel psico-social, h\u00e1 provas claras de que a terapia cognitiva comportamental, especialmente em combina\u00e7\u00e3o com t\u00e9cnicas de relaxamento, pode alcan\u00e7ar uma redu\u00e7\u00e3o na intensidade da dor [10, 15]. N\u00e3o s\u00e3o encontradas diferen\u00e7as de efic\u00e1cia entre os diferentes tipos de terapia comportamental (baseada, por exemplo, no modelo cognitivo-comportamental, na resposta ou no modelo operante).<\/p>\n<p><em><strong>Tim Reck, MD<\/strong><\/em><\/p>\n<p>Literatura:<\/p>\n<ol>\n<li>Raspe H, Kohlmann T: Dores de costas &#8211; uma epidemia dos nossos dias? Deutsches \u00c4rzteblatt 1993; 90: 2165-2172.<\/li>\n<li>Andersson GB: A epidemiologia das patologias da coluna vertebral. In: Frymoyer JW, editor. A coluna vertebral adulta: Princ\u00edpios e Pr\u00e1tica. Filad\u00e9lfia: Lippincott-Raven 1997; 93-141.<\/li>\n<li>Waddell G: An\u00e1lise biopsicossocial da dor lombar. Baillieres Clin Rheumatol 1992; 6(3): 523-557.<\/li>\n<li>Walker BF: A preval\u00eancia das dores lombares: uma revis\u00e3o sistem\u00e1tica da literatura de 1966 a 1998. J Spinal Disord 2000; 13: 205-217.<\/li>\n<li>Deyo RA, Mirza SK, Martin BI: Preval\u00eancia da dor nas costas e taxas de visita: estimativas dos inqu\u00e9ritos nacionais dos EUA, 2002. Coluna 2006; 31(23): 2724-2727.<\/li>\n<li>Ekman M, Johnell O, Lidgren L: O custo econ\u00f3mico das dores lombares baixas na Su\u00e9cia em 2001. Acta Orthop 2005; 76(2): 275-284.<\/li>\n<li>Van Tulder MW, Koes BW, Bouter LM: Um estudo do custo da doen\u00e7a das dores nas costas na Holanda. Dor 1995; 62: 233-240.<\/li>\n<li>Instituto Robert Koch (RKI): Sa\u00fade na Alemanha. Berlim: RKI; 2006. Dispon\u00edvel em: www.gbe-bund.de\/gbe10\/trecherche.prc_them_rech?tk=200&amp;tk2=240&amp; p_uid= gast&amp;p_aid=58690113&amp;p_sprache=D&amp;cnt_ut=1&amp;ut=240.<\/li>\n<li>Airaksinen O, et al.: Directrizes europeias para a gest\u00e3o de dores lombares cr\u00f3nicas n\u00e3o espec\u00edficas. Direc\u00e7\u00e3o Geral de Investiga\u00e7\u00e3o da Comiss\u00e3o Europeia; 2004.<\/li>\n<li>Chou R, Huffman LH: Nonpharmacologic therapies for acute and chronic low back pain pain: a review of the evidence for an American Pain Society\/American College of Physicians clinical practice guideline. Ann Intern Med 2007; 147(7): 492-504.<\/li>\n<li>Hayden JA, et al: Exerc\u00edcio terap\u00eautico para o tratamento de dores lombares n\u00e3o espec\u00edficas. Cochrane Database Syst Rev 2005; (3): CD000335.<\/li>\n<li>Wai EK, et al: Gest\u00e3o das dores lombares cr\u00f3nicas com actividade f\u00edsica, cessa\u00e7\u00e3o do tabagismo, e perda de peso, com base em provas. Coluna J 2008; 8(1): 195-202.<\/li>\n<li>UK BEAM Trial Team: exerc\u00edcio e manipula\u00e7\u00e3o das dores lombares no Reino Unido (UK BEAM) ensaio aleatorizado: efic\u00e1cia dos tratamentos f\u00edsicos para as dores lombares nos cuidados prim\u00e1rios. BMJ 2004; 329(7479): 1377.<\/li>\n<li>Urquhart DM, et al: Antidepressivos para dores lombares baixas n\u00e3o espec\u00edficas. Cochrane Database Syst Rev 2008; (1): CD001703.<\/li>\n<li>Ostelo RW, et al: Tratamento comportamental para dores lombares cr\u00f3nicas. Cochrane Database Syst Rev 2005; (1): CD002014.<\/li>\n<li>Jensen IB, et al: Um acompanhamento de 3 anos de um programa de reabilita\u00e7\u00e3o multidisciplinar para dores nas costas e pesco\u00e7o. Dor 2005; 115(3): 273-283.0.<\/li>\n<\/ol>\n","protected":false},"excerpt":{"rendered":"<p>Basicamente, a dor nas costas n\u00e3o espec\u00edfica \u00e9 uma condi\u00e7\u00e3o benigna, mas \u00e9 muito comum nos pa\u00edses industrializados e tem, portanto, um grande impacto socioecon\u00f3mico. Os fundamentos do diagn\u00f3stico s\u00e3o&hellip;<\/p>\n","protected":false},"author":4,"featured_media":36780,"comment_status":"closed","ping_status":"","sticky":false,"template":"","format":"standard","meta":{"_acf_changed":false,"pmpro_default_level":"","cat_1_feature_home_top":false,"cat_2_editor_pick":false,"csco_eyebrow_text":"Dores cr\u00f3nicas n\u00e3o espec\u00edficas das costas","footnotes":""},"category":[11524,11305,11445,11481,11551],"tags":[11598,17939,20272,17912,17464,26100,29459,60629,14993,16671,16990,45004,60637],"powerkit_post_featured":[],"class_list":["post-346944","post","type-post","status-publish","format-standard","has-post-thumbnail","category-formacao-continua","category-medicina-interna-geral","category-ortopedia-pt-pt","category-psiquiatria-e-psicoterapia","category-rx-pt","tag-analgesicos-pt-pt","tag-antidepressivos","tag-cronica","tag-custos","tag-dores-de-costas","tag-gestao","tag-historia-medica","tag-nao-especifico","tag-opiode-pt-pt","tag-prevalencia","tag-risco","tag-somatic","tag-terapia-interdisciplinar","pmpro-has-access"],"acf":[],"publishpress_future_action":{"enabled":false,"date":"2026-05-04 18:55:59","action":"change-status","newStatus":"draft","terms":[],"taxonomy":"category","extraData":[]},"publishpress_future_workflow_manual_trigger":{"enabledWorkflows":[]},"wpml_current_locale":"pt_PT","wpml_translations":{"es_ES":{"locale":"es_ES","id":346949,"slug":"la-terapia-interdisciplinar-aporta-el-exito-deseado","post_title":"La terapia interdisciplinar aporta el \u00e9xito deseado","href":"https:\/\/medizinonline.com\/es\/la-terapia-interdisciplinar-aporta-el-exito-deseado\/"}},"_links":{"self":[{"href":"https:\/\/medizinonline.com\/pt-pt\/wp-json\/wp\/v2\/posts\/346944","targetHints":{"allow":["GET"]}}],"collection":[{"href":"https:\/\/medizinonline.com\/pt-pt\/wp-json\/wp\/v2\/posts"}],"about":[{"href":"https:\/\/medizinonline.com\/pt-pt\/wp-json\/wp\/v2\/types\/post"}],"author":[{"embeddable":true,"href":"https:\/\/medizinonline.com\/pt-pt\/wp-json\/wp\/v2\/users\/4"}],"replies":[{"embeddable":true,"href":"https:\/\/medizinonline.com\/pt-pt\/wp-json\/wp\/v2\/comments?post=346944"}],"version-history":[{"count":0,"href":"https:\/\/medizinonline.com\/pt-pt\/wp-json\/wp\/v2\/posts\/346944\/revisions"}],"wp:featuredmedia":[{"embeddable":true,"href":"https:\/\/medizinonline.com\/pt-pt\/wp-json\/wp\/v2\/media\/36780"}],"wp:attachment":[{"href":"https:\/\/medizinonline.com\/pt-pt\/wp-json\/wp\/v2\/media?parent=346944"}],"wp:term":[{"taxonomy":"category","embeddable":true,"href":"https:\/\/medizinonline.com\/pt-pt\/wp-json\/wp\/v2\/category?post=346944"},{"taxonomy":"post_tag","embeddable":true,"href":"https:\/\/medizinonline.com\/pt-pt\/wp-json\/wp\/v2\/tags?post=346944"},{"taxonomy":"powerkit_post_featured","embeddable":true,"href":"https:\/\/medizinonline.com\/pt-pt\/wp-json\/wp\/v2\/powerkit_post_featured?post=346944"}],"curies":[{"name":"wp","href":"https:\/\/api.w.org\/{rel}","templated":true}]}}