{"id":346961,"date":"2013-10-15T00:00:00","date_gmt":"2013-10-14T22:00:00","guid":{"rendered":"https:\/\/medizinonline.com\/alteracoes-das-caracteristicas-do-mr\/"},"modified":"2013-10-15T00:00:00","modified_gmt":"2013-10-14T22:00:00","slug":"alteracoes-das-caracteristicas-do-mr","status":"publish","type":"post","link":"https:\/\/medizinonline.com\/pt-pt\/alteracoes-das-caracteristicas-do-mr\/","title":{"rendered":"Altera\u00e7\u00f5es das caracter\u00edsticas do MR"},"content":{"rendered":"<p><strong>A invers\u00e3o hipocampal incompleta (IHI), tamb\u00e9m chamada malrota\u00e7\u00e3o hipocampal, \u00e9 uma perturba\u00e7\u00e3o do desenvolvimento fetal com inflex\u00e3o incompleta do giro denteado fetal, corno am\u00f3nico, subiculum e giro parahipocampal [1]. Na maioria dos casos, o IHI \u00e9 unilateral e est\u00e1 localizado \u00e0 esquerda. O IHI Bilateral \u00e9 muito raro [1]. S\u00e3o poss\u00edveis anomalias concomitantes do desenvolvimento cerebral. O IHI foi inicialmente descrito em doentes com epilepsia ou perturba\u00e7\u00f5es graves do desenvolvimento cerebral. Contudo, estudos recentes mostram que o IHI tamb\u00e9m ocorre na popula\u00e7\u00e3o saud\u00e1vel com uma frequ\u00eancia entre aproximadamente 4 e 19% [1, 2], mas na sua maioria unilateralmente e de forma incompleta. Relatamos um caso de IHI bilateral completo num paciente com epilepsia.<\/strong><\/p>\n<p> <!--more--> <\/p>\n<h2 id=\"relatorio-de-caso\">Relat\u00f3rio de caso:<\/h2>\n<p>Uma paciente feminina de 35 anos apresentou ao nosso departamento de urg\u00eancias com graves dores de cabe\u00e7a. A hist\u00f3ria pessoal inclu\u00eda enxaqueca sem aura e epilepsia desde a inf\u00e2ncia. Esta \u00faltima manifestou-se primeiro com a idade de oito meses por convuls\u00f5es febris, que mais tarde se manifestaram por convuls\u00f5es t\u00f3nico-cl\u00f3nicas generalizadas, aus\u00eancias e epis\u00f3dios de mioclonia negativa (quedas sem perda de consci\u00eancia e sem queda de objectos). O exame neurol\u00f3gico cl\u00ednico n\u00e3o foi not\u00f3rio na admiss\u00e3o. O paciente estava em terapia anticonvulsiva com primidona. Os exames EEG anteriores tinham mostrado repetidamente actividade epil\u00e9ptica generalizada com resultados focais intermitentes, mordidas temporais e padr\u00f5es de ondas de picos com uma frequ\u00eancia de 3\/segundo. As imagens cranianas n\u00e3o tinham sido realizadas anteriormente.<br \/>\nA resson\u00e2ncia magn\u00e9tica realizada durante a interna\u00e7\u00e3o mostrou IHI bilateral como a \u00fanica anormalidade.<\/p>\n<h2 id=\"imagiologia\">Imagiologia:<\/h2>\n<p>As imagens coronais T2w <strong>(Fig. 1a-c) <\/strong>mostram os sinais t\u00edpicos do IHI do rostral ao dorsal: hipocampo de configura\u00e7\u00e3o arredondada (seta curta) com comportamento e volume de sinal normal, estrutura interna desfocada do hipocampo, trompa temporal dilatada (seta longa) e sulco colateral verticalmente orientado (seta de bloco) [1\u20133]. Em compara\u00e7\u00e3o, o hipocampo normalmente configurado de um sujeito saud\u00e1vel nas imagens coronal T2w <strong>(Fig. 1d-f)<\/strong> mostra a t\u00edpica forma oval (tri\u00e2ngulo) com chifre temporal estreito e sulco colateral mais horizontalmente orientado.<\/p>\n<p><strong>Discuss\u00e3o:<\/strong> A inflex\u00e3o incompleta das estruturas hipocampais e parahipocampais resulta numa forma\u00e7\u00e3o hipocampal arredondada ou piramidal em plano de sec\u00e7\u00e3o coronal. No IHI, o volume total do hipocampo n\u00e3o se afasta da norma, mas o di\u00e2metro craniocaudal \u00e9 igual ou superior ao di\u00e2metro transversal em compara\u00e7\u00e3o com o hipocampo normalmente rodado. O corno temporal do ventr\u00edculo lateral aparece assim dilatado. O giro parahipocampal parece mais orientado verticalmente devido \u00e0 convolu\u00e7\u00e3o incompleta. O IHI pode estender-se por todo o hipocampo (completo) ou afectar apenas partes (parcial) [2]. O nosso paciente apresenta-se com um IHI bilateral completo.<\/p>\n<p>Apesar das anomalias estruturais, o IHI normalmente n\u00e3o mostra o envelhecimento do sinal em T2w [3]. Embora o IHI pare\u00e7a estar associado \u00e0 epilepsia sintom\u00e1tica na maioria dos casos, evid\u00eancias recentes da literatura sugerem que tamb\u00e9m se pode manifestar em indiv\u00edduos saud\u00e1veis sem outras anomalias de desenvolvimento cerebral [1].<br \/>\nAssim, o significado funcional-patol\u00f3gico do IHI \u00e9 incerto at\u00e9 agora. Por conseguinte, s\u00e3o necess\u00e1rios mais estudos cient\u00edficos para definir o valor patol\u00f3gico desta entidade de forma mais detalhada.<\/p>\n<p><img fetchpriority=\"high\" decoding=\"async\" class=\" size-full wp-image-2321\" src=\"https:\/\/medizinonline.com\/wp-content\/uploads\/2013\/10\/i_bild.jpg-dd723d_895.jpg\" width=\"1100\" height=\"676\" srcset=\"https:\/\/medizinonline.com\/wp-content\/uploads\/2013\/10\/i_bild.jpg-dd723d_895.jpg 1100w, https:\/\/medizinonline.com\/wp-content\/uploads\/2013\/10\/i_bild.jpg-dd723d_895-800x492.jpg 800w, https:\/\/medizinonline.com\/wp-content\/uploads\/2013\/10\/i_bild.jpg-dd723d_895-120x74.jpg 120w, https:\/\/medizinonline.com\/wp-content\/uploads\/2013\/10\/i_bild.jpg-dd723d_895-90x55.jpg 90w, https:\/\/medizinonline.com\/wp-content\/uploads\/2013\/10\/i_bild.jpg-dd723d_895-320x197.jpg 320w, https:\/\/medizinonline.com\/wp-content\/uploads\/2013\/10\/i_bild.jpg-dd723d_895-560x344.jpg 560w\" sizes=\"(max-width: 1100px) 100vw, 1100px\" \/><\/p>\n<p>&nbsp;<\/p>\n<p>Literatura:<\/p>\n<ol>\n<li>Bajic et al: Incomplete Inversion of the hippocampus &#8211; a common developmental anomaly; Eur Radiol 2008.<\/li>\n<li>Bernasconi et al.: An\u00e1lise da forma e posicionamento da forma\u00e7\u00e3o hipocampal: um estudo de resson\u00e2ncia magn\u00e9tica; Brain 2005.<\/li>\n<li>Gamss RP, et al: Preval\u00eancia de malrota\u00e7\u00e3o hipocampal numa popula\u00e7\u00e3o sem convuls\u00f5es. AJNR Am J Neuroradiol 2009.<\/li>\n<\/ol>\n","protected":false},"excerpt":{"rendered":"<p>A invers\u00e3o hipocampal incompleta (IHI), tamb\u00e9m chamada malrota\u00e7\u00e3o hipocampal, \u00e9 uma perturba\u00e7\u00e3o do desenvolvimento fetal com inflex\u00e3o incompleta do giro denteado fetal, corno am\u00f3nico, subiculum e giro parahipocampal [1]. Na&hellip;<\/p>\n","protected":false},"author":4,"featured_media":37105,"comment_status":"closed","ping_status":"","sticky":false,"template":"","format":"standard","meta":{"_acf_changed":false,"pmpro_default_level":"","cat_1_feature_home_top":false,"cat_2_editor_pick":false,"csco_eyebrow_text":"A invers\u00e3o hipocampal incompleta  ","footnotes":""},"category":[11350,11536,11374,11551],"tags":[11785,60720,29459,60730,60711,60726,60734,60740],"powerkit_post_featured":[],"class_list":["post-346961","post","type-post","status-publish","format-standard","has-post-thumbnail","category-angiologia-pt-pt","category-casos-pt-pt","category-neurologia-pt-pt","category-rx-pt","tag-epilepsia","tag-hippocampal-pt-pt","tag-historia-medica","tag-ihi-pt-pt","tag-incompleto-pt-pt","tag-inversao","tag-malrotacao","tag-perturbacoes-do-desenvolvimento-cerebral","pmpro-has-access"],"acf":[],"publishpress_future_action":{"enabled":false,"date":"2026-05-07 02:00:08","action":"change-status","newStatus":"draft","terms":[],"taxonomy":"category","extraData":[]},"publishpress_future_workflow_manual_trigger":{"enabledWorkflows":[]},"wpml_current_locale":"pt_PT","wpml_translations":{"es_ES":{"locale":"es_ES","id":346967,"slug":"cambios-caracteristicos-en-la-rm","post_title":"Cambios caracter\u00edsticos en la RM","href":"https:\/\/medizinonline.com\/es\/cambios-caracteristicos-en-la-rm\/"}},"_links":{"self":[{"href":"https:\/\/medizinonline.com\/pt-pt\/wp-json\/wp\/v2\/posts\/346961","targetHints":{"allow":["GET"]}}],"collection":[{"href":"https:\/\/medizinonline.com\/pt-pt\/wp-json\/wp\/v2\/posts"}],"about":[{"href":"https:\/\/medizinonline.com\/pt-pt\/wp-json\/wp\/v2\/types\/post"}],"author":[{"embeddable":true,"href":"https:\/\/medizinonline.com\/pt-pt\/wp-json\/wp\/v2\/users\/4"}],"replies":[{"embeddable":true,"href":"https:\/\/medizinonline.com\/pt-pt\/wp-json\/wp\/v2\/comments?post=346961"}],"version-history":[{"count":0,"href":"https:\/\/medizinonline.com\/pt-pt\/wp-json\/wp\/v2\/posts\/346961\/revisions"}],"wp:featuredmedia":[{"embeddable":true,"href":"https:\/\/medizinonline.com\/pt-pt\/wp-json\/wp\/v2\/media\/37105"}],"wp:attachment":[{"href":"https:\/\/medizinonline.com\/pt-pt\/wp-json\/wp\/v2\/media?parent=346961"}],"wp:term":[{"taxonomy":"category","embeddable":true,"href":"https:\/\/medizinonline.com\/pt-pt\/wp-json\/wp\/v2\/category?post=346961"},{"taxonomy":"post_tag","embeddable":true,"href":"https:\/\/medizinonline.com\/pt-pt\/wp-json\/wp\/v2\/tags?post=346961"},{"taxonomy":"powerkit_post_featured","embeddable":true,"href":"https:\/\/medizinonline.com\/pt-pt\/wp-json\/wp\/v2\/powerkit_post_featured?post=346961"}],"curies":[{"name":"wp","href":"https:\/\/api.w.org\/{rel}","templated":true}]}}