{"id":346985,"date":"2013-09-20T00:00:00","date_gmt":"2013-09-19T22:00:00","guid":{"rendered":"https:\/\/medizinonline.com\/a-tradicao-medica-aqui-e-mais-antiga-do-que-a-confederacao\/"},"modified":"2013-09-20T00:00:00","modified_gmt":"2013-09-19T22:00:00","slug":"a-tradicao-medica-aqui-e-mais-antiga-do-que-a-confederacao","status":"publish","type":"post","link":"https:\/\/medizinonline.com\/pt-pt\/a-tradicao-medica-aqui-e-mais-antiga-do-que-a-confederacao\/","title":{"rendered":"A tradi\u00e7\u00e3o m\u00e9dica aqui \u00e9 mais antiga do que a Confedera\u00e7\u00e3o"},"content":{"rendered":"<p><strong>A cl\u00ednica de pele contava com m\u00e9dicos de renome, incluindo o descobridor de condrodermatite nodularis. Localizado no edif\u00edcio de oncologia durante alguns anos, a dermatologia mudou-se para o antigo hospital de mulheres renovado em 2010.<\/strong><\/p>\n<p> <!--more--> <\/p>\n<p>O primeiro hospital em Lucerna foi fundado pelos Beneditinos em 1286; estava localizado no local da ala oeste do Pal\u00e1cio Ritter do actual edif\u00edcio governamental. Depois, em 1652, gra\u00e7as a uma generosa doa\u00e7\u00e3o de Schultheissen Heinrich von Fleckenstein, o conselho de cidad\u00e3os lan\u00e7ou a pedra fundamental de um novo edif\u00edcio no cimo; este novo hospital da grande cidade &#8220;zum heiligen Geist&#8221;&nbsp; foi conclu\u00eddo em 1660. Quando, com a adop\u00e7\u00e3o da Lei dos Pobres em 1899, Lucerna assumiu a obriga\u00e7\u00e3o de admitir todas as pessoas pobres no hospital, o antigo hospital j\u00e1 n\u00e3o podia satisfazer as necessidades. Foi assim que surgiu o novo edif\u00edcio do hospital cantonal, sob a lideran\u00e7a do Dr. Schmid, ent\u00e3o m\u00e9dico chefe da medicina. Isto foi ocupado em 1902.<\/p>\n<p>A cl\u00ednica de dermatologia foi fundada em 1936. O primeiro m\u00e9dico chefe foi o Dr. Eduard Frei. Foi seguido pelo Dr. Max Winkler, cuja descri\u00e7\u00e3o de condrodermatite nodularis helicis causou uma impress\u00e3o duradoura na literatura, Dr. Karl Baumann e Dr. Josef Kaufmann. Para al\u00e9m do seu trabalho como m\u00e9dicos chefes na cl\u00ednica de dermatologia, cada um destes m\u00e9dicos dirigia um consult\u00f3rio independente na cidade de Lucerna.<\/p>\n<h2 id=\"o-inicio-do-centro-de-hoje\">O in\u00edcio do centro de hoje&nbsp;<\/h2>\n<p>Ap\u00f3s a demiss\u00e3o do Dr Josef Kaufmann em 2000, foi decidido garantir os cuidados dermatol\u00f3gicos no Hospital Cantonal atrav\u00e9s de um cargo a tempo inteiro. Eu pr\u00f3prio fui escolhido para criar uma unidade de dermatologia no Hospital Cantonal de Lucerne e assumi o cargo em Fevereiro de 2001.<\/p>\n<p>Numa primeira fase, foram constru\u00eddos novos quartos privados para o tratamento de doentes dermatol\u00f3gicos internados. A primeira pequena cl\u00ednica ambulatorial foi constru\u00edda numa antiga enfermaria.<br \/>\nA \u00e1rea de ambulat\u00f3rio foi continuamente alargada nos anos seguintes, e ap\u00f3s uma mudan\u00e7a inicial para o edif\u00edcio de oncologia em 2003, as salas do centro de ambulat\u00f3rio recentemente concebido no renovado hospital de mulheres idosas (agora a Academia de Forma\u00e7\u00e3o e Simula\u00e7\u00e3o M\u00e9dica) foram ocupadas em 2010. Em 2011, foi fundado o Centro de Alergologia e Dermatologia juntamente com o alergologista Dr Gerhard M\u00fcllner, que foi trazido a bordo. O Dr. M\u00fcllner, um alergologista internacional e nacional bem relacionado, dirige agora este centro juntamente comigo.<\/p>\n<h2 id=\"ligacao-em-rede-sem-complicacoes\">Liga\u00e7\u00e3o em rede sem complica\u00e7\u00f5es<\/h2>\n<p>Os internados s\u00e3o atendidos numa enfermaria de medicina interna no sentido de uma especializa\u00e7\u00e3o integrada. Nas cl\u00ednicas externas de dermatologia e alergologia, um m\u00e9dico chefe, dois m\u00e9dicos seniores, um m\u00e9dico s\u00e9nior, dois m\u00e9dicos assistentes e oito MPAs s\u00e3o actualmente respons\u00e1veis por um servi\u00e7o de consulta com cerca de 26 000 consultas por ano. Todas as \u00e1reas da dermatologia e alergologia excepto a histologia s\u00e3o oferecidas em Lucerna.<\/p>\n<p>Existe uma rede estreita e descomplicada com as outras especialidades do Hospital Cantonal de Lucerna. Aqui em particular em oncologia, cirurgia pl\u00e1stica e reumatologia. A cl\u00ednica est\u00e1 bem integrada no Departamento de Medicina. O centro est\u00e1 bem representado na gest\u00e3o do departamento pelo m\u00e9dico chefe, que \u00e9 tamb\u00e9m o chefe administrativo de reumatologia e oncologia.<\/p>\n<p>Para al\u00e9m das suas actividades cl\u00ednicas, o centro tem uma miss\u00e3o de ensino para a Universidade de Berna, bem como para estudantes de Berna, Zurique e Basileia que trabalham no Hospital Cantonal de Lucerna. \u00c9 tamb\u00e9m realizada uma fun\u00e7\u00e3o de forma\u00e7\u00e3o para os m\u00e9dicos assistentes do hospital cantonal. O Centro de Dermatologia e Alergologia \u00e9 um centro de forma\u00e7\u00e3o de categoria C reconhecido.<\/p>\n<p><strong><em>Prof. Dr. med. Christoph U. Brand<\/em><\/strong><\/p>\n","protected":false},"excerpt":{"rendered":"<p>A cl\u00ednica de pele contava com m\u00e9dicos de renome, incluindo o descobridor de condrodermatite nodularis. Localizado no edif\u00edcio de oncologia durante alguns anos, a dermatologia mudou-se para o antigo hospital&hellip;<\/p>\n","protected":false},"author":4,"featured_media":36763,"comment_status":"closed","ping_status":"","sticky":false,"template":"","format":"standard","meta":{"_acf_changed":false,"pmpro_default_level":"","cat_1_feature_home_top":false,"cat_2_editor_pick":false,"csco_eyebrow_text":"Lucerna apresenta-se  ","footnotes":""},"category":[11356,11517,11551],"tags":[59829,14192,41361,58777],"powerkit_post_featured":[],"class_list":["post-346985","post","type-post","status-publish","format-standard","has-post-thumbnail","category-dermatologia-e-venereologia-pt-pt","category-noticias-pt-pt","category-rx-pt","tag-clinica-da-pele","tag-dermatologia-pt-pt","tag-lucerna-pt-pt","tag-tradicao","pmpro-has-access"],"acf":[],"publishpress_future_action":{"enabled":false,"date":"2026-05-04 07:28:16","action":"change-status","newStatus":"draft","terms":[],"taxonomy":"category","extraData":[]},"publishpress_future_workflow_manual_trigger":{"enabledWorkflows":[]},"wpml_current_locale":"pt_PT","wpml_translations":{"es_ES":{"locale":"es_ES","id":346990,"slug":"la-tradicion-medica-aqui-es-mas-antigua-que-la-confederacion","post_title":"La tradici\u00f3n m\u00e9dica aqu\u00ed es m\u00e1s antigua que la Confederaci\u00f3n","href":"https:\/\/medizinonline.com\/es\/la-tradicion-medica-aqui-es-mas-antigua-que-la-confederacion\/"}},"_links":{"self":[{"href":"https:\/\/medizinonline.com\/pt-pt\/wp-json\/wp\/v2\/posts\/346985","targetHints":{"allow":["GET"]}}],"collection":[{"href":"https:\/\/medizinonline.com\/pt-pt\/wp-json\/wp\/v2\/posts"}],"about":[{"href":"https:\/\/medizinonline.com\/pt-pt\/wp-json\/wp\/v2\/types\/post"}],"author":[{"embeddable":true,"href":"https:\/\/medizinonline.com\/pt-pt\/wp-json\/wp\/v2\/users\/4"}],"replies":[{"embeddable":true,"href":"https:\/\/medizinonline.com\/pt-pt\/wp-json\/wp\/v2\/comments?post=346985"}],"version-history":[{"count":0,"href":"https:\/\/medizinonline.com\/pt-pt\/wp-json\/wp\/v2\/posts\/346985\/revisions"}],"wp:featuredmedia":[{"embeddable":true,"href":"https:\/\/medizinonline.com\/pt-pt\/wp-json\/wp\/v2\/media\/36763"}],"wp:attachment":[{"href":"https:\/\/medizinonline.com\/pt-pt\/wp-json\/wp\/v2\/media?parent=346985"}],"wp:term":[{"taxonomy":"category","embeddable":true,"href":"https:\/\/medizinonline.com\/pt-pt\/wp-json\/wp\/v2\/category?post=346985"},{"taxonomy":"post_tag","embeddable":true,"href":"https:\/\/medizinonline.com\/pt-pt\/wp-json\/wp\/v2\/tags?post=346985"},{"taxonomy":"powerkit_post_featured","embeddable":true,"href":"https:\/\/medizinonline.com\/pt-pt\/wp-json\/wp\/v2\/powerkit_post_featured?post=346985"}],"curies":[{"name":"wp","href":"https:\/\/api.w.org\/{rel}","templated":true}]}}