{"id":347171,"date":"2013-09-19T00:00:00","date_gmt":"2013-09-18T22:00:00","guid":{"rendered":"https:\/\/medizinonline.com\/grande-variedade-de-opcoes-terapeuticas\/"},"modified":"2013-09-19T00:00:00","modified_gmt":"2013-09-18T22:00:00","slug":"grande-variedade-de-opcoes-terapeuticas","status":"publish","type":"post","link":"https:\/\/medizinonline.com\/pt-pt\/grande-variedade-de-opcoes-terapeuticas\/","title":{"rendered":"Grande variedade de op\u00e7\u00f5es terap\u00eauticas"},"content":{"rendered":"<p><strong>No terceiro dia do Congresso EULAR deste ano, foram apresentadas not\u00edcias no campo da fibromialgia, artrite idiop\u00e1tica juvenil, artrite psori\u00e1sica e osteoartrite. Peritos de quatro pa\u00edses diferentes apresentaram os resultados actuais sobre a patog\u00e9nese, estrat\u00e9gias de diagn\u00f3stico e formas de terapia para estas quatro doen\u00e7as reum\u00e1ticas.<\/strong><\/p>\n<p> <!--more--> <\/p>\n<p>Na primeira palestra da Hot Session 6, o Prof. Dr. med. Jos\u00e9 Ant\u00f3nio P. da Silva, Portugal, entrou em mais detalhe sobre a fibromialgia. A investiga\u00e7\u00e3o mostra que as mudan\u00e7as no sistema nervoso central s\u00e3o a raz\u00e3o do sofrimento. Como resultado, o c\u00e9rebro processa sinais de dor incorrectamente, o que leva a uma sensa\u00e7\u00e3o de dor cada vez mais intensa. Em doentes com fibromialgia, \u00e9 portanto necess\u00e1rio um est\u00edmulo muito mais fraco do que em pessoas saud\u00e1veis para causar dor [1]. &#8220;Na gest\u00e3o desta doen\u00e7a, aplicam-se aos m\u00e9dicos as mesmas regras que para todas as doen\u00e7as cr\u00f3nicas<strong>(Tab. 1<\/strong>).<\/p>\n<p><img fetchpriority=\"high\" decoding=\"async\" class=\" size-full wp-image-1996\" src=\"https:\/\/medizinonline.com\/wp-content\/uploads\/2013\/09\/eu2.jpg-166bb7_716.jpg\" width=\"822\" height=\"1376\" srcset=\"https:\/\/medizinonline.com\/wp-content\/uploads\/2013\/09\/eu2.jpg-166bb7_716.jpg 822w, https:\/\/medizinonline.com\/wp-content\/uploads\/2013\/09\/eu2.jpg-166bb7_716-800x1339.jpg 800w, https:\/\/medizinonline.com\/wp-content\/uploads\/2013\/09\/eu2.jpg-166bb7_716-120x201.jpg 120w, https:\/\/medizinonline.com\/wp-content\/uploads\/2013\/09\/eu2.jpg-166bb7_716-90x151.jpg 90w, https:\/\/medizinonline.com\/wp-content\/uploads\/2013\/09\/eu2.jpg-166bb7_716-320x536.jpg 320w, https:\/\/medizinonline.com\/wp-content\/uploads\/2013\/09\/eu2.jpg-166bb7_716-560x937.jpg 560w\" sizes=\"(max-width: 822px) 100vw, 822px\" \/><\/p>\n<p>Tem de o fazer:<\/p>\n<ul>\n<li>Efectuar uma investiga\u00e7\u00e3o exaustiva<\/li>\n<li>educar-se mais<\/li>\n<li>Estabelecer objectivos terap\u00eauticos claros<\/li>\n<li>Encontrar vias de tratamento multimodais, ou seja, farmacol\u00f3gicas, mas tamb\u00e9m n\u00e3o farmacol\u00f3gicas, op\u00e7\u00f5es de tratamento.<\/li>\n<li>Acompanhar de perto a resposta \u00e0 terapia e o progresso ou contratempos.<\/li>\n<li>tirar conclus\u00f5es a partir da\u00ed para a redefini\u00e7\u00e3o da terapia.<\/li>\n<\/ul>\n<p>O m\u00e9dico tamb\u00e9m tem de mostrar que aborda a experi\u00eancia individual do doente com uma mente aberta e sem preconceitos, e que leva realmente a s\u00e9rio a dor do doente&#8221;, diz o Prof. De acordo com a sua pr\u00f3pria avalia\u00e7\u00e3o, a fibromialgia \u00e9 induzida pelo stress, levando a tens\u00e3o muscular e dores musculares. Por conseguinte, \u00e9 importante perguntar com precis\u00e3o as expectativas do paciente e avaliar objectivos terap\u00eauticos realistas em coopera\u00e7\u00e3o para que o menor stress adicional poss\u00edvel surja da terapia [2].<br \/>\nO Pregabalin 450 mg\/d demonstrou ser eficaz em ensaios (al\u00edvio da dor: 46,9% vs. placebo: 31,5%), mas acompanhado de v\u00e1rios efeitos secund\u00e1rios tais como tonturas, fadiga, boca seca, aumento de peso e edema perif\u00e9rico. Um em cada quatro pacientes parou a terapia por causa disto (NNH: 6) [3]. Duloxetina e milnacipran oferecem apenas um pequeno benef\u00edcio no al\u00edvio da dor. Problemas de sono, fadiga e qualidade de vida (QOL) tamb\u00e9m n\u00e3o s\u00e3o substancialmente melhorados em compara\u00e7\u00e3o com placebo [4].<br \/>\nUma vez que a depress\u00e3o \u00e9 comum como comorbidade na fibromialgia, a fluoxetina, a paroxetina ou a sertralina tamb\u00e9m podem ser eficazes. Houses et al. (2012) mostrou al\u00edvio da dor com efeitos secund\u00e1rios menores sob terapia antidepressiva num pequeno grupo de pacientes. No entanto, um n\u00famero not\u00e1vel de participantes parou a terapia precisamente devido ao mau equil\u00edbrio efeito\/efeito lateral [5].<br \/>\n&#8220;Como alternativa n\u00e3o farmacol\u00f3gica, a Terapia Cognitiva Comportamental (CBT) pode ser considerada, por exemplo, que tamb\u00e9m alivia a dor e reduz a depress\u00e3o [6]&#8221;, diz o Prof.<\/p>\n<h2 id=\"artrite-idiopatica-juvenil\">Artrite idiop\u00e1tica juvenil<\/h2>\n<p>Pierre Quartier, MD, Paris, falou sobre artrite idiop\u00e1tica juvenil (JIA). &#8220;Existem v\u00e1rios subtipos: artrite idiop\u00e1tica juvenil sist\u00e9mica (tamb\u00e9m conhecida como doen\u00e7a de Still), poliartrite juvenil, oligoartrite, artrite psori\u00e1sica e outros. O aparecimento desta doen\u00e7a \u00e9 sempre antes dos 16 anos de idade&#8221;, diz o Dr. Quartier. O JIA sist\u00e9mico (SJIA), por exemplo, \u00e9 uma forma particularmente severa de reumatismo infantil. Os crit\u00e9rios s\u00e3o o in\u00edcio &lt;16 anos, dura\u00e7\u00e3o &gt;6 semanas, sem diagn\u00f3stico diferencial, febre \u226515 dias e um ou mais dos seguintes: Erup\u00e7\u00e3o, linfadenopatia, hepatomegalia ou esplenomegalia, inflama\u00e7\u00e3o das membranas serosas.<\/p>\n<p>&#8220;Em qualquer caso, um reumatologista pedi\u00e1trico deve trabalhar numa equipa multidisciplinar. Isto significa que os pais da crian\u00e7a, o m\u00e9dico de fam\u00edlia, os cuidadores da escola ou da creche, etc., devem estar estreitamente envolvidos na terapia. Se poss\u00edvel, \u00e9 recomendado um tratamento n\u00e3o agressivo. S\u00e3o utilizados anti-inflamat\u00f3rios n\u00e3o ester\u00f3ides (AINEs), injec\u00e7\u00f5es articulares (corticoster\u00f3ides), fisioterapia e v\u00e1rias outras formas de cuidados&#8221;, diz o Dr. Quartier. &#8220;Numerosos ensaios cl\u00ednicos est\u00e3o actualmente em curso sobre as op\u00e7\u00f5es de medicamentos para as formas de JIA<strong>(Tab. 2<\/strong>). Globalmente, o tratamento JIA pode ser considerado um trabalho em processo&#8221;.<\/p>\n<h4 id=\"\"><img decoding=\"async\" class=\"size-full wp-image-1997 lazyload\" data-src=\"https:\/\/medizinonline.com\/wp-content\/uploads\/2013\/09\/eu3.jpg-b6dcdb_717.jpg\" width=\"822\" height=\"523\" data-srcset=\"https:\/\/medizinonline.com\/wp-content\/uploads\/2013\/09\/eu3.jpg-b6dcdb_717.jpg 822w, https:\/\/medizinonline.com\/wp-content\/uploads\/2013\/09\/eu3.jpg-b6dcdb_717-800x509.jpg 800w, https:\/\/medizinonline.com\/wp-content\/uploads\/2013\/09\/eu3.jpg-b6dcdb_717-120x76.jpg 120w, https:\/\/medizinonline.com\/wp-content\/uploads\/2013\/09\/eu3.jpg-b6dcdb_717-90x57.jpg 90w, https:\/\/medizinonline.com\/wp-content\/uploads\/2013\/09\/eu3.jpg-b6dcdb_717-320x204.jpg 320w, https:\/\/medizinonline.com\/wp-content\/uploads\/2013\/09\/eu3.jpg-b6dcdb_717-560x356.jpg 560w\" data-sizes=\"(max-width: 822px) 100vw, 822px\" src=\"data:image\/svg+xml;base64,PHN2ZyB3aWR0aD0iMSIgaGVpZ2h0PSIxIiB4bWxucz0iaHR0cDovL3d3dy53My5vcmcvMjAwMC9zdmciPjwvc3ZnPg==\" style=\"--smush-placeholder-width: 822px; --smush-placeholder-aspect-ratio: 822\/523;\" \/><\/h4>\n<h2 id=\"artrite-psoriasica\">Artrite psori\u00e1sica<\/h2>\n<p>&#8220;O que h\u00e1 de novo no campo da artrite psori\u00e1sica&#8221;? Esta pergunta foi respondida na palestra de Juan J. Gomez-Reino, MD, Santiago. Estudos recentes apoiam a evid\u00eancia de que existe uma liga\u00e7\u00e3o entre o IMC elevado (obesidade) e o desenvolvimento de artrite psori\u00e1sica (PsA) em doentes com psor\u00edase confirmada [11, 12]. O tabagismo tamb\u00e9m foi confirmado como um importante factor de risco para a psor\u00edase [13].<br \/>\nEm termos de ferramentas de diagn\u00f3stico para a PsA precoce, os crit\u00e9rios do Grupo de Estudo CASPAR s\u00e3o considerados mais sens\u00edveis do que os crit\u00e9rios de Moll e Wright [14]. Al\u00e9m disso, a resson\u00e2ncia magn\u00e9tica e a ecografia (US) est\u00e3o a tornar-se cada vez mais importantes no PsA. Aumentam a compreens\u00e3o desta doen\u00e7a e contribuem assim para um melhor diagn\u00f3stico e controlo do tratamento. A pontua\u00e7\u00e3o PsAMRI recentemente desenvolvida j\u00e1 est\u00e1 a ser utilizada para ensaios controlados aleatorizados. \u00c9 muito adequado para a medi\u00e7\u00e3o objectiva da actividade da doen\u00e7a. A resson\u00e2ncia magn\u00e9tica &#8220;multi-corpo inteiro&#8221; (WBMJ-MRI) fornece uma esp\u00e9cie de instant\u00e2neo da inflama\u00e7\u00e3o nas articula\u00e7\u00f5es afectadas em PsA [15]&#8221;, explicou o Dr Gomez-Reino. &#8220;Al\u00e9m disso, a RM pode ajudar a diferenciar a artrite reumat\u00f3ide da PsA. Isto \u00e9 especialmente verdade em pacientes seleccionados, nos quais os exames cl\u00ednicos, laboratoriais e radiogr\u00e1ficos convencionais n\u00e3o produziram resultados claros&#8221;.<\/p>\n<p>No tratamento, diferentes graus de efic\u00e1cia e provas do tratamento tradicional<br \/>\nmedicamentos anti-reum\u00e1ticos modificadores de doen\u00e7as (DMARD), est\u00e3o resumidos no <strong>Quadro 3<\/strong>.<br \/>\nEm suma, segundo o Dr. Gomez-Reino, surgem os seguintes pontos que s\u00e3o relevantes para a pr\u00e1tica:<\/p>\n<ol>\n<li>Vias patog\u00e9nicas recentemente identificadas est\u00e3o a ser consideradas como alvos terap\u00eauticos no PsA.<\/li>\n<li>A obesidade e o tabagismo s\u00e3o factores de risco revers\u00edveis para a PsA e para a resposta \u00e0 terapia.<\/li>\n<li>Os EUA e a resson\u00e2ncia magn\u00e9tica t\u00eam um grande potencial para o diagn\u00f3stico da APS.<\/li>\n<li>O apremilast inibidor oral de PDE-4, e possivelmente os produtos biol\u00f3gicos que interferem com a via da IL-23\/IL-17, poderia ser um tratamento alternativo para os doentes com PsA para os quais os inibidores de TNF n\u00e3o funcionam bem.<\/li>\n<li>Os factores de risco cardiovascular (dislipidemia, hipertens\u00e3o, obesidade, diabetes mellitus, tabagismo) s\u00e3o mais prevalecentes nos doentes com psA do que nos controlos [16].<\/li>\n<\/ol>\n<p><img decoding=\"async\" class=\"size-full wp-image-1998 lazyload\" data-src=\"https:\/\/medizinonline.com\/wp-content\/uploads\/2013\/09\/eu4.jpg-c4b30f_718.jpg\" width=\"822\" height=\"570\" data-srcset=\"https:\/\/medizinonline.com\/wp-content\/uploads\/2013\/09\/eu4.jpg-c4b30f_718.jpg 822w, https:\/\/medizinonline.com\/wp-content\/uploads\/2013\/09\/eu4.jpg-c4b30f_718-800x555.jpg 800w, https:\/\/medizinonline.com\/wp-content\/uploads\/2013\/09\/eu4.jpg-c4b30f_718-120x83.jpg 120w, https:\/\/medizinonline.com\/wp-content\/uploads\/2013\/09\/eu4.jpg-c4b30f_718-90x62.jpg 90w, https:\/\/medizinonline.com\/wp-content\/uploads\/2013\/09\/eu4.jpg-c4b30f_718-320x222.jpg 320w, https:\/\/medizinonline.com\/wp-content\/uploads\/2013\/09\/eu4.jpg-c4b30f_718-560x388.jpg 560w\" data-sizes=\"(max-width: 822px) 100vw, 822px\" src=\"data:image\/svg+xml;base64,PHN2ZyB3aWR0aD0iMSIgaGVpZ2h0PSIxIiB4bWxucz0iaHR0cDovL3d3dy53My5vcmcvMjAwMC9zdmciPjwvc3ZnPg==\" style=\"--smush-placeholder-width: 822px; --smush-placeholder-aspect-ratio: 822\/570;\" \/><\/p>\n<h2 id=\"osteoartrose\">Osteoartrose<\/h2>\n<p>Segundo o Prof. Dr. med. Margreet Kloppenburg, Leiden, dois t\u00f3picos s\u00e3o de particular interesse neste momento:<\/p>\n<ol>\n<li>O papel do osso subcondral na osteoartrite: A mol\u00e9cula de sinaliza\u00e7\u00e3o da citocina &#8220;transformando o factor de crescimento \u03b2&#8221; (TGF-\u03b2) no osso subcondral pode ser um poss\u00edvel alvo terap\u00eautico.<\/li>\n<li>A terapia n\u00e3o-farmacol\u00f3gica. No tratamento, a fisioterapia, em particular, pode ser eficaz. No entanto, apenas certas formas, como mostra uma meta-an\u00e1lise de Wang et al. (2012) mostra: Os exerc\u00edcios aer\u00f3bicos e aqu\u00e1ticos reduziram a defici\u00eancia. Exerc\u00edcios aer\u00f3bicos e de for\u00e7a e ultra-sons reduziram a dor e melhoraram a fun\u00e7\u00e3o. Assim, uma \u00fanica forma de terapia n\u00e3o poderia, por si s\u00f3, melhorar todas as limita\u00e7\u00f5es ao mesmo tempo. Diatermia, ortopedia e estimula\u00e7\u00e3o magn\u00e9tica foram ineficazes [17].<\/li>\n<\/ol>\n<p>&#8220;Ainda estamos no processo de compreens\u00e3o desta doen\u00e7a&#8221;, diz o Prof. Kloppenburg. &#8220;Por exemplo, a densidade mineral \u00f3ssea (BMD) est\u00e1 associada \u00e0 patog\u00e9nese da osteoartrite: Uma mudan\u00e7a na DMO sist\u00e9mica est\u00e1 associada \u00e0 progress\u00e3o da doen\u00e7a. O papel do osso tamb\u00e9m precisa de ser examinado mais de perto. Um estudo recente mostra que dar bisfosfonatos pode reduzir a dor [18]&#8221; .<\/p>\n<p>Outros desideratos actuais dizem respeito a novas estrat\u00e9gias de diagn\u00f3stico. Segundo o Prof. Kloppenburg, a RM n\u00e3o \u00e9 adequada para a pr\u00e1tica cl\u00ednica porque na grande maioria das pessoas que n\u00e3o apresentam provas radiogr\u00e1ficas de osteoartrite, as les\u00f5es podem ser detectadas nas fases m\u00e9dia e antiga da vida [19].<br \/>\n&#8220;Al\u00e9m disso, o ranelato de estr\u00f4ncio, que na realidade \u00e9 um medicamento para a osteoporose, provou ser eficaz na terapia. Uma an\u00e1lise post-hoc de um ensaio de osteoporose mostra que o ranelato de estr\u00f4ncio poderia reduzir a progress\u00e3o radiogr\u00e1fica e as dores nas costas na osteoartrite espinhal vs. placebo [20]. Resultados semelhantes existem para a osteoartrose do joelho. Globalmente, a droga foi bem tolerada [21]&#8221;, explicou o Prof. Kloppenburg.<\/p>\n<p><em>Fonte: EULAR, 12-15 de Junho de 2013, Madrid<\/em><\/p>\n<p>Literatura:<\/p>\n<ol>\n<li>Fibro Collaborative: Mayo Clin Proc 2012; 87: 488.<\/li>\n<li>Paiva, Jones: Best Pract Res Clin Rheumatol 2010; 24: 341-352.<\/li>\n<li>Tzellos, et al: J Clin Pharm Ther 2010 Dez; 35(6): 639-56.<\/li>\n<li>Hauser, et al: The Cochrane Library 31 de Janeiro de 2013.<\/li>\n<li>Houses, et al: CNS Drugs 2012; 26(4): 297-307.<\/li>\n<li>Bernardy, et al: J Rheumatol 2010 Oct; 37(10): 1991-2005.<\/li>\n<li>Burckhardt, et al: J Rheumatol 1994; 21: 714-720.<\/li>\n<li>King, et al: J Rheumatol 2002; 29: 2620-2627.<\/li>\n<li>Rooks, et al: Arch Intern Med 2007; 167: 2192-2200.<\/li>\n<li>White, et al: Arthritis Rheum 2002; 47: 260-265.<\/li>\n<li>Wenqing, et al: Ann Rheum Dis 2012; 71: 1267-1272.<\/li>\n<li>Jon Love, et al: Ann Rheum Dis 2012; 71(8): 1273-1277.<\/li>\n<li>Li, et al: American Journal of Epidemiology 2011; 175(5): 402-413.<\/li>\n<li>Coates, et al: Arthritis Rheum 2012 Oct; 64(10): 3150-5.<\/li>\n<li>Coates, et al: Best Pract Res Clin Rheumatol 2012; 26(6): 805-22.<\/li>\n<li>Jamnitski, et al: Ann Rheum Dis 2013; 72: 211-216.<\/li>\n<li>Wang, et al: Ann Intern Med 2012 Nov 6; 157(9): 632-44.<\/li>\n<li>Laslett, et al: Ann Rheum Dis. doi: 10.1136\/annrheumdis-2012-202989.<\/li>\n<li>Guermazi, et al: BMJ 2012; 345. doi: http:\/\/dx.doi.org\/10.1136\/bmj.e5339 (Publicado a 29 de Agosto de 2012).<\/li>\n<li>Bruyere, et al: Ann Rheum Dis 2008; 67: 335-339.<\/li>\n<li>Reginster, et al: Ann Rheum Dis 2013; 72: 179-186.<\/li>\n<\/ol>\n","protected":false},"excerpt":{"rendered":"<p>No terceiro dia do Congresso EULAR deste ano, foram apresentadas not\u00edcias no campo da fibromialgia, artrite idiop\u00e1tica juvenil, artrite psori\u00e1sica e osteoartrite. Peritos de quatro pa\u00edses diferentes apresentaram os resultados&hellip;<\/p>\n","protected":false},"author":4,"featured_media":35095,"comment_status":"closed","ping_status":"","sticky":false,"template":"","format":"standard","meta":{"_acf_changed":false,"pmpro_default_level":"","cat_1_feature_home_top":false,"cat_2_editor_pick":false,"csco_eyebrow_text":"Destaques EULAR","footnotes":""},"category":[11365,11529,11496,11551],"tags":[12499,61391,44067,58682,13336,61383,13017,17761,14556,29168,24789,27354,13816,17460,30694,21601,15276,11805,33587],"powerkit_post_featured":[],"class_list":["post-347171","post","type-post","status-publish","format-standard","has-post-thumbnail","category-hematologia-pt-pt","category-relatorios-do-congresso","category-reumatologia-pt-pt","category-rx-pt","tag-adalimumab-pt-pt","tag-anti-il-6-pt-pt","tag-anti-tnf-pt-pt","tag-artrite-idiopatica-juvenil","tag-artrite-psoriasica","tag-destaques-eular","tag-dizziness-pt-pt","tag-dmard-pt-pt","tag-dor-pt-pt","tag-edema-pt-pt","tag-fibromialgia-pt-pt","tag-mri-pt-pt-2","tag-mtx-pt-pt","tag-nsaid-pt-pt-2","tag-oligoartrose","tag-osteoartrose","tag-peso","tag-terapia-pt-pt","tag-tocilizumab-pt-pt","pmpro-has-access"],"acf":[],"publishpress_future_action":{"enabled":false,"date":"2026-05-07 07:14:21","action":"change-status","newStatus":"draft","terms":[],"taxonomy":"category","extraData":[]},"publishpress_future_workflow_manual_trigger":{"enabledWorkflows":[]},"wpml_current_locale":"pt_PT","wpml_translations":{"es_ES":{"locale":"es_ES","id":347181,"slug":"amplia-variedad-de-opciones-terapeuticas","post_title":"Amplia variedad de opciones terap\u00e9uticas","href":"https:\/\/medizinonline.com\/es\/amplia-variedad-de-opciones-terapeuticas\/"}},"_links":{"self":[{"href":"https:\/\/medizinonline.com\/pt-pt\/wp-json\/wp\/v2\/posts\/347171","targetHints":{"allow":["GET"]}}],"collection":[{"href":"https:\/\/medizinonline.com\/pt-pt\/wp-json\/wp\/v2\/posts"}],"about":[{"href":"https:\/\/medizinonline.com\/pt-pt\/wp-json\/wp\/v2\/types\/post"}],"author":[{"embeddable":true,"href":"https:\/\/medizinonline.com\/pt-pt\/wp-json\/wp\/v2\/users\/4"}],"replies":[{"embeddable":true,"href":"https:\/\/medizinonline.com\/pt-pt\/wp-json\/wp\/v2\/comments?post=347171"}],"version-history":[{"count":0,"href":"https:\/\/medizinonline.com\/pt-pt\/wp-json\/wp\/v2\/posts\/347171\/revisions"}],"wp:featuredmedia":[{"embeddable":true,"href":"https:\/\/medizinonline.com\/pt-pt\/wp-json\/wp\/v2\/media\/35095"}],"wp:attachment":[{"href":"https:\/\/medizinonline.com\/pt-pt\/wp-json\/wp\/v2\/media?parent=347171"}],"wp:term":[{"taxonomy":"category","embeddable":true,"href":"https:\/\/medizinonline.com\/pt-pt\/wp-json\/wp\/v2\/category?post=347171"},{"taxonomy":"post_tag","embeddable":true,"href":"https:\/\/medizinonline.com\/pt-pt\/wp-json\/wp\/v2\/tags?post=347171"},{"taxonomy":"powerkit_post_featured","embeddable":true,"href":"https:\/\/medizinonline.com\/pt-pt\/wp-json\/wp\/v2\/powerkit_post_featured?post=347171"}],"curies":[{"name":"wp","href":"https:\/\/api.w.org\/{rel}","templated":true}]}}