{"id":347367,"date":"2013-09-18T00:00:00","date_gmt":"2013-09-17T22:00:00","guid":{"rendered":"https:\/\/medizinonline.com\/os-cuidados-com-a-pele-devem-dar-uma-sensacao-agradavel\/"},"modified":"2013-09-18T00:00:00","modified_gmt":"2013-09-17T22:00:00","slug":"os-cuidados-com-a-pele-devem-dar-uma-sensacao-agradavel","status":"publish","type":"post","link":"https:\/\/medizinonline.com\/pt-pt\/os-cuidados-com-a-pele-devem-dar-uma-sensacao-agradavel\/","title":{"rendered":"&#8220;Os cuidados com a pele devem dar uma sensa\u00e7\u00e3o agrad\u00e1vel&#8221;."},"content":{"rendered":"<p><strong>A pele das nossas m\u00e3os e p\u00e9s est\u00e1 sob tens\u00e3o constante. As m\u00e3os s\u00e3o lavadas in\u00fameras vezes por dia, e o trabalho h\u00famido com v\u00e1rios agentes de limpeza, tarefas dom\u00e9sticas e jardinagem tem o seu pre\u00e7o. Pedimos a um perito em pele seca, Prof. Dr. med. Dagmar Simon de Berna, o que ajuda nas descobertas iniciais, tais como pele \u00e1spera, escamosa, rachada.<\/strong><\/p>\n<p> <!--more--> <\/p>\n<p><strong>Prof. Simon, existe o cuidado perfeito para pele muito seca?<\/strong><br \/>\n<em><br \/>\n  <strong>Prof. Simon:<\/strong><br \/>\n<\/em> Eu diria que sim. Existem muito bons produtos de cuidado da pele. Estamos certamente &#8220;super-purificados&#8221;. Para o corpo, tomar um duche ou banho uma vez por dia&nbsp;e prestar aten\u00e7\u00e3o \u00e0 reengorda e aos produtos adaptados ao pH da pele. Espumas de banho convencionais e g\u00e9is de duche est\u00e3o a secar, um valor de pH de 5,5 \u00e9 altamente recomendado. Em algumas s\u00e9ries de cuidados, o termo pH j\u00e1 se encontra no nome. Isso pode certamente ser recomendado.<\/p>\n<p><strong>N\u00e3o tem de ser as dispendiosas linhas de cuidados da farm\u00e1cia?<\/strong><br \/>\nN\u00e3o. H\u00e1 mesmo alguns estudos que investigam os produtos OTC contra emolientes ou cremes hidratantes comprovados. Os resultados para a refata\u00e7\u00e3o e hidrata\u00e7\u00e3o s\u00e3o compar\u00e1veis. O mais importante \u00e9 que o fa\u00e7a de todo.<\/p>\n<p><strong>Isto parece ser um grande problema: Temos tend\u00eancia para a conveni\u00eancia e tamb\u00e9m para a n\u00e3o conformidade nos cuidados com a pele&#8230;.<\/strong><br \/>\n\u00c9 claro que \u00e9 \u00fatil que exista uma gama muito vasta de produtos, com algo para todos. A textura, fragr\u00e2ncia e propriedades de aplica\u00e7\u00e3o podem ser seleccionadas individualmente. Os cuidados com a pele n\u00e3o devem ser entendidos como um castigo. Deixo definitivamente que os pacientes tenham uma palavra a dizer na escolha dos produtos de tratamento, ao mesmo tempo que lhes dou uma sugest\u00e3o concreta para a terapia. Oferecemos sess\u00f5es de educa\u00e7\u00e3o para os nossos pacientes onde podem aprender mais sobre cuidados com a pele e experimentar produtos. As exig\u00eancias s\u00e3o muito diferentes.<\/p>\n<p><strong>Que recomenda\u00e7\u00f5es pr\u00e1ticas d\u00e1 se algu\u00e9m for propenso a dar eczema?<\/strong><br \/>\nAcab\u00e1mos de publicar um artigo sobre o assunto no Swiss Medical Forum [1]. Seria importante que todas as pessoas protegessem e cuidassem das suas m\u00e3os. E n\u00e3o s\u00f3 durante o trabalho, mas tamb\u00e9m durante os passatempos e no lar. A manuten\u00e7\u00e3o e restaura\u00e7\u00e3o da barreira cut\u00e2nea \u00e9 o princ\u00edpio primordial aqui. Existem cremes, espumas de protec\u00e7\u00e3o da pele e luvas de protec\u00e7\u00e3o em todas as varia\u00e7\u00f5es poss\u00edveis.<br \/>\nNeste momento, gostaria de apontar urgentemente os p\u00e9s! Utilizamo-los durante mais de doze horas por dia e, no entanto, s\u00e3o repetidamente esquecidos.<\/p>\n<p><strong>Existem cremes solares especiais para as costas das m\u00e3os que n\u00e3o saem logo de cada vez que se lava as m\u00e3os? Ou uma lo\u00e7\u00e3o de lavagem das m\u00e3os que cont\u00e9m factores de protec\u00e7\u00e3o solar?<\/strong><br \/>\nEu n\u00e3o saberia nada sobre isso. Existem protectores solares &#8220;\u00e0 prova de \u00e1gua&#8221;, mas assim que se lava a pele com sab\u00e3o e a seca, eles s\u00e3o lavados. Mas h\u00e1 cremes para as m\u00e3os com protec\u00e7\u00e3o solar.<\/p>\n<p><strong>Tamb\u00e9m est\u00e3o dispon\u00edveis dicas no 2haende.ch para estudantes profissionais. O que \u00e9 frequentemente feito de errado apesar da educa\u00e7\u00e3o?<\/strong><br \/>\nA educa\u00e7\u00e3o deve ser iniciada cedo, ou seja, nas escolas e aprendizagens. Um estudo da Escandin\u00e1via mostrou que os estudantes que fazem trabalho de f\u00e9rias e desenvolvem eczema das m\u00e3os t\u00eam um grande risco de voltar a desenvolver eczema das m\u00e3os mais tarde na vida [2]. O conhecimento sobre a protec\u00e7\u00e3o da pele \u00e9 ensinado nas escolas profissionais, pelo que os m\u00e9dicos ou mesmo os SUVA t\u00eam apenas uma influ\u00eancia indirecta. Ac\u00e7\u00f5es como &#8220;2 m\u00e3os&#8221; s\u00e3o muito boas. As luvas s\u00e3o aceites pelas empresas de limpeza, por exemplo, enquanto os cabeleireiros ainda precisam de ser persuadidos a usar luvas mais frequentemente quando lavam o cabelo, por exemplo. A quest\u00e3o \u00e9: Como \u00e9 que os m\u00e9dicos e dermatologistas do trabalho abordam os grupos profissionais em risco numa fase inicial?<\/p>\n<p><strong>Tem alguma &#8220;subst\u00e2ncia calmante para a pele&#8221; especial que usa quando a sua pele fica vermelha ou mostra sinais de irrita\u00e7\u00e3o?<\/strong><br \/>\nSe a minha pele nas m\u00e3os estiver irritada, utilizo um creme de cuidado da pele, e apenas em casos de irrita\u00e7\u00e3o grave utilizo uma prepara\u00e7\u00e3o de cortisona durante um curto per\u00edodo de tempo. O mais importante \u00e9 cuidar dela ap\u00f3s cada lavagem. A aplica\u00e7\u00e3o de produtos de cuidado da pele mais espessos \u00e0 noite e deix\u00e1-los sobre luvas de algod\u00e3o durante a noite \u00e9 \u00fatil. O mesmo vale para os p\u00e9s: n\u00e3o h\u00e1 problema em ter 10% de ureia, 20% de saltos altos rachados, cal\u00e7ar meias e ir dormir.<\/p>\n<p><strong>A pele seca na velhice leva frequentemente \u00e0 comich\u00e3o. Porqu\u00ea tantas vezes? Qual \u00e9 a melhor coisa a fazer?<\/strong><br \/>\nNa velhice, a pele tende a ficar seca devido ao envelhecimento. As pessoas mais velhas tamb\u00e9m se lavam frequentemente, mas raramente se cremam regularmente. Os medicamentos s\u00e3o considerados como uma causa importante de secura da pele, por exemplo, anti-hipertensivos e medicamentos que reduzem os l\u00edpidos. Vemos por vezes condi\u00e7\u00f5es extremas de pele desidratada que podem ser remediadas com 14 dias de cuidados intensivos com a pele. Se isto n\u00e3o for bem sucedido, as doen\u00e7as internas e malignidades devem ser consideradas como a causa da comich\u00e3o.<\/p>\n<p><em><strong>Entrevista: Susanne Schelosky, MD<\/strong><\/em><\/p>\n<p>Literatura:<\/p>\n<ol>\n<li>Ballmer-Weber B, et al: Hand eczema: abordagem pr\u00e1tica ao diagn\u00f3stico e tratamento. Schweiz Med Forum 2013; 13(23): 453-458.<\/li>\n<li>M\u00e4lk\u00f6nen T, et al: Estudo de acompanhamento a longo prazo do eczema das m\u00e3os profissionais. Br J Dermatol 2010; 163: 999-1006.<\/li>\n<\/ol>\n","protected":false},"excerpt":{"rendered":"<p>A pele das nossas m\u00e3os e p\u00e9s est\u00e1 sob tens\u00e3o constante. As m\u00e3os s\u00e3o lavadas in\u00fameras vezes por dia, e o trabalho h\u00famido com v\u00e1rios agentes de limpeza, tarefas dom\u00e9sticas&hellip;<\/p>\n","protected":false},"author":4,"featured_media":33995,"comment_status":"closed","ping_status":"","sticky":false,"template":"","format":"standard","meta":{"_acf_changed":false,"pmpro_default_level":"","cat_1_feature_home_top":false,"cat_2_editor_pick":false,"csco_eyebrow_text":"Pele irritada seca","footnotes":""},"category":[11356,11533,11551],"tags":[15106,15407,62244,62238,62247,62224,35502,19896,35504,19590,62218,62232],"powerkit_post_featured":[],"class_list":["post-347367","post","type-post","status-publish","format-standard","has-post-thumbnail","category-dermatologia-e-venereologia-pt-pt","category-entrevistas-pt-pt","category-rx-pt","tag-conformidade","tag-cortisone-pt-pt","tag-eczema-de-mao-pt-pt-2","tag-hidratacao","tag-irritacao","tag-irritado","tag-maos","tag-pele","tag-pes","tag-proteccao-solar","tag-seco","tag-valor-ph","pmpro-has-access"],"acf":[],"publishpress_future_action":{"enabled":false,"date":"2026-05-07 15:16:43","action":"change-status","newStatus":"draft","terms":[],"taxonomy":"category","extraData":[]},"publishpress_future_workflow_manual_trigger":{"enabledWorkflows":[]},"wpml_current_locale":"pt_PT","wpml_translations":{"es_ES":{"locale":"es_ES","id":347385,"slug":"el-cuidado-de-la-piel-debe-proporcionar-una-sensacion-agradable","post_title":"\"El cuidado de la piel debe proporcionar una sensaci\u00f3n agradable\".","href":"https:\/\/medizinonline.com\/es\/el-cuidado-de-la-piel-debe-proporcionar-una-sensacion-agradable\/"}},"_links":{"self":[{"href":"https:\/\/medizinonline.com\/pt-pt\/wp-json\/wp\/v2\/posts\/347367","targetHints":{"allow":["GET"]}}],"collection":[{"href":"https:\/\/medizinonline.com\/pt-pt\/wp-json\/wp\/v2\/posts"}],"about":[{"href":"https:\/\/medizinonline.com\/pt-pt\/wp-json\/wp\/v2\/types\/post"}],"author":[{"embeddable":true,"href":"https:\/\/medizinonline.com\/pt-pt\/wp-json\/wp\/v2\/users\/4"}],"replies":[{"embeddable":true,"href":"https:\/\/medizinonline.com\/pt-pt\/wp-json\/wp\/v2\/comments?post=347367"}],"version-history":[{"count":0,"href":"https:\/\/medizinonline.com\/pt-pt\/wp-json\/wp\/v2\/posts\/347367\/revisions"}],"wp:featuredmedia":[{"embeddable":true,"href":"https:\/\/medizinonline.com\/pt-pt\/wp-json\/wp\/v2\/media\/33995"}],"wp:attachment":[{"href":"https:\/\/medizinonline.com\/pt-pt\/wp-json\/wp\/v2\/media?parent=347367"}],"wp:term":[{"taxonomy":"category","embeddable":true,"href":"https:\/\/medizinonline.com\/pt-pt\/wp-json\/wp\/v2\/category?post=347367"},{"taxonomy":"post_tag","embeddable":true,"href":"https:\/\/medizinonline.com\/pt-pt\/wp-json\/wp\/v2\/tags?post=347367"},{"taxonomy":"powerkit_post_featured","embeddable":true,"href":"https:\/\/medizinonline.com\/pt-pt\/wp-json\/wp\/v2\/powerkit_post_featured?post=347367"}],"curies":[{"name":"wp","href":"https:\/\/api.w.org\/{rel}","templated":true}]}}