{"id":347550,"date":"2013-09-11T00:00:00","date_gmt":"2013-09-10T22:00:00","guid":{"rendered":"https:\/\/medizinonline.com\/a-principal-tarefa-do-medico-de-clinica-geral-e-dar-prioridade-a\/"},"modified":"2013-09-11T00:00:00","modified_gmt":"2013-09-10T22:00:00","slug":"a-principal-tarefa-do-medico-de-clinica-geral-e-dar-prioridade-a","status":"publish","type":"post","link":"https:\/\/medizinonline.com\/pt-pt\/a-principal-tarefa-do-medico-de-clinica-geral-e-dar-prioridade-a\/","title":{"rendered":"A principal tarefa do m\u00e9dico de cl\u00ednica geral \u00e9 dar prioridade a"},"content":{"rendered":"<p><strong>Enquanto a comorbidade se concentra numa doen\u00e7a \u00edndice, a multimorbidade tem v\u00e1rias doen\u00e7as cr\u00f3nicas coexistentes ao mesmo tempo e a dificuldade \u00e9 descobrir qual delas \u00e9 o principal problema para o paciente.<\/strong><\/p>\n<p> <!--more--> <\/p>\n<p>A multimorbilidade est\u00e1 claramente correlacionada com a idade, mas tamb\u00e9m afecta as pessoas mais jovens em menor grau. Na popula\u00e7\u00e3o m\u00e9dia de um consult\u00f3rio de m\u00e9dicos de cl\u00ednica geral, nove em cada dez pacientes adultos t\u00eam mais de uma doen\u00e7a cr\u00f3nica, metade mesmo cinco ou mais [1]. Existem apenas diferen\u00e7as muito ligeiras entre homens e mulheres, e mesmo a educa\u00e7\u00e3o escolar n\u00e3o tem influ\u00eancia no n\u00famero de doen\u00e7as cr\u00f3nicas, mas os rendimentos sim: Quanto mais algu\u00e9m ganha, menos frequentemente est\u00e1 doente [2].<\/p>\n<p>A tarefa mais importante do m\u00e9dico de fam\u00edlia no cuidado de pacientes multim\u00f3rbidos \u00e9 dar prioridade, ou seja, descobrir o problema principal. &#8220;Agora, para o doente, o maior problema muitas vezes n\u00e3o \u00e9 a doen\u00e7a que chamar\u00edamos o problema principal do nosso ponto de vista, raz\u00e3o pela qual \u00e9 bastante importante que continue a perguntar aos seus doentes o que os incomoda mais&#8221;, salientou Martin Krause, MD, M\u00fcnsterlingen, no congresso SGIM deste ano em Basileia. O Dr. Krause continua a salientar que muitas das coisas a que hoje chamamos doen\u00e7as correspondem, em princ\u00edpio, ao processo de envelhecimento fisiol\u00f3gico e, por conseguinte, n\u00e3o necessitam necessariamente de tratamento. No entanto, \u00e9 importante ter sempre presente que este processo de envelhecimento fisiol\u00f3gico conduz a uma fragilidade crescente, o que piora significativamente o progn\u00f3stico de novas doen\u00e7as e interven\u00e7\u00f5es, mesmo menores. Nem sempre \u00e9 f\u00e1cil tornar isto claro aos pacientes e especialmente aos seus familiares.<\/p>\n<p><em>Fonte: 81\u00aa Reuni\u00e3o Anual da SGIM, 29-31 de Maio de 2013, Basileia<\/em><\/p>\n<p>Literatura:<\/p>\n<ol>\n<li>Fortin M, et al: Ann Fam Med 2005; 3: 223-228.<\/li>\n<li>Agborsangaya CB, et al: BMC Public Health 2012; 12: 201.<\/li>\n<\/ol>\n","protected":false},"excerpt":{"rendered":"<p>Enquanto a comorbidade se concentra numa doen\u00e7a \u00edndice, a multimorbidade tem v\u00e1rias doen\u00e7as cr\u00f3nicas coexistentes ao mesmo tempo e a dificuldade \u00e9 descobrir qual delas \u00e9 o principal problema para&hellip;<\/p>\n","protected":false},"author":4,"featured_media":33190,"comment_status":"closed","ping_status":"","sticky":false,"template":"","format":"standard","meta":{"_acf_changed":false,"pmpro_default_level":"","cat_1_feature_home_top":false,"cat_2_editor_pick":false,"csco_eyebrow_text":"Multimorbidade","footnotes":""},"category":[11305,11474,11529,11551],"tags":[35173,62867,62863,62875,13841,30999,62855],"powerkit_post_featured":[],"class_list":["post-347550","post","type-post","status-publish","format-standard","has-post-thumbnail","category-medicina-interna-geral","category-prevencao-e-cuidados-de-saude","category-relatorios-do-congresso","category-rx-pt","tag-apoio","tag-doenca-cronica-pt-pt","tag-doenca-indice","tag-fragilidade-pt-pt","tag-multimorbidade","tag-previsao-pt-pt","tag-prioridade","pmpro-has-access"],"acf":[],"publishpress_future_action":{"enabled":false,"date":"2026-05-08 19:25:53","action":"change-status","newStatus":"draft","terms":[],"taxonomy":"category","extraData":[]},"publishpress_future_workflow_manual_trigger":{"enabledWorkflows":[]},"wpml_current_locale":"pt_PT","wpml_translations":{"es_ES":{"locale":"es_ES","id":347562,"slug":"la-principal-tarea-del-medico-generalista-es-priorizar","post_title":"La principal tarea del m\u00e9dico generalista es priorizar","href":"https:\/\/medizinonline.com\/es\/la-principal-tarea-del-medico-generalista-es-priorizar\/"}},"_links":{"self":[{"href":"https:\/\/medizinonline.com\/pt-pt\/wp-json\/wp\/v2\/posts\/347550","targetHints":{"allow":["GET"]}}],"collection":[{"href":"https:\/\/medizinonline.com\/pt-pt\/wp-json\/wp\/v2\/posts"}],"about":[{"href":"https:\/\/medizinonline.com\/pt-pt\/wp-json\/wp\/v2\/types\/post"}],"author":[{"embeddable":true,"href":"https:\/\/medizinonline.com\/pt-pt\/wp-json\/wp\/v2\/users\/4"}],"replies":[{"embeddable":true,"href":"https:\/\/medizinonline.com\/pt-pt\/wp-json\/wp\/v2\/comments?post=347550"}],"version-history":[{"count":0,"href":"https:\/\/medizinonline.com\/pt-pt\/wp-json\/wp\/v2\/posts\/347550\/revisions"}],"wp:featuredmedia":[{"embeddable":true,"href":"https:\/\/medizinonline.com\/pt-pt\/wp-json\/wp\/v2\/media\/33190"}],"wp:attachment":[{"href":"https:\/\/medizinonline.com\/pt-pt\/wp-json\/wp\/v2\/media?parent=347550"}],"wp:term":[{"taxonomy":"category","embeddable":true,"href":"https:\/\/medizinonline.com\/pt-pt\/wp-json\/wp\/v2\/category?post=347550"},{"taxonomy":"post_tag","embeddable":true,"href":"https:\/\/medizinonline.com\/pt-pt\/wp-json\/wp\/v2\/tags?post=347550"},{"taxonomy":"powerkit_post_featured","embeddable":true,"href":"https:\/\/medizinonline.com\/pt-pt\/wp-json\/wp\/v2\/powerkit_post_featured?post=347550"}],"curies":[{"name":"wp","href":"https:\/\/api.w.org\/{rel}","templated":true}]}}