{"id":347695,"date":"2013-09-17T00:00:00","date_gmt":"2013-09-16T22:00:00","guid":{"rendered":"https:\/\/medizinonline.com\/o-rastreio-e-a-anamnese-sexual-ganham-em-importancia\/"},"modified":"2013-09-17T00:00:00","modified_gmt":"2013-09-16T22:00:00","slug":"o-rastreio-e-a-anamnese-sexual-ganham-em-importancia","status":"publish","type":"post","link":"https:\/\/medizinonline.com\/pt-pt\/o-rastreio-e-a-anamnese-sexual-ganham-em-importancia\/","title":{"rendered":"O rastreio e a anamnese sexual ganham em import\u00e2ncia"},"content":{"rendered":"<p><strong>A Su\u00ed\u00e7a ocupa uma posi\u00e7\u00e3o de topo inglesa na Europa no que diz respeito \u00e0 incid\u00eancia da s\u00edfilis. O artigo seguinte mostra quais as doen\u00e7as ven\u00e9reas que podem ser bem tratadas e de que trata a import\u00e2ncia da anamnese sexual.<\/strong><\/p>\n<p> <!--more--> <\/p>\n<p>As infec\u00e7\u00f5es sexualmente transmiss\u00edveis (IST) s\u00e3o um problema significativo para a medicina e a sa\u00fade p\u00fablica. Afectam desproporcionadamente pessoas com contactos de alto risco (especialmente homens que t\u00eam rela\u00e7\u00f5es sexuais com homens [MSM] ), mulheres e pessoas marginalizadas, raz\u00e3o pela qual as ISTs t\u00eam sido o foco da pol\u00edtica de sa\u00fade europeia durante anos. Na Su\u00ed\u00e7a, tamb\u00e9m houve um aumento de DST durante anos, que foi observado durante dez anos para a s\u00edfilis, por exemplo, e que tem continuado para a gonorreia desde 1996.<\/p>\n<h2 id=\"importancia-da-dst\">Import\u00e2ncia da DST<\/h2>\n<p>Mais de 30 agentes patog\u00e9nicos de transmiss\u00e3o sexual s\u00e3o conhecidos em todo o mundo, que incluem bact\u00e9rias, v\u00edrus, fungos, protozo\u00e1rios e ectoparasitas  <strong>(Tab. 1).<\/strong>  S\u00f3 desde 1975, doze agentes patog\u00e9nicos foram recentemente descobertos, incluindo, por exemplo, os v\u00e1rios micoplasmas &#8211; especialmente o Mycoplasma genitalium -, o v\u00edrus do herpes humano tipo 8, o v\u00edrus da hepatite C, bact\u00e9rias como o Mobiluncus e, como o agente patog\u00e9nico mais importante, o VIH. O facto de em 20-50% dos doentes com uretrite o patog\u00e9neo respons\u00e1vel n\u00e3o poder ser determinado [1, 2] fala da possibilidade de certos germes ainda n\u00e3o serem conhecidos ou de o seu significado ainda n\u00e3o ter sido reconhecido. Recentemente, foram publicados artigos que salientam, por exemplo, a import\u00e2ncia dos v\u00edrus do grupo do herpes, como o Epstein-Barr ou o herpes simples [3], ou tamb\u00e9m os adenov\u00edrus [4] como factores causadores da uretrite. As infec\u00e7\u00f5es s\u00e3o mais frequentemente transmitidas sexualmente com papilomav\u00edrus humanos (HPV), v\u00edrus do herpes, clam\u00eddia e gonococos, enquanto as infec\u00e7\u00f5es com hepatite B, VIH ou s\u00edfilis ocorrem comparativamente com menos frequ\u00eancia. De acordo com estimativas da Organiza\u00e7\u00e3o Mundial de Sa\u00fade (OMS, 2005), existem 448 milh\u00f5es de DSTs (cur\u00e1veis) (s\u00edfilis, gonorreia, infec\u00e7\u00e3o por clam\u00eddia e tricomon\u00edase) por ano entre as crian\u00e7as entre os 15-49 anos de idade em todo o mundo. Com diagn\u00f3stico e terapia adequados, estas doen\u00e7as s\u00e3o cur\u00e1veis com antibi\u00f3ticos eficazes, com a limita\u00e7\u00e3o do assustador problema de resist\u00eancia na gonorreia [5].<\/p>\n<p>No entanto, um diagn\u00f3stico e tratamento inadequados podem ter consequ\u00eancias graves para as pessoas afectadas, mas tamb\u00e9m para as gravidezes e os rec\u00e9m-nascidos. A s\u00edfilis precoce n\u00e3o tratada na gravidez leva, em mais de 60% dos casos, \u00e0 transmiss\u00e3o ao rec\u00e9m-nascido com consequ\u00eancias fatais em mais de um ter\u00e7o e por vezes pronunciadas, mudan\u00e7as estigmatizantes. Tamb\u00e9m se deve esperar novamente Lues connata na Su\u00ed\u00e7a, raz\u00e3o pela qual o rastreio comparativamente pouco dispendioso deve ser realizado durante a gravidez [6]. No rec\u00e9m-nascido, as consequ\u00eancias neurol\u00f3gicas a longo prazo mais graves ou a morte podem tamb\u00e9m resultar de uma infec\u00e7\u00e3o por herpes simplex (herpes neonatorum). As complica\u00e7\u00f5es mais importantes nas mulheres s\u00e3o a infec\u00e7\u00e3o ascendente, a gravidez extra-uterina e a infertilidade, especialmente no caso de infec\u00e7\u00e3o por clam\u00eddia. Al\u00e9m disso, as DST (HPV, hepatite B) s\u00e3o co-factores importantes no desenvolvimento de doen\u00e7as malignas. Para todas as DSTs &#8211; e em maior medida para as formas ulcerativas<strong>(Fig. 1<\/strong>) &#8211; \u00e9 tamb\u00e9m importante que estejam associadas a um risco acrescido de aquisi\u00e7\u00e3o e transmiss\u00e3o do VIH [7].<\/p>\n<p>Ap\u00f3s uma incid\u00eancia claramente decrescente das IST cl\u00e1ssicas poder ser documentada na Europa Ocidental no in\u00edcio dos anos 90, as tend\u00eancias desde 1995 mostram novamente um aumento da ocorr\u00eancia, o que tamb\u00e9m poderia ser confirmado na Su\u00ed\u00e7a com um atraso pelos dados de vigil\u00e2ncia dispon\u00edveis [8, 9]. De acordo com a FOPH (notifica\u00e7\u00e3o laboratorial obrigat\u00f3ria de infec\u00e7\u00f5es por Chlamydia trachomatis, Neisseria gonorrhoeae, Treponema pallidum, bem como hepatite A, B, C e VIH), tamb\u00e9m se pode esperar uma tend\u00eancia ininterrupta nas DSTs cl\u00e1ssicas para 2013 [10].<\/p>\n<p><img fetchpriority=\"high\" decoding=\"async\" class=\" size-full wp-image-1646\" src=\"https:\/\/medizinonline.com\/wp-content\/uploads\/2013\/09\/Unbenannt-5.jpg-539d84_428.jpg\" width=\"993\" height=\"1774\" srcset=\"https:\/\/medizinonline.com\/wp-content\/uploads\/2013\/09\/Unbenannt-5.jpg-539d84_428.jpg 993w, https:\/\/medizinonline.com\/wp-content\/uploads\/2013\/09\/Unbenannt-5.jpg-539d84_428-800x1429.jpg 800w, https:\/\/medizinonline.com\/wp-content\/uploads\/2013\/09\/Unbenannt-5.jpg-539d84_428-120x214.jpg 120w, https:\/\/medizinonline.com\/wp-content\/uploads\/2013\/09\/Unbenannt-5.jpg-539d84_428-90x161.jpg 90w, https:\/\/medizinonline.com\/wp-content\/uploads\/2013\/09\/Unbenannt-5.jpg-539d84_428-320x572.jpg 320w, https:\/\/medizinonline.com\/wp-content\/uploads\/2013\/09\/Unbenannt-5.jpg-539d84_428-560x1000.jpg 560w\" sizes=\"(max-width: 993px) 100vw, 993px\" \/><\/p>\n<p><img decoding=\"async\" class=\"size-full wp-image-1647 lazyload\" data-src=\"https:\/\/medizinonline.com\/wp-content\/uploads\/2013\/09\/ni.png-65fd5e_434.png\" width=\"349\" height=\"497\" data-srcset=\"https:\/\/medizinonline.com\/wp-content\/uploads\/2013\/09\/ni.png-65fd5e_434.png 349w, https:\/\/medizinonline.com\/wp-content\/uploads\/2013\/09\/ni.png-65fd5e_434-120x171.png 120w, https:\/\/medizinonline.com\/wp-content\/uploads\/2013\/09\/ni.png-65fd5e_434-90x128.png 90w, https:\/\/medizinonline.com\/wp-content\/uploads\/2013\/09\/ni.png-65fd5e_434-320x456.png 320w\" data-sizes=\"(max-width: 349px) 100vw, 349px\" src=\"data:image\/svg+xml;base64,PHN2ZyB3aWR0aD0iMSIgaGVpZ2h0PSIxIiB4bWxucz0iaHR0cDovL3d3dy53My5vcmcvMjAwMC9zdmciPjwvc3ZnPg==\" style=\"--smush-placeholder-width: 349px; --smush-placeholder-aspect-ratio: 349\/497;\" \/><\/p>\n<p><em>Fig. 1: \u00dalcera superficial isolada com herpes genital recorrente<\/em><\/p>\n<h2 id=\"encorajando-desenvolvimentos-na-infeccao-por-hpv\">Encorajando desenvolvimentos na infec\u00e7\u00e3o por HPV<\/h2>\n<p>Publica\u00e7\u00f5es promissoras da Austr\u00e1lia conseguiram documentar uma redu\u00e7\u00e3o maci\u00e7a na incid\u00eancia de condilomas acuminados em mulheres jovens que foram vacinadas com a vacina quadrivalente HPV (contra os tipos 6, 11, 16, 18). De forma encorajadora, houve tamb\u00e9m uma redu\u00e7\u00e3o acentuada de condilomas em homens da mesma idade, mas n\u00e3o em idosos n\u00e3o vacinados e em homens homossexuais [11]. Esta tend\u00eancia poderia ser geralmente confirmada para a Austr\u00e1lia na rede nacional de vigil\u00e2ncia [12]. Pela primeira vez, p\u00f4de tamb\u00e9m ser demonstrada uma redu\u00e7\u00e3o das altera\u00e7\u00f5es genitais relacionadas com o HPV em homens vacinados [13] e uma diminui\u00e7\u00e3o da incid\u00eancia de altera\u00e7\u00f5es citol\u00f3gicas cervicais em mulheres vacinadas [14]. At\u00e9 que ponto estes dados encorajadores podem ser transferidos para a Su\u00ed\u00e7a, que tem uma taxa de vacina\u00e7\u00e3o muito inferior \u00e0 da Austr\u00e1lia, s\u00f3 o tempo o dir\u00e1.<\/p>\n<p>Para al\u00e9m das altera\u00e7\u00f5es anogenitais, deve tamb\u00e9m ser considerada a possibilidade de infec\u00e7\u00e3o oral. Recentemente, foi demonstrada uma preval\u00eancia de infec\u00e7\u00f5es orais por HPV de 6,9% de indiv\u00edduos saud\u00e1veis com idades compreendidas entre os 14-69 anos nos EUA<strong>(Fig. 2<\/strong>).<\/p>\n<p><img decoding=\"async\" class=\"size-full wp-image-1648 lazyload\" data-src=\"https:\/\/medizinonline.com\/wp-content\/uploads\/2013\/09\/33.png-736c65_430.png\" width=\"780\" height=\"495\" data-srcset=\"https:\/\/medizinonline.com\/wp-content\/uploads\/2013\/09\/33.png-736c65_430.png 780w, https:\/\/medizinonline.com\/wp-content\/uploads\/2013\/09\/33.png-736c65_430-120x76.png 120w, https:\/\/medizinonline.com\/wp-content\/uploads\/2013\/09\/33.png-736c65_430-90x57.png 90w, https:\/\/medizinonline.com\/wp-content\/uploads\/2013\/09\/33.png-736c65_430-320x203.png 320w, https:\/\/medizinonline.com\/wp-content\/uploads\/2013\/09\/33.png-736c65_430-560x355.png 560w\" data-sizes=\"(max-width: 780px) 100vw, 780px\" src=\"data:image\/svg+xml;base64,PHN2ZyB3aWR0aD0iMSIgaGVpZ2h0PSIxIiB4bWxucz0iaHR0cDovL3d3dy53My5vcmcvMjAwMC9zdmciPjwvc3ZnPg==\" style=\"--smush-placeholder-width: 780px; --smush-placeholder-aspect-ratio: 780\/495;\" \/><\/p>\n<p><em>Fig. 2: Condilomas acuminados do l\u00e1bio<\/em><\/p>\n<p>Outro aspecto positivo \u00e9 o desaparecimento quase completo da pediculose p\u00fabica da pr\u00e1tica cl\u00ednica di\u00e1ria. Contudo, isto reflecte meramente a tend\u00eancia actual de depila\u00e7\u00e3o genital.<\/p>\n<h2 id=\"desenvolvimentos-preocupantes\">Desenvolvimentos preocupantes<\/h2>\n<p>De acordo com estimativas da OMS, 106 milh\u00f5es de pessoas em todo o mundo s\u00e3o afectadas por uma infec\u00e7\u00e3o gonoc\u00f3cica todos os anos. Desde 1996, a incid\u00eancia de gonorreia na Su\u00ed\u00e7a tem vindo a aumentar praticamente de forma linear todos os anos. At\u00e9 agora, isto poderia ser aceite sem consequ\u00eancias, uma vez que a infec\u00e7\u00e3o poderia ser curada sem problemas com a correcta escolha e administra\u00e7\u00e3o do antibi\u00f3tico. Nos \u00faltimos anos, contudo, tem havido um desenvolvimento assustador da resist\u00eancia, o que leva justificadamente a que o medo actual da gonorreia j\u00e1 n\u00e3o seja trat\u00e1vel no futuro [5]. Apenas a terceira gera\u00e7\u00e3o de cefalosporinas deve ainda ser utilizada aqui, embora uma propor\u00e7\u00e3o rapidamente crescente de estirpes com concentra\u00e7\u00f5es inibit\u00f3rias m\u00ednimas aumentadas possa tamb\u00e9m ser observada nas formas administradas oralmente, embora isto ainda n\u00e3o tenha sido observado na Su\u00ed\u00e7a. Consequentemente, em Agosto de 2012, os Centros de Controlo de Doen\u00e7as de Atlanta j\u00e1 n\u00e3o recomendam cefalosporinas perorais como a cefiximina como droga de elei\u00e7\u00e3o [15]. Nesta situa\u00e7\u00e3o, apenas ceftriaxona 1\u00d7 250-500 mg i.m. pode ser recomendada. Al\u00e9m disso, as directrizes americanas, brit\u00e2nicas, alem\u00e3s e europeias (IUSTI) prev\u00eaem a administra\u00e7\u00e3o simult\u00e2nea de 1-2 g de azitromicina por os (em alternativa doxiciclina 2&#215;100 mg durante 7 dias) para contrariar o desenvolvimento da resist\u00eancia com base em considera\u00e7\u00f5es te\u00f3ricas [15, 16]. Infelizmente, as recomenda\u00e7\u00f5es de dosagem n\u00e3o s\u00e3o uniformes e t\u00eam sido alteradas repetidamente nos \u00faltimos meses.<\/p>\n<p>Na uretrite, a propor\u00e7\u00e3o crescente de casos causados pelo Mycoplasma genitalium tamb\u00e9m deve ser mencionada, o que resulta em dificuldades diagn\u00f3sticas e terap\u00eauticas [17]. Por um lado, o diagn\u00f3stico n\u00e3o pode ser feito culturalmente, como acontece com outros micoplasmas, mas exclusivamente por PCR; por outro, a resposta insuficiente \u00e0 doxiciclina deve ser mencionada, raz\u00e3o pela qual o tratamento com azitromicina \u00e9 prefer\u00edvel para este agente patog\u00e9nico [18]. A terapia da uretrite de acordo com o agente patog\u00e9nico causador est\u00e1 listada no <strong>Quadro 2<\/strong>. O comportamento biol\u00f3gico e as taxas de infec\u00e7\u00e3o s\u00e3o compar\u00e1veis aos da Chlamydia trachomatis. A import\u00e2ncia deste patog\u00e9neo tamb\u00e9m para as infec\u00e7\u00f5es do tracto genital feminino est\u00e1 a receber cada vez mais aten\u00e7\u00e3o na literatura [19]. <strong>O Quadro 3<\/strong> lista uma poss\u00edvel abordagem para pacientes com uretrite.<\/p>\n<p><img decoding=\"async\" class=\"size-full wp-image-1649 lazyload\" data-src=\"https:\/\/medizinonline.com\/wp-content\/uploads\/2013\/09\/Tab2.jpg-629b83_429.jpg\" width=\"1100\" height=\"633\" data-srcset=\"https:\/\/medizinonline.com\/wp-content\/uploads\/2013\/09\/Tab2.jpg-629b83_429.jpg 1100w, https:\/\/medizinonline.com\/wp-content\/uploads\/2013\/09\/Tab2.jpg-629b83_429-800x460.jpg 800w, https:\/\/medizinonline.com\/wp-content\/uploads\/2013\/09\/Tab2.jpg-629b83_429-120x69.jpg 120w, https:\/\/medizinonline.com\/wp-content\/uploads\/2013\/09\/Tab2.jpg-629b83_429-90x52.jpg 90w, https:\/\/medizinonline.com\/wp-content\/uploads\/2013\/09\/Tab2.jpg-629b83_429-320x184.jpg 320w, https:\/\/medizinonline.com\/wp-content\/uploads\/2013\/09\/Tab2.jpg-629b83_429-560x322.jpg 560w\" data-sizes=\"(max-width: 1100px) 100vw, 1100px\" src=\"data:image\/svg+xml;base64,PHN2ZyB3aWR0aD0iMSIgaGVpZ2h0PSIxIiB4bWxucz0iaHR0cDovL3d3dy53My5vcmcvMjAwMC9zdmciPjwvc3ZnPg==\" style=\"--smush-placeholder-width: 1100px; --smush-placeholder-aspect-ratio: 1100\/633;\" \/><img decoding=\"async\" class=\"size-full wp-image-1650 lazyload\" data-src=\"https:\/\/medizinonline.com\/wp-content\/uploads\/2013\/09\/tabe3.jpg-164868_435.jpg\" width=\"993\" height=\"1284\" data-srcset=\"https:\/\/medizinonline.com\/wp-content\/uploads\/2013\/09\/tabe3.jpg-164868_435.jpg 993w, https:\/\/medizinonline.com\/wp-content\/uploads\/2013\/09\/tabe3.jpg-164868_435-800x1034.jpg 800w, https:\/\/medizinonline.com\/wp-content\/uploads\/2013\/09\/tabe3.jpg-164868_435-120x155.jpg 120w, https:\/\/medizinonline.com\/wp-content\/uploads\/2013\/09\/tabe3.jpg-164868_435-90x116.jpg 90w, https:\/\/medizinonline.com\/wp-content\/uploads\/2013\/09\/tabe3.jpg-164868_435-320x414.jpg 320w, https:\/\/medizinonline.com\/wp-content\/uploads\/2013\/09\/tabe3.jpg-164868_435-560x724.jpg 560w\" data-sizes=\"(max-width: 993px) 100vw, 993px\" src=\"data:image\/svg+xml;base64,PHN2ZyB3aWR0aD0iMSIgaGVpZ2h0PSIxIiB4bWxucz0iaHR0cDovL3d3dy53My5vcmcvMjAwMC9zdmciPjwvc3ZnPg==\" style=\"--smush-placeholder-width: 993px; --smush-placeholder-aspect-ratio: 993\/1284;\" \/><\/p>\n<p>De acordo com uma compara\u00e7\u00e3o feita pelo Instituto Robert Koch, a Su\u00ed\u00e7a ocupa uma posi\u00e7\u00e3o de topo inglesa na Europa no que diz respeito \u00e0 incid\u00eancia de s\u00edfilis [20]. Enquanto pa\u00edses vizinhos como a Alemanha e a It\u00e1lia mostram incid\u00eancias anualizadas significativamente mais baixas com um sistema de relat\u00f3rios compar\u00e1vel, o aumento dos n\u00fameros na Su\u00ed\u00e7a, que j\u00e1 dura h\u00e1 dez anos, continuou sem diminuir em 2013, de acordo com os relat\u00f3rios \u00e0 FOPH [8, 10]. Uma vez que a s\u00edfilis tamb\u00e9m reapareceu durante a gravidez, devemos tamb\u00e9m contar com a possibilidade de transmiss\u00e3o para o rec\u00e9m-nascido &#8211; lues connata &#8211; [21]. Especialmente no caso de \u00falceras induzidas com incha\u00e7o dos g\u00e2nglios linf\u00e1ticos, a s\u00edfilis prim\u00e1ria deve ser considerada n\u00e3o s\u00f3 na localiza\u00e7\u00e3o genital, mas especialmente tamb\u00e9m nos l\u00e1bios e enoralmente<strong>(Fig. 4<\/strong>).<\/p>\n<p><img decoding=\"async\" class=\"size-full wp-image-1651 lazyload\" data-src=\"https:\/\/medizinonline.com\/wp-content\/uploads\/2013\/09\/P.png-c0c962_432.png\" width=\"520\" height=\"596\" data-srcset=\"https:\/\/medizinonline.com\/wp-content\/uploads\/2013\/09\/P.png-c0c962_432.png 520w, https:\/\/medizinonline.com\/wp-content\/uploads\/2013\/09\/P.png-c0c962_432-120x138.png 120w, https:\/\/medizinonline.com\/wp-content\/uploads\/2013\/09\/P.png-c0c962_432-90x103.png 90w, https:\/\/medizinonline.com\/wp-content\/uploads\/2013\/09\/P.png-c0c962_432-320x367.png 320w\" data-sizes=\"(max-width: 520px) 100vw, 520px\" src=\"data:image\/svg+xml;base64,PHN2ZyB3aWR0aD0iMSIgaGVpZ2h0PSIxIiB4bWxucz0iaHR0cDovL3d3dy53My5vcmcvMjAwMC9zdmciPjwvc3ZnPg==\" style=\"--smush-placeholder-width: 520px; --smush-placeholder-aspect-ratio: 520\/596;\" \/><\/p>\n<p><em>Fig. 4: Efeito prim\u00e1rio sifil\u00edtico n\u00e3o excitante<\/em><\/p>\n<p>Para al\u00e9m das proverbiais imagens do tipo camale\u00e3o no contexto da s\u00edfilis secund\u00e1ria, a fase prim\u00e1ria tamb\u00e9m pode causar diferentes manifesta\u00e7\u00f5es [22\u201324]. Foram descritas m\u00faltiplas formas prim\u00e1rias, nodulares, rhagadiformes e fagedaniformes, bem como ulcera\u00e7\u00f5es herpetiformes [23]. Na aus\u00eancia de desenvolvimento de resist\u00eancia em Treponema pallidum a n\u00edvel mundial, a terapia deve ser administrada com penicilina benzatina sempre que poss\u00edvel.<br \/>\nConsequ\u00eancias<\/p>\n<p>Para melhor identificar os doentes em risco, a hist\u00f3ria sexual tamb\u00e9m deve ser abordada na pr\u00e1tica di\u00e1ria. De acordo com um recente inqu\u00e9rito aos doentes de Lausanne [25], mais de 90% gostariam de ter uma hist\u00f3ria sexual, mas isto tem sido feito em menos de metade das consultas de doentes at\u00e9 agora. Especialmente no caso da s\u00edfilis, o rastreio deve ser realizado em caso de exantema pouco claro, em pacientes com outras infec\u00e7\u00f5es sexualmente transmiss\u00edveis ou ap\u00f3s contactos de risco, no caso de mudan\u00e7a frequente de parceiro e durante cada gravidez. Na pr\u00e1tica di\u00e1ria, devemos n\u00e3o s\u00f3 procurar sinais cl\u00e1ssicos, mas tamb\u00e9m sintomas invulgares ou ligeiros (<strong>Fig. 3 e 4<\/strong>) pensar mais sobre a presen\u00e7a de poss\u00edveis DSTs e informar individualmente os doentes sobre poss\u00edveis riscos e trat\u00e1-los de acordo com as actuais directrizes [26\u201328].<\/p>\n<p>O exame da regi\u00e3o anal faz parte de todo o trabalho de pacientes com suspeita de DST, uma vez que as DST podem manifestar-se perianalmente, endoanal mas tamb\u00e9m rectalmente com a exposi\u00e7\u00e3o correspondente (Fig. 5) [29]. A fim de prevenir novas infec\u00e7\u00f5es o mais cedo poss\u00edvel, a intensifica\u00e7\u00e3o da notifica\u00e7\u00e3o e terapia do parceiro \u00e9 da maior import\u00e2ncia, para al\u00e9m de um diagn\u00f3stico e terapia r\u00e1pidos e adequados.<\/p>\n<p><img decoding=\"async\" class=\"size-full wp-image-1652 lazyload\" data-src=\"https:\/\/medizinonline.com\/wp-content\/uploads\/2013\/09\/33.3.png-9030eb_431.png\" width=\"797\" height=\"497\" data-srcset=\"https:\/\/medizinonline.com\/wp-content\/uploads\/2013\/09\/33.3.png-9030eb_431.png 797w, https:\/\/medizinonline.com\/wp-content\/uploads\/2013\/09\/33.3.png-9030eb_431-120x75.png 120w, https:\/\/medizinonline.com\/wp-content\/uploads\/2013\/09\/33.3.png-9030eb_431-90x56.png 90w, https:\/\/medizinonline.com\/wp-content\/uploads\/2013\/09\/33.3.png-9030eb_431-320x200.png 320w, https:\/\/medizinonline.com\/wp-content\/uploads\/2013\/09\/33.3.png-9030eb_431-560x349.png 560w\" data-sizes=\"(max-width: 797px) 100vw, 797px\" src=\"data:image\/svg+xml;base64,PHN2ZyB3aWR0aD0iMSIgaGVpZ2h0PSIxIiB4bWxucz0iaHR0cDovL3d3dy53My5vcmcvMjAwMC9zdmciPjwvc3ZnPg==\" style=\"--smush-placeholder-width: 797px; --smush-placeholder-aspect-ratio: 797\/497;\" \/><\/p>\n<p><em>Fig. 3: Efeito prim\u00e1rio sifil\u00edtico do l\u00e1bio<\/em><\/p>\n<h4 id=\"conclusao-para-a-pratica\">CONCLUS\u00c3O PARA A PR\u00c1TICA<\/h4>\n<ul>\n<li>Na Su\u00ed\u00e7a, as DSTs continuam a aumentar.<\/li>\n<li>Com a vacina\u00e7\u00e3o atempada e consistente contra o HPV quadrivalente, podem ser evitados condilomas e displasias genitais.<\/li>\n<li>Como resultado do aumento amea\u00e7ador do desenvolvimento da resist\u00eancia<\/li>\n<li>para Neisseria gonorrhoeae, o tratamento deve ser com ceftriaxona 1&#215;250-500 mg i.m. em combina\u00e7\u00e3o com azitromicina 1\u00d71-2 g p.o. sempre que poss\u00edvel.<\/li>\n<li>No caso de exantema pouco claro, ap\u00f3s contactos de risco, com parceiros que mudam frequentemente de parceiro e durante a gravidez, deve ser realizada uma clarifica\u00e7\u00e3o de lues, para al\u00e9m de um rastreio do VIH.<\/li>\n<li>A hist\u00f3ria sexual tamb\u00e9m deve ser tratada nos cuidados prim\u00e1rios.<\/li>\n<\/ul>\n<p><em><strong>Prof. Dr. med. Stephan Lautenschlager<\/strong><\/em><\/p>\n<h3 id=\"literatura\"><strong>Literatura:<\/strong><\/h3>\n<ol>\n<li>Deguchi T, et al: Sex Transmission Dis 2004; 31: 192-195.<\/li>\n<li>Shahmanesh M, et al: Int J STD AIDS 2009; 20: 458-464.<\/li>\n<li>Berntsson M, et al: Int J STD AIDS 2010; 21: 191-194.<\/li>\n<li>O&#8217;Mahony C: Int J STD AIDS 2006; 17: 203-204.<\/li>\n<li>Bolan GA, et al: N Engl J Med 2012; 366: 485-487.<\/li>\n<li>Meyer Sauteur PM, et al: Swiss Med Wkly 2012; 141: w13325.<\/li>\n<li>Ward H, Ronn M: Curral Opini\u00e3o VIH\/SIDA 2010; 5: 305-310.<\/li>\n<li>Lautenschlager S: Dermatologia 2005; 210: 134-142.<\/li>\n<li>Abraham S, et al: Dermatology 2006; 212: 41-46.<\/li>\n<li>Gabinete Federal de Sa\u00fade P\u00fablica. Mensagens de doen\u00e7as infecciosas. www.bag.admin.ch\/k_m_meldesystem<\/li>\n<li>Leia TR, et al: Sex Transmect Infect 2011; 87: 544-547.<\/li>\n<li>Donovan B, et al: Lancet Infect Dis 2011; 11: 39-44.<\/li>\n<li>Giuliano AR, et al: N Engl J Med 2011; 364: 401-411.<\/li>\n<li>Brotherton JM, et al: Lancet 2011; 377: 2085-2092.<\/li>\n<li>Centros de Controlo e Preven\u00e7\u00e3o de Doen\u00e7as (CDC): MMWR Morb Mortal Wkly Rep 2012; 61: 590-594.<\/li>\n<li>Bignell C, Fitzgerald M: Int J STD AIDS 2011; 22: 541-547.<\/li>\n<li>Weinstein SA, Stiles BG: Sa\u00fade sexual 2011; 8: 143-158.<\/li>\n<li>Manhart LE, et al: Clin Infect Dis 2011; 53 Suppl 3: S129-S142.<\/li>\n<li>Patel MA, Nyirjesy P: Touro Epid Bull 2009; 49: 503-512.<\/li>\n<li>Instituto Robert Koch: S\u00edfilis na Alemanha em 2008. Touro Epid Bull 2009; 49: 503-512.<\/li>\n<li>Meyer Sauteur PM, et al: Swiss Med Wkly 2012; 141: w13325.<\/li>\n<li>Lautenschlager S, et al: Dermatology 2006; 212: 200-202.<\/li>\n<li>Dourmishev LA, Dourmishev AL: Clin Dermatol 2005; 23: 555-564.<\/li>\n<li>Lautenschlager S: Am J Clin Dermatol 2006; 7: 291-304.<\/li>\n<li>Meystre-Agustoni G, et al: Swiss Med Wkly 2011; 141: w13178.<\/li>\n<li>OMS: Directrizes para a gest\u00e3o de doen\u00e7as sexualmente transmiss\u00edveis.  <a href=\"http:\/\/www.who.int\/hiv\/pub\/sti\/en\/STIGuidelines2003.pdf\" target=\"_blank\" rel=\"noopener\">www.who.int\/hiv\/pub\/sti\/en\/STIGuidelines2003.pdf<\/a><\/li>\n<li>CDC: MMWR 2010; 59; RR-12.<\/li>\n<li>Uni\u00e3o Internacional contra as IST. Directrizes Europeias de Tratamento. www.iusti.org\/regions\/Europe\/euroguidelines.htm<\/li>\n<li>Lautenschlager S: Infec\u00e7\u00f5es sexualmente transmiss\u00edveis: Manifesta\u00e7\u00f5es anorretais. Therapeutische Umschau 2013; no prelo.<\/li>\n<\/ol>\n<p><em>PR\u00c1TICA DO GP 2013; 8(8)<\/em>, 33-37<\/p>\n","protected":false},"excerpt":{"rendered":"<p>A Su\u00ed\u00e7a ocupa uma posi\u00e7\u00e3o de topo inglesa na Europa no que diz respeito \u00e0 incid\u00eancia da s\u00edfilis. O artigo seguinte mostra quais as doen\u00e7as ven\u00e9reas que podem ser bem&hellip;<\/p>\n","protected":false},"author":4,"featured_media":33395,"comment_status":"closed","ping_status":"","sticky":false,"template":"","format":"standard","meta":{"_acf_changed":false,"pmpro_default_level":"","cat_1_feature_home_top":false,"cat_2_editor_pick":false,"csco_eyebrow_text":"Infec\u00e7\u00f5es sexualmente transmiss\u00edveis","footnotes":""},"category":[11344,11356,11524,11419,11421,11551],"tags":[30568,38368,30570,15190,13216,63643,14822,33335,38375,11805,31662,18456,35759],"powerkit_post_featured":[],"class_list":["post-347695","post","type-post","status-publish","format-standard","has-post-thumbnail","category-alergologia-e-imunologia-clinica","category-dermatologia-e-venereologia-pt-pt","category-formacao-continua","category-ginecologia-pt-pt","category-infecciologia","category-rx-pt","tag-chlamydia-pt-pt","tag-dsts","tag-gonorreia","tag-gravidez","tag-herpes-pt-pt","tag-historia-sexual","tag-rastreio","tag-sifilis-pt-pt","tag-sti-pt-pt","tag-terapia-pt-pt","tag-uretrite-pt-pt","tag-vih-pt-pt","tag-virus-pt-pt","pmpro-has-access"],"acf":[],"publishpress_future_action":{"enabled":false,"date":"2026-05-07 16:10:49","action":"change-status","newStatus":"draft","terms":[],"taxonomy":"category","extraData":[]},"publishpress_future_workflow_manual_trigger":{"enabledWorkflows":[]},"wpml_current_locale":"pt_PT","wpml_translations":{"es_ES":{"locale":"es_ES","id":347706,"slug":"el-cribado-y-la-anamnesis-sexual-ganan-en-importancia","post_title":"El cribado y la anamnesis sexual ganan en importancia","href":"https:\/\/medizinonline.com\/es\/el-cribado-y-la-anamnesis-sexual-ganan-en-importancia\/"}},"_links":{"self":[{"href":"https:\/\/medizinonline.com\/pt-pt\/wp-json\/wp\/v2\/posts\/347695","targetHints":{"allow":["GET"]}}],"collection":[{"href":"https:\/\/medizinonline.com\/pt-pt\/wp-json\/wp\/v2\/posts"}],"about":[{"href":"https:\/\/medizinonline.com\/pt-pt\/wp-json\/wp\/v2\/types\/post"}],"author":[{"embeddable":true,"href":"https:\/\/medizinonline.com\/pt-pt\/wp-json\/wp\/v2\/users\/4"}],"replies":[{"embeddable":true,"href":"https:\/\/medizinonline.com\/pt-pt\/wp-json\/wp\/v2\/comments?post=347695"}],"version-history":[{"count":0,"href":"https:\/\/medizinonline.com\/pt-pt\/wp-json\/wp\/v2\/posts\/347695\/revisions"}],"wp:featuredmedia":[{"embeddable":true,"href":"https:\/\/medizinonline.com\/pt-pt\/wp-json\/wp\/v2\/media\/33395"}],"wp:attachment":[{"href":"https:\/\/medizinonline.com\/pt-pt\/wp-json\/wp\/v2\/media?parent=347695"}],"wp:term":[{"taxonomy":"category","embeddable":true,"href":"https:\/\/medizinonline.com\/pt-pt\/wp-json\/wp\/v2\/category?post=347695"},{"taxonomy":"post_tag","embeddable":true,"href":"https:\/\/medizinonline.com\/pt-pt\/wp-json\/wp\/v2\/tags?post=347695"},{"taxonomy":"powerkit_post_featured","embeddable":true,"href":"https:\/\/medizinonline.com\/pt-pt\/wp-json\/wp\/v2\/powerkit_post_featured?post=347695"}],"curies":[{"name":"wp","href":"https:\/\/api.w.org\/{rel}","templated":true}]}}