{"id":348119,"date":"2013-03-05T00:00:00","date_gmt":"2013-03-04T23:00:00","guid":{"rendered":"https:\/\/medizinonline.com\/desconfianca-institucionalizada-um-pre-requisito-para-a-certificacao\/"},"modified":"2013-03-05T00:00:00","modified_gmt":"2013-03-04T23:00:00","slug":"desconfianca-institucionalizada-um-pre-requisito-para-a-certificacao","status":"publish","type":"post","link":"https:\/\/medizinonline.com\/pt-pt\/desconfianca-institucionalizada-um-pre-requisito-para-a-certificacao\/","title":{"rendered":"Desconfian\u00e7a institucionalizada &#8211; um pr\u00e9-requisito para a certifica\u00e7\u00e3o!"},"content":{"rendered":"<p><strong>&#8220;Doutor&#8221; &#8211; na verdade ainda h\u00e1 pessoas que me chamam isso&#8230;. &#8211; &#8220;por favor prescreva isto por escrito&#8221;! \u00c9 o que dir\u00e3o em breve em todos os lares de idosos e lares de idosos. &#8220;Por favor visualize aqui&#8230;!&#8221; &#8220;N\u00e3o, a receita com a nota DS 2 x 1 por dia n\u00e3o \u00e9 suficiente, tamb\u00e9m tem de enviar a receita por fax&#8230;&#8221;<\/strong><\/p>\n<p> <!--more--> <\/p>\n<p>Estas afirma\u00e7\u00f5es soam-lhe familiares? Escreve todas as receitas cuidadosamente numa folha de receitas, que \u00e9 depois dactilografada na documenta\u00e7\u00e3o de enfermagem electr\u00f3nica pelo especialista de enfermagem mais qualificado?<\/p>\n<p>\u00c9 dif\u00edcil de acreditar como se cultiva sistematicamente a desconfian\u00e7a entre n\u00f3s, enfermeiros e m\u00e9dicos. O facto de as prescri\u00e7\u00f5es terem de ser registadas por escrito numa unidade de cuidados intensivos faz sentido e provavelmente n\u00e3o \u00e9 questionado por ningu\u00e9m. Mas \u00e9 inc\u00f3modo, at\u00e9 vergonhoso, que cada ordenan\u00e7a em casa, por mais trivial que seja, tenha de ser por escrito. O facto de n\u00f3s, m\u00e9dicos, sermos sistematicamente acusados de nos distanciarmos das nossas instru\u00e7\u00f5es verbais e de culpar as enfermeiras por poss\u00edveis erros de tratamento incomoda-me. Confio nos prestadores de cuidados e, por conseguinte, marquei visualmente as folhas de Kardex em branco. Estou ciente de que isto poderia ser abusado um dia. At\u00e9 \u00e0 data, nunca ocorreu qualquer caso deste tipo. N\u00e3o consigo imaginar uma colabora\u00e7\u00e3o frutuosa com os prestadores de cuidados sem confian\u00e7a m\u00fatua. A confian\u00e7a entre paciente, m\u00e9dico e enfermeiros \u00e9 um pr\u00e9-requisito para um bom tratamento e cuidados. A desconfian\u00e7a sistem\u00e1tica imposta &#8220;de cima&#8221; envenena o clima e acaba por prejudicar os doentes. O decreto escrito e o avistamento servem acima de tudo a seguran\u00e7a das autoridades. Temos de construir confian\u00e7a entre enfermeiros e m\u00e9dicos atrav\u00e9s da nossa per\u00edcia e respeito m\u00fatuo. A seguran\u00e7a s\u00f3 pode surgir num clima de confian\u00e7a. A seguran\u00e7a n\u00e3o pode ser prescrita, tem de ser trabalhada. Ofere\u00e7a as casas que supervisiona para participar na forma\u00e7\u00e3o. Durante as discuss\u00f5es de casos, pode pegar nas perguntas e preocupa\u00e7\u00f5es dos prestadores de cuidados e comentar as quest\u00f5es apresentadas. Construa confian\u00e7a atrav\u00e9s das suas compet\u00eancias e tratando os prestadores de cuidados com respeito.<br \/>\nVale a pena!<\/p>\n<p>Atenciosamente, Atenciosamente, Atenciosamente, Atenciosamente, Atenciosamente, Atenciosamente<\/p>\n","protected":false},"excerpt":{"rendered":"<p>&#8220;Doutor&#8221; &#8211; na verdade ainda h\u00e1 pessoas que me chamam isso&#8230;. &#8211; &#8220;por favor prescreva isto por escrito&#8221;! \u00c9 o que dir\u00e3o em breve em todos os lares de idosos&hellip;<\/p>\n","protected":false},"author":4,"featured_media":31070,"comment_status":"closed","ping_status":"","sticky":false,"template":"","format":"standard","meta":{"_acf_changed":false,"pmpro_default_level":"","cat_1_feature_home_top":false,"cat_2_editor_pick":false,"csco_eyebrow_text":"Ao ponto","footnotes":""},"category":[11517,11474,11551],"tags":[65011,65007,65002,64992,64978,64985,65014,64996],"powerkit_post_featured":[],"class_list":["post-348119","post","type-post","status-publish","format-standard","has-post-thumbnail","category-noticias-pt-pt","category-prevencao-e-cuidados-de-saude","category-rx-pt","tag-apreciacao","tag-competencia-profissional","tag-confianca","tag-decretar","tag-desconfianca","tag-documentacao-escrita","tag-respeito","tag-visao","pmpro-has-access"],"acf":[],"publishpress_future_action":{"enabled":false,"date":"2026-05-09 14:38:24","action":"change-status","newStatus":"draft","terms":[],"taxonomy":"category","extraData":[]},"publishpress_future_workflow_manual_trigger":{"enabledWorkflows":[]},"wpml_current_locale":"pt_PT","wpml_translations":{"es_ES":{"locale":"es_ES","id":348126,"slug":"desconfianza-institucionalizada-un-requisito-para-la-certificacion","post_title":"Desconfianza institucionalizada: \u00a1un requisito para la certificaci\u00f3n!","href":"https:\/\/medizinonline.com\/es\/desconfianza-institucionalizada-un-requisito-para-la-certificacion\/"}},"_links":{"self":[{"href":"https:\/\/medizinonline.com\/pt-pt\/wp-json\/wp\/v2\/posts\/348119","targetHints":{"allow":["GET"]}}],"collection":[{"href":"https:\/\/medizinonline.com\/pt-pt\/wp-json\/wp\/v2\/posts"}],"about":[{"href":"https:\/\/medizinonline.com\/pt-pt\/wp-json\/wp\/v2\/types\/post"}],"author":[{"embeddable":true,"href":"https:\/\/medizinonline.com\/pt-pt\/wp-json\/wp\/v2\/users\/4"}],"replies":[{"embeddable":true,"href":"https:\/\/medizinonline.com\/pt-pt\/wp-json\/wp\/v2\/comments?post=348119"}],"version-history":[{"count":0,"href":"https:\/\/medizinonline.com\/pt-pt\/wp-json\/wp\/v2\/posts\/348119\/revisions"}],"wp:featuredmedia":[{"embeddable":true,"href":"https:\/\/medizinonline.com\/pt-pt\/wp-json\/wp\/v2\/media\/31070"}],"wp:attachment":[{"href":"https:\/\/medizinonline.com\/pt-pt\/wp-json\/wp\/v2\/media?parent=348119"}],"wp:term":[{"taxonomy":"category","embeddable":true,"href":"https:\/\/medizinonline.com\/pt-pt\/wp-json\/wp\/v2\/category?post=348119"},{"taxonomy":"post_tag","embeddable":true,"href":"https:\/\/medizinonline.com\/pt-pt\/wp-json\/wp\/v2\/tags?post=348119"},{"taxonomy":"powerkit_post_featured","embeddable":true,"href":"https:\/\/medizinonline.com\/pt-pt\/wp-json\/wp\/v2\/powerkit_post_featured?post=348119"}],"curies":[{"name":"wp","href":"https:\/\/api.w.org\/{rel}","templated":true}]}}